{"id":27057,"date":"2012-08-21T12:39:54","date_gmt":"2012-08-21T12:39:54","guid":{"rendered":"https:\/\/obscom.intervozes.org.br\/wordpress\/?p=27057"},"modified":"2014-09-07T03:02:49","modified_gmt":"2014-09-07T03:02:49","slug":"seminario-prioriza-12-politicas-de-comunicacao-para-o-df","status":"publish","type":"post","link":"https:\/\/obscom.intervozes.org.br\/?p=27057","title":{"rendered":"Semin\u00e1rio prioriza 12 pol\u00edticas de comunica\u00e7\u00e3o para o DF"},"content":{"rendered":"<p>Ap&oacute;s mais de um ano de articula&ccedil;&atilde;o entre sociedade e governo e tr&ecirc;s dias de intensos debates, o #ComunicaDF &ndash; 1&ordm; Semin&aacute;rio de Comunica&ccedil;&atilde;o do Distrito Federal &ndash; aprovou 24 propostas de pol&iacute;ticas p&uacute;blicas de comunica&ccedil;&atilde;o para o DF, sendo que 12 delas foram eleitas priorit&aacute;rias. O evento aconteceu nos dias 16, 17 e 18 de agosto na Escola Nacional de Administra&ccedil;&atilde;o P&uacute;blica (Enap), em Bras&iacute;lia, e foi organizado pela Secretaria de Comunica&ccedil;&atilde;o do Governo do Distrito Federal (GDF) em parceria com v&aacute;rias entidades da sociedade civil.<\/p>\n<p>Entre as propostas priorit&aacute;rias aprovadas no semin&aacute;rio est&atilde;o: cria&ccedil;&atilde;o do conselho de comunica&ccedil;&atilde;o que atue na elabora&ccedil;&atilde;o e no acompanhamento das pol&iacute;ticas p&uacute;blicas de comunica&ccedil;&atilde;o; cria&ccedil;&atilde;o de &oacute;rg&atilde;o p&uacute;blico de comunica&ccedil;&atilde;o para implantar a TV P&uacute;blica Distrital, um portal de Internet e incorporar e fortalecer a R&aacute;dio Cultura; cria&ccedil;&atilde;o de um fundo de apoio &agrave; comunica&ccedil;&atilde;o p&uacute;blica e popular do DF; a amplia&ccedil;&atilde;o da malha de rede pr&oacute;pria do GDF para apoiar os processos de universaliza&ccedil;&atilde;o do acesso &agrave; internet. <br \/><em><br \/><a href=\"http:\/\/localhost\/intervozes_direitoacomunicacao\/wordpress\/?p=18426\"><u>Confira aqui as 24 propostas aprovadas<\/u><\/a> <a href=\"http:\/\/localhost\/intervozes_direitoacomunicacao\/wordpress\/?p=18426\"> <\/a> <\/em><a href=\"http:\/\/localhost\/intervozes_direitoacomunicacao\/wordpress\/?p=18426\"><br \/><\/a> <br \/>Para Leonor Costa, diretora do Sindicato dos Jornalistas Profissionais do DF (SJPDF), o semin&aacute;rio contribuiu na medida em que p&ocirc;de acolher propostas dos segmentos ligados aos trabalhadores, movimentos populares, r&aacute;dios comunit&aacute;rias e grupos que lutam pela democratiza&ccedil;&atilde;o da comunica&ccedil;&atilde;o, pela igualdade racial e de g&ecirc;nero e contra a discrimina&ccedil;&atilde;o por orienta&ccedil;&atilde;o sexual.<\/p>\n<p>&ldquo;Uma pol&iacute;tica de estado para a comunica&ccedil;&atilde;o tem que levar em considera&ccedil;&atilde;o esses setores, uma vez que s&atilde;o os mais afetados pelos graves equ&iacute;vocos praticados pelos ve&iacute;culos de comunica&ccedil;&atilde;o comerciais. No semin&aacute;rio, tivemos a oportunidade de identificar os pontos negativos nos instrumentos de comunica&ccedil;&atilde;o que o GDF possui e apresentamos propostas, sob a &oacute;tica dos movimentos sociais, que possam corrigir as falhas, visando &agrave; melhoria na presta&ccedil;&atilde;o do servi&ccedil;o &agrave; popula&ccedil;&atilde;o&rdquo;, analisa Leonor Costa.&nbsp;&nbsp;&nbsp;&nbsp;&nbsp; &nbsp;<\/p>\n<p>J&aacute; para Marcos Urup&aacute;, integrante do Intervozes, a realiza&ccedil;&atilde;o de um semin&aacute;rio com essa proposta sinaliza o amadurecimento da democracia brasileira. &ldquo;Dentro do processo democr&aacute;tico, a quest&atilde;o espec&iacute;fica da democratiza&ccedil;&atilde;o da comunica&ccedil;&atilde;o est&aacute; sensibilizando os governos, o que at&eacute; pouco tempo atr&aacute;s n&atilde;o acontecia. Eu acho que o &aacute;pice disso se deu com o processo da Confecom, est&aacute; se dando com o debate sobre o marco regulat&oacute;rio, o pr&oacute;prio marco civil da internet&rdquo;, afirma Urup&aacute;. &ldquo;&Eacute; um sintoma de que a gente est&aacute; avan&ccedil;ando no debate dessa luta hist&oacute;rica, que &eacute; a de tornar a comunica&ccedil;&atilde;o relevante e um direito de todos&rdquo;, acrescenta o integrante do Intervozes.<\/p>\n<p><strong>Propostas priorit&aacute;rias<\/strong><\/p>\n<p>Das 12 propostas eleitas no #ComunicaDF como priorit&aacute;rias, o professor e pesquisador do Laborat&oacute;rio de Pol&iacute;ticas de Comunica&ccedil;&atilde;o da Universidade de Bras&iacute;lia (UnB) Murilo C&eacute;sar Ramos ainda destaca duas: a cria&ccedil;&atilde;o de estrura para implementar e fortalecer o sistema p&uacute;blico de comunica&ccedil;&atilde;o do DF e a cria&ccedil;&atilde;o do Conselho de Comunica&ccedil;&atilde;o do Distrito Federal.<\/p>\n<p>&ldquo;O Conselho &eacute; prioridade absoluta. Tudo come&ccedil;a por ele, e a sociedade precisa construir essa proposta junto com o governo. Examinar os outros modelos que existem, &eacute; fundamental. Esse conselho tem que ser aut&ocirc;nomo, ter recurso garantido, tem que ser representativo da sociedade, e tem que passar longe daquela loucura que &eacute; o Conselho de Comunica&ccedil;&atilde;o Social (CCS) do Congresso Nacional. Esse &eacute; o grande desafio&rdquo;, observa o professor Murilo Ramos.<\/p>\n<p>O professor tamb&eacute;m destaca a relev&acirc;ncia da proposta de cria&ccedil;&atilde;o de um sistema p&uacute;blico de comunica&ccedil;&atilde;o no DF, mas ressalta que esse sistema deve ter autonomia. &ldquo;N&atilde;o h&aacute; nenhuma refer&ecirc;ncia &agrave; autonomia aqui, mas &eacute; fundamental que isso fique claro. At&eacute; porque no semin&aacute;rio, na fala do Abimael Nunes (secret&aacute;rio de publicidade do GDF), ficou claro que eles n&atilde;o t&ecirc;m a m&iacute;nima inten&ccedil;&atilde;o de abrir m&atilde;o da R&aacute;dio Cultura enquanto instrumento de governo. A sociedade que tem que estar integrada na gest&atilde;o de um sistema p&uacute;blico aut&ocirc;nomo de r&aacute;dio, TV e portal,&nbsp; e esse sistema teria que estar num modelo aproximado ao da EBC, que n&atilde;o &eacute; perfeito, mas &eacute; o melhor que n&oacute;s temos hoje&rdquo;, acrescenta Murilo Ramos.<\/p>\n<p>O integrante do Intervozes tamb&eacute;m considera as duas propostas como as mais importantes dentre as 12 priorizadas no semin&aacute;rio, mas, especificamente sobre o Conselho, ele acredita que s&oacute; representar&aacute; um avan&ccedil;o se tiver car&aacute;ter deliberativo, o que ainda n&atilde;o ficou definido na proposta aprovada no #ComunicaDF. Marcos Urup&aacute; cita o exemplo do Conselho de Comunica&ccedil;&atilde;o da Bahia, que &eacute; consultivo e deliberativo, &ldquo;ou seja, &eacute; bem inovador, muito mais at&eacute; do que o pr&oacute;prio Conselho de Comunica&ccedil;&atilde;o Social (CCS) do Congresso Nacional, que &eacute; apenas consultivo&rdquo;. &ldquo;Se o nosso conselho for uma reprodu&ccedil;&atilde;o do CCS, apenas um espa&ccedil;o de consulta que n&atilde;o se sabe se essa consulta vai ser levada em considera&ccedil;&atilde;o ou n&atilde;o, a&iacute; eu n&atilde;o sei se significa mesmo um avan&ccedil;o pr&aacute;tico. Eu creio que o debate e a vontade pol&iacute;tica de implement&aacute;-lo realmente t&ecirc;m relev&acirc;ncia, mas depende tamb&eacute;m do pr&oacute;prio papel que o Conselho vai ter. E isso na verdade vai ser um segundo momento, em que a sociedade civil vai ter que entrar na disputa por este formato&rdquo;, opina o representante do Intervozes.<\/p>\n<p><strong>Pr&oacute;ximos passos<\/strong><\/p>\n<p>O secret&aacute;rio-chefe da Casa Civil do GDF, Swedenberger Barbosa, que esteve no encerramento do semin&aacute;rio representando o governador Agnelo Queiroz, destacou a import&acirc;ncia do evento para a formula&ccedil;&atilde;o de uma &ldquo;pol&iacute;tica p&uacute;blica de comunica&ccedil;&atilde;o que atinja a todos&rdquo;, mas ressaltou que este foi s&oacute; um primeiro passo. &ldquo;N&atilde;o estamos aqui apenas para a comemora&ccedil;&atilde;o do encerramento deste semin&aacute;rio. Entendemos este momento como uma etapa do processo para a efetiva&ccedil;&atilde;o de pol&iacute;ticas de comunica&ccedil;&atilde;o&rdquo;, declarou o secret&aacute;rio-chefe da casa Civil. &ldquo;Um semin&aacute;rio desses s&oacute; tem sentido se tiver efetividade para a sociedade. Se n&atilde;o &eacute; para o interesse p&uacute;blico, n&atilde;o tem sentido nenhum&rdquo;, acrescentou Barbosa. &nbsp;<\/p>\n<p>Para a diretora do Sindicato dos Jornalistas do DF, Leonor Costa, o desafio na luta por implementa&ccedil;&atilde;o de pol&iacute;ticas de comunica&ccedil;&atilde;o no DF n&atilde;o acabou no &uacute;ltimo s&aacute;bado (18), com o encerramento do semin&aacute;rio. &ldquo;Precisamos continuar a nossa atua&ccedil;&atilde;o para cobrar do governo o cumprimento de toda essa plataforma e para que esse semin&aacute;rio n&atilde;o tenha o mesmo resultado que a Confer&ecirc;ncia de Comunica&ccedil;&atilde;o, realizada em dezembro de 2009, em que infelizmente as propostas aprovadas n&atilde;o sa&iacute;ram do papel&quot;, refor&ccedil;a a jornalista. &nbsp;<\/p>\n<p>O professor Murilo Ramos manifesta posi&ccedil;&atilde;o semelhante: &ldquo;Eu chamo a aten&ccedil;&atilde;o de novo: a 1&ordf; Confecom mobilizou recursos p&uacute;blicos, mobilizou mais de duas mil pessoas, e n&atilde;o resultou em nada, n&atilde;o sobrou nada da Confecom. N&atilde;o sobrou sequer a vontade de fazer a segunda. Ent&atilde;o, o desafio da sociedade no DF agora &eacute; dar sequ&ecirc;ncia, manter a press&atilde;o, manter a mobiliza&ccedil;&atilde;o&rdquo;, opina o professor. <\/p>\n","protected":false},"excerpt":{"rendered":"<p>Semin&aacute;rio de Comunica&ccedil;&atilde;o do Distrito Federal aprova propostas para a cria&ccedil;&atilde;o do Conselho Distrital de Comunica&ccedil;&atilde;o Social, uma estrutura de comunica&ccedil;&atilde;o p&uacute;blica distrital. Desafio agora &eacute; a implementa&ccedil;&atilde;o das propostas.<\/p>\n","protected":false},"author":1,"featured_media":0,"comment_status":"open","ping_status":"open","sticky":false,"template":"","format":"standard","meta":{"footnotes":""},"categories":[40],"tags":[1298],"_links":{"self":[{"href":"https:\/\/obscom.intervozes.org.br\/index.php?rest_route=\/wp\/v2\/posts\/27057"}],"collection":[{"href":"https:\/\/obscom.intervozes.org.br\/index.php?rest_route=\/wp\/v2\/posts"}],"about":[{"href":"https:\/\/obscom.intervozes.org.br\/index.php?rest_route=\/wp\/v2\/types\/post"}],"author":[{"embeddable":true,"href":"https:\/\/obscom.intervozes.org.br\/index.php?rest_route=\/wp\/v2\/users\/1"}],"replies":[{"embeddable":true,"href":"https:\/\/obscom.intervozes.org.br\/index.php?rest_route=%2Fwp%2Fv2%2Fcomments&post=27057"}],"version-history":[{"count":1,"href":"https:\/\/obscom.intervozes.org.br\/index.php?rest_route=\/wp\/v2\/posts\/27057\/revisions"}],"predecessor-version":[{"id":28297,"href":"https:\/\/obscom.intervozes.org.br\/index.php?rest_route=\/wp\/v2\/posts\/27057\/revisions\/28297"}],"wp:attachment":[{"href":"https:\/\/obscom.intervozes.org.br\/index.php?rest_route=%2Fwp%2Fv2%2Fmedia&parent=27057"}],"wp:term":[{"taxonomy":"category","embeddable":true,"href":"https:\/\/obscom.intervozes.org.br\/index.php?rest_route=%2Fwp%2Fv2%2Fcategories&post=27057"},{"taxonomy":"post_tag","embeddable":true,"href":"https:\/\/obscom.intervozes.org.br\/index.php?rest_route=%2Fwp%2Fv2%2Ftags&post=27057"}],"curies":[{"name":"wp","href":"https:\/\/api.w.org\/{rel}","templated":true}]}}