{"id":27054,"date":"2012-08-15T15:18:10","date_gmt":"2012-08-15T15:18:10","guid":{"rendered":"https:\/\/obscom.intervozes.org.br\/wordpress\/?p=27054"},"modified":"2012-08-15T15:18:10","modified_gmt":"2012-08-15T15:18:10","slug":"seminario-propoe-a-construcao-de-politicas-de-comunicacao-no-df","status":"publish","type":"post","link":"https:\/\/obscom.intervozes.org.br\/?p=27054","title":{"rendered":"Semin\u00e1rio prop\u00f5e a constru\u00e7\u00e3o de pol\u00edticas de comunica\u00e7\u00e3o no DF"},"content":{"rendered":"<p>A partir desta quinta-feira (16), comunicadores, pesquisadores, militantes e a popula&ccedil;&atilde;o em geral estar&atilde;o reunidos para discutir e elaborar propostas de pol&iacute;ticas p&uacute;blicas de comunica&ccedil;&atilde;o no Semin&aacute;rio de Comunica&ccedil;&atilde;o do Distrito Federal &#8211; #ComunicaDF. O evento &eacute; uma parceria entre diversas entidades da sociedade civil e a Secretaria de Comunica&ccedil;&atilde;o (Secom) do Governo do Distrito Federal (GDF), que desde 2011 est&atilde;o reunidos na prepara&ccedil;&atilde;o do evento. <\/p>\n<p>Para G&eacute;sio Passos, representante do Coletivo Intervozes no Grupo de Trabalho que organiza o semin&aacute;rio, a cria&ccedil;&atilde;o deste espa&ccedil;o de di&aacute;logo &eacute; um pleito antigo da sociedade civil organizada que, desde novembro de 2010, antes do novo governo assumir, j&aacute; havia apresentado suas propostas para uma comunica&ccedil;&atilde;o democr&aacute;tica no DF. &ldquo;Ainda na transi&ccedil;&atilde;o do governo apresentamos um documento com 10 pontos para democratizar a comunica&ccedil;&atilde;o no DF e no in&iacute;cio de 2011 j&aacute; iniciamos a articula&ccedil;&atilde;o de um semin&aacute;rio com o GDF para discutir a implementa&ccedil;&atilde;o das pol&iacute;ticas&rdquo;, explica Passos.<\/p>\n<p>O representante do Intervozes lembra que estes 10 pontos foram constru&iacute;dos coletivamente pela sociedade civil, a partir do ac&uacute;mulo de debates e formula&ccedil;&otilde;es realizados em outros espa&ccedil;os. &ldquo;O processo da Confer&ecirc;ncia Distrital foi nossa principal fonte, pois l&aacute; houve um debate amplo acerca de pol&iacute;ticas locais de comunica&ccedil;&atilde;o para o DF realizado, inclusive, com a presen&ccedil;a de grupos empresariais do setor. &Eacute; bom que fique claro que, com este semin&aacute;rio, n&atilde;o estamos partindo do zero, o que ser&aacute; proposto j&aacute; vem de um longo processo de debate e formula&ccedil;&atilde;o&rdquo;, acrescenta G&eacute;sio Passos. <\/p>\n<p>A subsecret&aacute;ria de articula&ccedil;&atilde;o social e novas m&iacute;dias da Secom-GDF, D&eacute;bora Cruz, tamb&eacute;m refor&ccedil;a o car&aacute;ter coletivo do processo e destaca o ineditismo da a&ccedil;&atilde;o. &ldquo;O semin&aacute;rio #ComunicaDF &eacute; fruto de um debate que j&aacute; vem sendo feito pela sociedade, e de um debate que vinha sendo feito conosco tamb&eacute;m. Esse processo n&atilde;o come&ccedil;ou agora, n&oacute;s fomos procurados em abril do ano passado, bem no in&iacute;cio do governo, ent&atilde;o a gente j&aacute; vem plantando essas sementes pra colher os frutos depois&rdquo;, ressalta D&eacute;bora Cruz. <\/p>\n<p>&ldquo;Queremos ouvir o que este setor organizado tem a dizer. N&oacute;s, fazendo parte de um governo democr&aacute;tico, que quer abrir di&aacute;logo com v&aacute;rios setores da sociedade, achamos que com este setor que discute comunica&ccedil;&atilde;o tamb&eacute;m &eacute; importante&rdquo;, completa a subsecret&aacute;ria de articula&ccedil;&atilde;o social e novas m&iacute;dias. <\/p>\n<p><strong>Resultados esperados<br \/><\/strong><br \/>Para a coordenadora do Movimento Negro Unificado (MNU\/DF) e integrante da Comiss&atilde;o de Jornalistas pe&ccedil;a Igualdade Racial (Cojira-DF), Jacira da Silva, o semin&aacute;rio &eacute; um marco hist&oacute;rico para o Distrito Federal, porque se prop&otilde;e a ser espa&ccedil;o pol&iacute;tico e democr&aacute;tico para pensar a comunica&ccedil;&atilde;o no DF. Entretanto, ela lembra que &eacute; necess&aacute;rio que a democracia esteja em todos os momentos, inclusive ap&oacute;s o semin&aacute;rio, &ldquo;o que significa n&atilde;o deixar as propostas na gaveta, criar um plano de a&ccedil;&atilde;o de curto, m&eacute;dio e longo prazo para implementa&ccedil;&atilde;o das propostas&rdquo;, ressalta Jacira da Silva. &nbsp;<\/p>\n<p>&ldquo;Estamos com uma grande expectativa no sentido de que esse di&aacute;logo passe para a concretude das a&ccedil;&otilde;es, das propostas. Que haja de fato um compromisso do governo do Distrito Federal e da sociedade civil juntos para garantir essa pol&iacute;tica de comunica&ccedil;&atilde;o no DF. O Estado s&oacute; pode se tornar democr&aacute;tico, plural, diverso, se ouvir e atender as demandas da sociedade, se assumir um compromisso de fato de implementar essas nossas propostas que v&ecirc;m da nossa prepara&ccedil;&atilde;o e participa&ccedil;&atilde;o na Confer&ecirc;ncia de Comunica&ccedil;&atilde;o&rdquo;, complementa a coordenadora do MNU e integrante da Cojira-DF. <\/p>\n<p>De acordo com D&eacute;bora Cruz o GDF est&aacute; mobilizado em torno desse tema, n&atilde;o s&oacute; em rela&ccedil;&atilde;o &agrave; constru&ccedil;&atilde;o do semin&aacute;rio, mas &agrave; pr&oacute;pria implementa&ccedil;&atilde;o das pol&iacute;ticas. &ldquo;Pela primeira vez temos um governo no Distrito Federal que est&aacute; dando sinais claros de que &eacute; preciso implementar uma pol&iacute;tica de comunica&ccedil;&atilde;o de fato. As propostas que v&atilde;o ser entregues pela sociedade, que a gente vai tentar minimamente, num prazo de curto a m&eacute;dio, at&eacute; dezembro de 2014, implementar o m&aacute;ximo delas&rdquo;, declara a subsecret&aacute;ria. <\/p>\n<p>Entre as propostas a serem implementadas, ela destaca a instala&ccedil;&atilde;o do Conselho de Comunica&ccedil;&atilde;o Social do DF. &ldquo;Eu acho o semin&aacute;rio tem muitas propostas que podem ser acolhidas pelo governo. Acho que a gente est&aacute; caminhando para come&ccedil;ar a discutir um conselho de comunica&ccedil;&atilde;o de fato, para instalar esse conselho no DF&rdquo;, afirma D&eacute;bora Cruz. <\/p>\n<p><strong>Participa&ccedil;&atilde;o da sociedade<br \/><\/strong><br \/>O secret&aacute;rio-geral do Sindicato dos Jornalistas Profissionais do Distrito Federal (SJPDF), Jonas Valente, refor&ccedil;a que &eacute; preciso garantir ampla participa&ccedil;&atilde;o da sociedade para que o resultado do semin&aacute;rio realmente reflita as demandas da sociedade. &quot;Precisamos ir al&eacute;m, sindicatos, movimentos sociais, produtores audiovisuais, comunicadores populares, estudantes, professores e interessados no tema para que possamos produzir as propostas mais completas para democratizar as comunica&ccedil;&otilde;es no DF&quot;, lembra Valente. <\/p>\n<p>G&eacute;sio Passos aponta que propostas de cria&ccedil;&atilde;o de um TV p&uacute;blica distrital, de um fundo de fomento para comunica&ccedil;&atilde;o comunit&aacute;ria, de programas de universaliza&ccedil;&atilde;o da internet e da cria&ccedil;&atilde;o do Conselho Distrital de Comunica&ccedil;&atilde;o ser&atilde;o apresentadas pela entidades como prioridades para implementa&ccedil;&atilde;o. &ldquo;Que o governo Distrito Federal compreenda que a comunica&ccedil;&atilde;o &eacute; um direito humano e que o semin&aacute;rio reflita isso nos seus encaminhamentos finais&rdquo;, acrescenta o representante do Intervozes.<\/p>\n<p>As inscri&ccedil;&otilde;es para o ComunicaDF podem ser realizadas no local do evento, resguardado o limite f&iacute;sico do espa&ccedil;o. Mais informa&ccedil;&otilde;es no site www.comunica.df.gov.br .<\/p>\n","protected":false},"excerpt":{"rendered":"<p>Evento organizado por entidades da sociedade civil e pelo Governo do Distrito Federal busca a formula&ccedil;&atilde;o de propostas de pol&iacute;ticas de comunica&ccedil;&atilde;o na capital do pa&iacute;s. <\/p>\n","protected":false},"author":1,"featured_media":0,"comment_status":"open","ping_status":"open","sticky":false,"template":"","format":"standard","meta":{"footnotes":""},"categories":[40],"tags":[1298],"_links":{"self":[{"href":"https:\/\/obscom.intervozes.org.br\/index.php?rest_route=\/wp\/v2\/posts\/27054"}],"collection":[{"href":"https:\/\/obscom.intervozes.org.br\/index.php?rest_route=\/wp\/v2\/posts"}],"about":[{"href":"https:\/\/obscom.intervozes.org.br\/index.php?rest_route=\/wp\/v2\/types\/post"}],"author":[{"embeddable":true,"href":"https:\/\/obscom.intervozes.org.br\/index.php?rest_route=\/wp\/v2\/users\/1"}],"replies":[{"embeddable":true,"href":"https:\/\/obscom.intervozes.org.br\/index.php?rest_route=%2Fwp%2Fv2%2Fcomments&post=27054"}],"version-history":[{"count":0,"href":"https:\/\/obscom.intervozes.org.br\/index.php?rest_route=\/wp\/v2\/posts\/27054\/revisions"}],"wp:attachment":[{"href":"https:\/\/obscom.intervozes.org.br\/index.php?rest_route=%2Fwp%2Fv2%2Fmedia&parent=27054"}],"wp:term":[{"taxonomy":"category","embeddable":true,"href":"https:\/\/obscom.intervozes.org.br\/index.php?rest_route=%2Fwp%2Fv2%2Fcategories&post=27054"},{"taxonomy":"post_tag","embeddable":true,"href":"https:\/\/obscom.intervozes.org.br\/index.php?rest_route=%2Fwp%2Fv2%2Ftags&post=27054"}],"curies":[{"name":"wp","href":"https:\/\/api.w.org\/{rel}","templated":true}]}}