{"id":27053,"date":"2012-08-13T16:46:21","date_gmt":"2012-08-13T16:46:21","guid":{"rendered":"https:\/\/obscom.intervozes.org.br\/wordpress\/?p=27053"},"modified":"2012-08-13T16:46:21","modified_gmt":"2012-08-13T16:46:21","slug":"conselho-de-comunicacao-do-rs-estara-ativo-em-2013-diz-tarso-genro","status":"publish","type":"post","link":"https:\/\/obscom.intervozes.org.br\/?p=27053","title":{"rendered":"Conselho de Comunica\u00e7\u00e3o do RS estar\u00e1 ativo em 2013, diz Tarso Genro"},"content":{"rendered":"<p>O governador do Rio Grande do Sul, Tarso Genro (PT) falou, em coletiva de imprensa a blogueiros ga&uacute;chos nesta sexta-feira (3), que poder&aacute; enviar com regime de urg&ecirc;ncia a proposta de cria&ccedil;&atilde;o do Conselho Estadual de Comunica&ccedil;&atilde;o. O texto poder&aacute; sofrer acr&eacute;scimos at&eacute; o envio ao Legislativo estadual. A inten&ccedil;&atilde;o &eacute; abrir consulta p&uacute;blica pela internet na pr&oacute;xima semana e ter um consenso sobre a proposta at&eacute; novembro deste ano. &ldquo;Dependendo do grau de consenso que obtivermos no processo consultivo vamos mandar com regime de urg&ecirc;ncia. Se sentirmos que v&atilde;o trancar o processo, mandaremos em regime de urg&ecirc;ncia ou em regime ordin&aacute;rio de vota&ccedil;&atilde;o. Queremos ter o Conselho funcionando em 2013&rdquo;, falou o governador. A fala de Tarso estava ligada &agrave;s atividades da segunda edi&ccedil;&atilde;o do 2&ordm; Encontro dos Blogueiros do RS, que vai at&eacute; o s&aacute;bado (4).<\/p>\n<p>Segundo Tarso, os deputados da base aliada est&atilde;o orientados a realizar debates na Assembleia Legislativa ga&uacute;cha desde agora para preparar o ambiente de vota&ccedil;&atilde;o. &rdquo;N&atilde;o temos pressa. Queremos discutir bem essa quest&atilde;o para n&atilde;o cair na vis&atilde;o ignorante de achar que o Conselho tem a ver com censura ou controle da m&iacute;dia&rdquo;, falou o governador.<\/p>\n<p>O texto base do projeto de lei, formulado pelas entidades que discutiram o assunto no Conselho de Desenvolvimento Econ&ocirc;mico e Social (CDES), est&aacute; no site do governo estadual. Tarso Genro imagina que a sociedade est&aacute; preparada para o debate sobre o &oacute;rg&atilde;o de comunica&ccedil;&atilde;o e a proposta n&atilde;o sofrer&aacute; ataques incendi&aacute;rios. &ldquo;&Eacute; infinitamente superior a nossa qualidade de di&aacute;logo do ocorrido no governo federal quando apresentada a proposta nacional. H&aacute; posi&ccedil;&otilde;es contr&aacute;rias, que est&atilde;o balizadas na vis&atilde;o equivocada sobre a fun&ccedil;&atilde;o do Conselho. N&oacute;s vamos continuar explicando e acredito que termos um debate sadio no estado&rdquo;, disse.<\/p>\n<p>Se conseguir efetivar a aprova&ccedil;&atilde;o do projeto de lei na Assembleia, o Rio Grande do Sul ser&aacute; o segundo estado a possuir um &oacute;rg&atilde;o para discuss&atilde;o da democratiza&ccedil;&atilde;o da comunica&ccedil;&atilde;o no pa&iacute;s. Apenas o estado da Bahia possui legisla&ccedil;&atilde;o sobre o tema.<\/p>\n<p>&ldquo;O Conselho existir&aacute; por lei, mas como ele ir&aacute; funcionar e a sua perdura&ccedil;&atilde;o depender&aacute; de como ser&aacute; aplicado. &Eacute; uma quest&atilde;o essencialmente pol&iacute;tica. N&oacute;s queremos deixar ao final do nosso governo um Conselho da sociedade civil forte que crie rela&ccedil;&otilde;es com a sociedade de refer&ecirc;ncia de autoridade, que n&atilde;o sucumba&rdquo;, defendeu o governador.<\/p>\n<p><strong>&ldquo;Governo deve ser minoria no Conselho&rdquo;, defende Tarso <\/strong><\/p>\n<p>O Conselho&nbsp; Estadual de Comunica&ccedil;&atilde;o ga&uacute;cho dever&aacute; ser uma inst&acirc;ncia p&uacute;blica de car&aacute;ter independente, integrada por representantes da sociedade civil, entidades p&uacute;blicas e privadas, com atua&ccedil;&atilde;o volunt&aacute;ria e n&atilde;o remunerada. O governador Tarso Genro defendeu que a participa&ccedil;&atilde;o do Executivo estadual deve ser minorit&aacute;ria e pode n&atilde;o ter poder de voto dentro do Conselho. &ldquo;Assim como o Conselho n&atilde;o ter&aacute; poder de modificar o nosso programa de governo, n&oacute;s poderemos ter o poder de modificar o que for proposto por ele. Eles podem consolidar propostas a revelia do que pensa o governo&rdquo;, afirmou.<\/p>\n<p>O objetivo de sua cria&ccedil;&atilde;o &eacute; o de promover debates sobre o papel da comunica&ccedil;&atilde;o e agir em defesa dos interesses da sociedade por meio de pol&iacute;ticas p&uacute;blicas voltadas ao setor, visando a sua democratiza&ccedil;&atilde;o. O Conselho tamb&eacute;m ter&aacute; o papel de fazer valer os princ&iacute;pios constitucionais da liberdade de express&atilde;o, livre opini&atilde;o, liberdade de imprensa, direito &agrave; informa&ccedil;&atilde;o, e n&atilde;o interven&ccedil;&atilde;o em linhas editoriais e conte&uacute;dos jornal&iacute;sticos de empresas de comunica&ccedil;&atilde;o.<\/p>\n<p>Na entrevista com blogueiros foi sugerida a inclus&atilde;o racial como prioridade do debate sobre democratiza&ccedil;&atilde;o da m&iacute;dia. Tarso Genro se posicionou favor&aacute;vel a cria&ccedil;&atilde;o de cotas raciais no Conselho de Comunica&ccedil;&atilde;o. &ldquo;Quando propusemos pol&iacute;tica de cotas no Prouni virou esc&acirc;ndalo mundial. Mas a pol&iacute;tica dobrou o ingresso de afrodescendentes nas universidades privadas. &Eacute; uma pol&iacute;tica que se justifica, na minha opini&atilde;o&rdquo;, argumentou.<\/p>\n<p>Tarso Genro fez quest&atilde;o de expor opini&otilde;es sobre a comunica&ccedil;&atilde;o na blogosfera e valorizar os representantes de &ldquo;uma cadeia de formadores de opini&atilde;o livre&rdquo;. O governador disse que o conflito da democracia entre a gera&ccedil;&atilde;o de conte&uacute;do pelos grandes ve&iacute;culos de comunica&ccedil;&atilde;o e o poder de contraposi&ccedil;&atilde;o dos meios alternativos est&aacute; apenas no come&ccedil;o. &ldquo;Se n&atilde;o tivesse esta rede de informa&ccedil;&otilde;es alternativas eu n&atilde;o duvido que o governo Lula n&atilde;o tivesse sido inviabilizado, tanto &agrave; relei&ccedil;&atilde;o como um impeachment. N&atilde;o &eacute; golpe militar, s&atilde;o as novas formas de desconstituir a democracia. Este &eacute; o debate que estamos abrindo: como se forma a opini&atilde;o p&uacute;blica livre. Este debate n&atilde;o podemos evitar, n&atilde;o quer dizer rejei&ccedil;&atilde;o as cadeias de comunica&ccedil;&atilde;o monopolizada&rdquo;, afirmou.<\/p>\n","protected":false},"excerpt":{"rendered":"<p>O governador do Rio Grande do Sul, Tarso Genro (PT) falou, em coletiva de imprensa a blogueiros ga&uacute;chos nesta sexta-feira (3), que poder&aacute; enviar com regime de urg&ecirc;ncia a proposta de cria&ccedil;&atilde;o do Conselho Estadual de Comunica&ccedil;&atilde;o. O texto poder&aacute; sofrer acr&eacute;scimos at&eacute; o envio ao Legislativo estadual. A inten&ccedil;&atilde;o &eacute; abrir consulta p&uacute;blica pela &hellip; <a href=\"https:\/\/obscom.intervozes.org.br\/?p=27053\" class=\"more-link\">Continue lendo <span class=\"screen-reader-text\">Conselho de Comunica\u00e7\u00e3o do RS estar\u00e1 ativo em 2013, diz Tarso Genro<\/span> <span class=\"meta-nav\">&rarr;<\/span><\/a><\/p>\n","protected":false},"author":1,"featured_media":0,"comment_status":"open","ping_status":"open","sticky":false,"template":"","format":"standard","meta":{"footnotes":""},"categories":[40],"tags":[419],"_links":{"self":[{"href":"https:\/\/obscom.intervozes.org.br\/index.php?rest_route=\/wp\/v2\/posts\/27053"}],"collection":[{"href":"https:\/\/obscom.intervozes.org.br\/index.php?rest_route=\/wp\/v2\/posts"}],"about":[{"href":"https:\/\/obscom.intervozes.org.br\/index.php?rest_route=\/wp\/v2\/types\/post"}],"author":[{"embeddable":true,"href":"https:\/\/obscom.intervozes.org.br\/index.php?rest_route=\/wp\/v2\/users\/1"}],"replies":[{"embeddable":true,"href":"https:\/\/obscom.intervozes.org.br\/index.php?rest_route=%2Fwp%2Fv2%2Fcomments&post=27053"}],"version-history":[{"count":0,"href":"https:\/\/obscom.intervozes.org.br\/index.php?rest_route=\/wp\/v2\/posts\/27053\/revisions"}],"wp:attachment":[{"href":"https:\/\/obscom.intervozes.org.br\/index.php?rest_route=%2Fwp%2Fv2%2Fmedia&parent=27053"}],"wp:term":[{"taxonomy":"category","embeddable":true,"href":"https:\/\/obscom.intervozes.org.br\/index.php?rest_route=%2Fwp%2Fv2%2Fcategories&post=27053"},{"taxonomy":"post_tag","embeddable":true,"href":"https:\/\/obscom.intervozes.org.br\/index.php?rest_route=%2Fwp%2Fv2%2Ftags&post=27053"}],"curies":[{"name":"wp","href":"https:\/\/api.w.org\/{rel}","templated":true}]}}