{"id":27050,"date":"2012-08-13T16:19:39","date_gmt":"2012-08-13T16:19:39","guid":{"rendered":"https:\/\/obscom.intervozes.org.br\/wordpress\/?p=27050"},"modified":"2012-08-13T16:19:39","modified_gmt":"2012-08-13T16:19:39","slug":"consea-regulamentacao-da-publicidade-infantil-pode-conter-avanco-da-obesidade","status":"publish","type":"post","link":"https:\/\/obscom.intervozes.org.br\/?p=27050","title":{"rendered":"Consea: regulamenta\u00e7\u00e3o da publicidade infantil pode conter avan\u00e7o da obesidade"},"content":{"rendered":"<p>A conselheira Elizabetta Recine, do Conselho Nacional de Seguran&ccedil;a Alimentar e Nutricional (Consea), afirmou nesta quinta-feira (9) que o aumento de brasileiros com excesso de peso e obesos aponta para a necessidade urgente de regulamenta&ccedil;&atilde;o da publicidade infantil.<\/p>\n<p>&quot;At&eacute; os 12 anos de idade, as crian&ccedil;as n&atilde;o t&ecirc;m capacidade de separar o que &eacute; programa&ccedil;&atilde;o do que &eacute; publicidade. Consequentemente, a crian&ccedil;a n&atilde;o tem capacidade de julgar o que &eacute; uma informa&ccedil;&atilde;o verdadeira do que &eacute; apelo ao consumo&rdquo;, disse a conselheira, ao participar na C&acirc;mara do 1&ordm; Semin&aacute;rio Inf&acirc;ncia Livre de Consumismo.<\/p>\n<p>Dados do Instituto Brasileiro de Geografia e Estat&iacute;stica (IBGE) mostram que, em todas as regi&otilde;es do Pa&iacute;s, em todas as faixas et&aacute;rias e em todas as faixas de renda houve aumento cont&iacute;nuo e substancial do percentual de pessoas com excesso de peso e obesas nos &uacute;ltimos anos.<\/p>\n<p>O sobrepeso atinge mais de 30% das crian&ccedil;as entre 5 e 9 anos de idade e cerca de 20% de crian&ccedil;as e jovens entre 10 e 19 anos.<\/p>\n<p>Segundo dados divulgados na audi&ecirc;ncia, a crian&ccedil;a brasileira tamb&eacute;m &eacute; a que mais fica tempo na frente da televis&atilde;o, uma m&eacute;dia de cinco horas di&aacute;rias.<\/p>\n<p><strong>Alimenta&ccedil;&atilde;o saud&aacute;vel<br \/><\/strong><br \/>O vice-presidente executivo da Associa&ccedil;&atilde;o Brasileira de Anunciantes, Rafael Sampaio, afirmou que a publicidade precisa ser usada para estimular h&aacute;bitos alimentares saud&aacute;veis nas crian&ccedil;as, como foi feito recentemente nos Estados Unidos.<\/p>\n<p>&quot;A associa&ccedil;&atilde;o dos plantadores de cenourinhas contratou uma das melhores ag&ecirc;ncias americanas, que fez uma campanha e colocou a cenourinha em vending machines, em embalagens iguais a batatinhas. Foi um sucesso extraordin&aacute;rio&rdquo;, disse Sampaio.<\/p>\n<p>A coordenadora da Frente Parlamentar Mista de Direitos Humanos da Crian&ccedil;a e do Adolescente, deputada Erika Kokay (PT-DF), disse que regulamentar a publicidade direcionada &agrave;s crian&ccedil;as &eacute; cumprir o que diz a Constitui&ccedil;&atilde;o Federal, que assegura a elas prote&ccedil;&atilde;o integral. &ldquo;[Crian&ccedil;as e adolescentes] s&atilde;o sujeitos de direitos, n&atilde;o s&atilde;o coisas para serem entregues em bandejas para um mercado consumista&rdquo;.<\/p>\n<p>O debate desta quinta-feira foi promovido pela Comiss&atilde;o de Direitos Humanos e Minorias.<\/p>\n","protected":false},"excerpt":{"rendered":"<p>A conselheira Elizabetta Recine, do Conselho Nacional de Seguran&ccedil;a Alimentar e Nutricional (Consea), afirmou nesta quinta-feira (9) que o aumento de brasileiros com excesso de peso e obesos aponta para a necessidade urgente de regulamenta&ccedil;&atilde;o da publicidade infantil. &quot;At&eacute; os 12 anos de idade, as crian&ccedil;as n&atilde;o t&ecirc;m capacidade de separar o que &eacute; programa&ccedil;&atilde;o &hellip; <a href=\"https:\/\/obscom.intervozes.org.br\/?p=27050\" class=\"more-link\">Continue lendo <span class=\"screen-reader-text\">Consea: regulamenta\u00e7\u00e3o da publicidade infantil pode conter avan\u00e7o da obesidade<\/span> <span class=\"meta-nav\">&rarr;<\/span><\/a><\/p>\n","protected":false},"author":1,"featured_media":0,"comment_status":"open","ping_status":"open","sticky":false,"template":"","format":"standard","meta":{"footnotes":""},"categories":[40],"tags":[1708],"_links":{"self":[{"href":"https:\/\/obscom.intervozes.org.br\/index.php?rest_route=\/wp\/v2\/posts\/27050"}],"collection":[{"href":"https:\/\/obscom.intervozes.org.br\/index.php?rest_route=\/wp\/v2\/posts"}],"about":[{"href":"https:\/\/obscom.intervozes.org.br\/index.php?rest_route=\/wp\/v2\/types\/post"}],"author":[{"embeddable":true,"href":"https:\/\/obscom.intervozes.org.br\/index.php?rest_route=\/wp\/v2\/users\/1"}],"replies":[{"embeddable":true,"href":"https:\/\/obscom.intervozes.org.br\/index.php?rest_route=%2Fwp%2Fv2%2Fcomments&post=27050"}],"version-history":[{"count":0,"href":"https:\/\/obscom.intervozes.org.br\/index.php?rest_route=\/wp\/v2\/posts\/27050\/revisions"}],"wp:attachment":[{"href":"https:\/\/obscom.intervozes.org.br\/index.php?rest_route=%2Fwp%2Fv2%2Fmedia&parent=27050"}],"wp:term":[{"taxonomy":"category","embeddable":true,"href":"https:\/\/obscom.intervozes.org.br\/index.php?rest_route=%2Fwp%2Fv2%2Fcategories&post=27050"},{"taxonomy":"post_tag","embeddable":true,"href":"https:\/\/obscom.intervozes.org.br\/index.php?rest_route=%2Fwp%2Fv2%2Ftags&post=27050"}],"curies":[{"name":"wp","href":"https:\/\/api.w.org\/{rel}","templated":true}]}}