{"id":27048,"date":"2012-08-13T15:15:30","date_gmt":"2012-08-13T15:15:30","guid":{"rendered":"https:\/\/obscom.intervozes.org.br\/wordpress\/?p=27048"},"modified":"2012-08-13T15:15:30","modified_gmt":"2012-08-13T15:15:30","slug":"conselho-de-comunicacao-pode-ser-contra-regulacao-democratica","status":"publish","type":"post","link":"https:\/\/obscom.intervozes.org.br\/?p=27048","title":{"rendered":"Conselho de Comunica\u00e7\u00e3o pode ser contra regula\u00e7\u00e3o democr\u00e1tica"},"content":{"rendered":"<p>Com a reinstala&ccedil;&atilde;o do Conselho de Comunica&ccedil;&atilde;o Social (CCS) no &uacute;ltimo dia 8 de agosto, os debates para renova&ccedil;&atilde;o do marco regulat&oacute;rio das comunica&ccedil;&otilde;es no Brasil podem passar a ser protagonizados pelo Congresso Nacional. Constitu&iacute;do como &oacute;rg&atilde;o auxiliar do Congresso, o CCS conta com 26 membros, divididos entre titulares e suplentes, e tem como finalidade realizar estudos, pareceres, recomenda&ccedil;&otilde;es e outras solicita&ccedil;&otilde;es do Congresso Nacional no que diz respeito &agrave; regula&ccedil;&atilde;o dos meios de comunica&ccedil;&atilde;o do pa&iacute;s. Depois de seis anos parado, o CCS retorna sem contrariar as entidades empresariais que se retiraram da I Confer&ecirc;ncia Nacional de Comunica&ccedil;&atilde;o (Confecom).<\/p>\n<p>Apesar de falar pouco na posse, as reais pretens&otilde;es do presidente do Senado, Jos&eacute; Sarney (PMDB), ficaram expostas no pronunciamento de Fernando Mesquita, vice-presidente do CCS e atual secret&aacute;rio de comunica&ccedil;&atilde;o do Senado, ao jornal Estado de S&atilde;o Paulo no &uacute;ltimo dia 10 de agosto: &ldquo;Queremos evitar todos os tipos de restri&ccedil;&atilde;o &agrave; liberdade de imprensa,vamos parar com essa coisa de marco regulat&oacute;rio da m&iacute;dia&rdquo;, declarou Mesquita, que &eacute; atualmente o Secret&aacute;rio de Comunica&ccedil;&atilde;o do Senado e foi porta-voz de Jos&eacute; Sarney quando ele era presidente da Rep&uacute;blica.<\/p>\n<p>A declara&ccedil;&atilde;o de Mesquita vai contra a sinaliza&ccedil;&atilde;o do Executivo de abrir uma consulta p&uacute;blica para o novo marco regulat&oacute;rio das comunica&ccedil;&otilde;es, prevista para ap&oacute;s as elei&ccedil;&otilde;es municipais. O presidente da C&acirc;mara dos Deputados, Marco Maia (PT-RS), mencionado por Sarney como seu &ldquo;bra&ccedil;o direito&rdquo; na renova&ccedil;&atilde;o do CCS, defendeu a nova composi&ccedil;&atilde;o e afirmou que temas como agilidade nas concess&otilde;es de r&aacute;dio e televis&atilde;o, e regula&ccedil;&atilde;o da propaganda devem ser discutidos pelo CCS. Maia tamb&eacute;m destacou que o Conselho pode contribuir para que &ldquo;o novo marco regulat&oacute;rio seja o mais democr&aacute;tico poss&iacute;vel&rdquo;.<\/p>\n<p>J&aacute; o representante das empresas de r&aacute;dio no Conselho, Walter Ceneviva, relevou a poss&iacute;vel estrat&eacute;gia montada para tocar o marco regulat&oacute;rio e disse que o Conselho deve se ater &agrave;s discuss&otilde;es em pauta no Congresso. &ldquo;As discuss&otilde;es do Poder Executivo ser&atilde;o importantes, mas quem pauta o nosso trabalho &eacute; o Congresso. Se no Congresso houver a discuss&atilde;o do marco regulat&oacute;rio, sim, caber&aacute; ao Conselho de comunica&ccedil;&atilde;o discutir. O marco regulat&oacute;rio das comunica&ccedil;&otilde;es &eacute; prometido h&aacute; 50 anos. Se agora, afinal, ele vier, ser&aacute; objeto de aten&ccedil;&atilde;o do Conselho&rdquo;, afirma Ceneviva.<\/p>\n<p>Para o presidente da Federa&ccedil;&atilde;o Nacional dos Jornalistas (Fenaj), Celso Schr&ouml;der, a reinstala&ccedil;&atilde;o do Conselho ocorre num momento muito oportuno &ldquo;em que precisamos discutir rapidamente e eficientemente o destino da radiodifus&atilde;o brasileira: a rela&ccedil;&atilde;o com as novas tecnologias, a entrada de novos agentes no mercado, como as empresas de telecomunica&ccedil;&otilde;es. O Conselho pode fazer esse debate de uma maneira muito eficiente, permitindo que a nova legisla&ccedil;&atilde;o garanta a fortaleza da radiodifus&atilde;o brasileira e seja debatida a partir de interesses p&uacute;blicos&rdquo;, afirma Schr&ouml;der.<\/p>\n<p>O ex-ministro da Cultura do governo Lula, Juca Ferreira, ocupa a vaga de suplente da sociedade civil no Conselho. Durante a posse, ao ser lembrado sobre o projeto da Ag&ecirc;ncia Nacional de Cinema e Audiovisual (Ancinav), abortado ap&oacute;s forte ofensiva empresarial no primeiro governo Lula, Juca declarou que os conselhos &ldquo;enriquecem&rdquo;, mas n&atilde;o &ldquo;concorrem&rdquo; com a agenda institucional: &ldquo;&Eacute; um espa&ccedil;o de negocia&ccedil;&atilde;o que possibilita harmonizar as diferen&ccedil;as&rdquo;. Sobre as limita&ccedil;&otilde;es do Conselho em tratar o ambiente de converg&ecirc;ncia tecnol&oacute;gica, Ferreira espera que a institucionalidade se abra para experi&ecirc;ncia de outros pa&iacute;ses que fazem mudan&ccedil;as constantes no setor: &ldquo;O Brasil deveria se sensibilizar, e n&atilde;o ver [as novas tecnologias] como inimigas&rdquo;.<\/p>\n<p><strong>Cr&iacute;ticas &agrave; composi&ccedil;&atilde;o<\/strong><\/p>\n<p>A deputada Luiza Erundina (PSB-SP) defende desde 2006 a reativa&ccedil;&atilde;o do CCS, todavia, criticou incisivamente a forma como essa nova gest&atilde;o foi constitu&iacute;da. &ldquo;Foi aprovada em absoluta clandestinidade, sem nenhum di&aacute;logo com a sociedade, sem nenhuma consulta &agrave;s organiza&ccedil;&otilde;es da sociedade civil que militam no setor e que constroem um modo de pensar a pol&iacute;tica de comunica&ccedil;&atilde;o social no Pa&iacute;s&rdquo;, declarou a deputada em discurso proferido no Plen&aacute;rio da C&acirc;mara na mesma hora em que estava ocorrendo a posse do CCS, que para ela &ldquo;foi s&oacute; para amigos do rei&rdquo;.<\/p>\n<p>Ela tamb&eacute;m lembra que foram rejeitadas a indica&ccedil;&otilde;es da sociedade civil encaminhadas em fevereiro deste ano pela Frente Parlamentar pela Liberdade de Express&atilde;o e o Direito &agrave; Comunica&ccedil;&atilde;o com Participa&ccedil;&atilde;o Popular, da qual ela &eacute; coordenadora e que conta com a participa&ccedil;&atilde;o de mais de 180 Parlamentares e 100 entidades da sociedade civil. No mesmo tom de Erundina, o F&oacute;rum Nacional pela Democratiza&ccedil;&atilde;o da Comunica&ccedil;&atilde;o (FNDC) tamb&eacute;m recha&ccedil;ou o processo de indica&ccedil;&atilde;o, que considerou &ldquo;arbitr&aacute;rio&rdquo;.<\/p>\n<p>J&aacute; o deputado Marco Maia (PT-RS), presidente da C&acirc;mara, elogiou a diversidade da composi&ccedil;&atilde;o do Conselho. &ldquo;Na minha avalia&ccedil;&atilde;o a composi&ccedil;&atilde;o do Conselho ficou equilibrada, ficou de acordo com aquilo que era bom para o Brasil, bom para o Conselho e bom para o Congresso Nacional&rdquo;, afirma. &ldquo;Todas as entidades n&oacute;s consultamos, os parlamentares, e procuramos escolher membros da sociedade civil que tivessem v&iacute;nculo com o tema, que conhecessem o assunto e que pudessem representar, n&atilde;o de forma ideol&oacute;gica, mas de forma concreta os interesses maiores da sociedade civil organizada no nosso pa&iacute;s&rdquo;, completa o presidente da C&acirc;mara.<\/p>\n<p>O presidente da Federa&ccedil;&atilde;o Nacional dos Jornalistas (Fenaj), Celso Schr&ouml;der, tamb&eacute;m defende a composi&ccedil;&atilde;o do CCS, embora identifique como uma distor&ccedil;&atilde;o a aus&ecirc;ncia do Conselho Federal de Psicologia (CFP). &ldquo;Essa composi&ccedil;&atilde;o est&aacute; prevista na lei. O problema da composi&ccedil;&atilde;o anterior &eacute; que a parte da sociedade civil havia sido tomada completamente pelos interesses empresariais. Acho que a composi&ccedil;&atilde;o deste conselho, em que pese algumas distor&ccedil;&otilde;es que poder&iacute;amos pontuar, me parece que possibilita um debate num equil&iacute;brio maior e melhor que o Conselho anterior. O que nos interessava era defender a sua exist&ecirc;ncia, &eacute; consagrar a sua volta&rdquo;, afirma.<\/p>\n<p>Apesar de previsto na Constitui&ccedil;&atilde;o Federal e regulamentado em 1991, o CCS s&oacute; foi instalado em 2002, e teve apenas duas composi&ccedil;&otilde;es entre 2002 e 2006. O CCS deve se reunir, de forma ordin&aacute;ria, na primeira segunda-feira de cada m&ecirc;s, e j&aacute; tem novo encontro marcado no dia 03 setembro pelo presidente eleito por unanimidade, Dom Orani Jo&atilde;o Tempesta, arcebispo do Rio de Janeiro, e membro da Confer&ecirc;ncia Nacional dos Bispos do Brasil (CNBB). <br \/><em><br \/>Com a colabora&ccedil;&atilde;o de Pedro Carib&eacute;<\/em><\/p>\n","protected":false},"excerpt":{"rendered":"<p>Novos membros do Conselho de Comunica&ccedil;&atilde;o Social apontam vis&otilde;es diferentes sobre o papel do &oacute;rg&atilde;o auxiliar do Senado nas discuss&otilde;es sobre um novo marco regulat&oacute;rio da m&iacute;dia.<\/p>\n","protected":false},"author":1,"featured_media":0,"comment_status":"open","ping_status":"open","sticky":false,"template":"","format":"standard","meta":{"footnotes":""},"categories":[40],"tags":[90],"_links":{"self":[{"href":"https:\/\/obscom.intervozes.org.br\/index.php?rest_route=\/wp\/v2\/posts\/27048"}],"collection":[{"href":"https:\/\/obscom.intervozes.org.br\/index.php?rest_route=\/wp\/v2\/posts"}],"about":[{"href":"https:\/\/obscom.intervozes.org.br\/index.php?rest_route=\/wp\/v2\/types\/post"}],"author":[{"embeddable":true,"href":"https:\/\/obscom.intervozes.org.br\/index.php?rest_route=\/wp\/v2\/users\/1"}],"replies":[{"embeddable":true,"href":"https:\/\/obscom.intervozes.org.br\/index.php?rest_route=%2Fwp%2Fv2%2Fcomments&post=27048"}],"version-history":[{"count":0,"href":"https:\/\/obscom.intervozes.org.br\/index.php?rest_route=\/wp\/v2\/posts\/27048\/revisions"}],"wp:attachment":[{"href":"https:\/\/obscom.intervozes.org.br\/index.php?rest_route=%2Fwp%2Fv2%2Fmedia&parent=27048"}],"wp:term":[{"taxonomy":"category","embeddable":true,"href":"https:\/\/obscom.intervozes.org.br\/index.php?rest_route=%2Fwp%2Fv2%2Fcategories&post=27048"},{"taxonomy":"post_tag","embeddable":true,"href":"https:\/\/obscom.intervozes.org.br\/index.php?rest_route=%2Fwp%2Fv2%2Ftags&post=27048"}],"curies":[{"name":"wp","href":"https:\/\/api.w.org\/{rel}","templated":true}]}}