{"id":27039,"date":"2012-08-09T13:12:33","date_gmt":"2012-08-09T13:12:33","guid":{"rendered":"https:\/\/obscom.intervozes.org.br\/wordpress\/?p=27039"},"modified":"2012-08-09T13:12:33","modified_gmt":"2012-08-09T13:12:33","slug":"para-driblar-queda-no-uso-de-orelhoes-anatel-discute-mudancas-no-pagamento-de-ligacoes","status":"publish","type":"post","link":"https:\/\/obscom.intervozes.org.br\/?p=27039","title":{"rendered":"Para driblar queda no uso de orelh\u00f5es, Anatel discute mudan\u00e7as no pagamento de liga\u00e7\u00f5es"},"content":{"rendered":"<p>Nos &uacute;ltimos tr&ecirc;s anos, o consumo de cr&eacute;ditos em orelh&otilde;es caiu de quase 600 milh&otilde;es para cerca de 100 milh&otilde;es de cr&eacute;ditos por m&ecirc;s em liga&ccedil;&otilde;es locais e de longa dist&acirc;ncia nacional. A redu&ccedil;&atilde;o no uso de telefones p&uacute;blicos no pa&iacute;s fez com que a Ag&ecirc;ncia Nacional de Telecomunica&ccedil;&otilde;es (Anatel) estudasse formas para revitalizar o servi&ccedil;o, que incluem a possibilidade outras formas de pagamento, como cart&atilde;o de cr&eacute;dito ou moedas.<\/p>\n<p>A proposta de regulamento que prev&ecirc; mudan&ccedil;as nos orelh&otilde;es foi debatida em audi&ecirc;ncia p&uacute;blica realizada hoje (8) em Bras&iacute;lia. Segundo a Anatel, de 2006 a 2011, a quantidade de cart&otilde;es de telefone fabricados anualmente passou de 650 milh&otilde;es para 132 milh&otilde;es. A receita das concession&aacute;rias de telefonia com orelh&otilde;es tamb&eacute;m se reduziu: em 2010, os ganhos foram equivalentes a cerca de um ter&ccedil;o do registrado em 2006.<\/p>\n<p>Outra inova&ccedil;&atilde;o proposta pela ag&ecirc;ncia &eacute; a permiss&atilde;o para publicidade nas cabines telef&ocirc;nicas, que poder&aacute; gerar nova fonte de receita para a concession&aacute;ria, al&eacute;m de diminuir o vandalismo pela atratividade visual. Tamb&eacute;m poder&aacute; ser permitido o uso de mensagens publicit&aacute;rias nas chamadas, com dura&ccedil;&atilde;o m&aacute;xima de 20 segundos, que n&atilde;o ser&atilde;o cobradas.<\/p>\n<p>Segundo a relatora da proposta, conselheira Em&iacute;lia Ribeiro, a principal causa do crescente desinteresse da popula&ccedil;&atilde;o pelos orelh&otilde;es &eacute; o aumento do n&uacute;mero de telefones celulares, aliada &agrave; diminui&ccedil;&atilde;o do n&uacute;mero de telefones p&uacute;blicos dispon&iacute;veis. Mas, na avalia&ccedil;&atilde;o dela, a telefonia de uso p&uacute;blico continua a ser um servi&ccedil;o essencial, especialmente para a popula&ccedil;&atilde;o mais pobre, que n&atilde;o tem condi&ccedil;&otilde;es de ter um telefone fixo ou m&oacute;vel.<\/p>\n<p>Al&eacute;m de representantes de empresas de telefonia, participaram da audi&ecirc;ncia p&uacute;blica realizada hoje representantes de entidades como Minist&eacute;rio P&uacute;blico Federal, Associa&ccedil;&atilde;o Brasileira da Ind&uacute;stria El&eacute;trica e Eletr&ocirc;nica (Abinee), Secretaria de Acompanhamento Econ&ocirc;mico, Minist&eacute;rio das Comunica&ccedil;&otilde;es e Casa da Moeda.<\/p>\n","protected":false},"excerpt":{"rendered":"<p>Nos &uacute;ltimos tr&ecirc;s anos, o consumo de cr&eacute;ditos em orelh&otilde;es caiu de quase 600 milh&otilde;es para cerca de 100 milh&otilde;es de cr&eacute;ditos por m&ecirc;s em liga&ccedil;&otilde;es locais e de longa dist&acirc;ncia nacional. A redu&ccedil;&atilde;o no uso de telefones p&uacute;blicos no pa&iacute;s fez com que a Ag&ecirc;ncia Nacional de Telecomunica&ccedil;&otilde;es (Anatel) estudasse formas para revitalizar o &hellip; <a href=\"https:\/\/obscom.intervozes.org.br\/?p=27039\" class=\"more-link\">Continue lendo <span class=\"screen-reader-text\">Para driblar queda no uso de orelh\u00f5es, Anatel discute mudan\u00e7as no pagamento de liga\u00e7\u00f5es<\/span> <span class=\"meta-nav\">&rarr;<\/span><\/a><\/p>\n","protected":false},"author":1,"featured_media":0,"comment_status":"open","ping_status":"open","sticky":false,"template":"","format":"standard","meta":{"footnotes":""},"categories":[40],"tags":[645],"_links":{"self":[{"href":"https:\/\/obscom.intervozes.org.br\/index.php?rest_route=\/wp\/v2\/posts\/27039"}],"collection":[{"href":"https:\/\/obscom.intervozes.org.br\/index.php?rest_route=\/wp\/v2\/posts"}],"about":[{"href":"https:\/\/obscom.intervozes.org.br\/index.php?rest_route=\/wp\/v2\/types\/post"}],"author":[{"embeddable":true,"href":"https:\/\/obscom.intervozes.org.br\/index.php?rest_route=\/wp\/v2\/users\/1"}],"replies":[{"embeddable":true,"href":"https:\/\/obscom.intervozes.org.br\/index.php?rest_route=%2Fwp%2Fv2%2Fcomments&post=27039"}],"version-history":[{"count":0,"href":"https:\/\/obscom.intervozes.org.br\/index.php?rest_route=\/wp\/v2\/posts\/27039\/revisions"}],"wp:attachment":[{"href":"https:\/\/obscom.intervozes.org.br\/index.php?rest_route=%2Fwp%2Fv2%2Fmedia&parent=27039"}],"wp:term":[{"taxonomy":"category","embeddable":true,"href":"https:\/\/obscom.intervozes.org.br\/index.php?rest_route=%2Fwp%2Fv2%2Fcategories&post=27039"},{"taxonomy":"post_tag","embeddable":true,"href":"https:\/\/obscom.intervozes.org.br\/index.php?rest_route=%2Fwp%2Fv2%2Ftags&post=27039"}],"curies":[{"name":"wp","href":"https:\/\/api.w.org\/{rel}","templated":true}]}}