{"id":27036,"date":"2012-08-09T12:37:50","date_gmt":"2012-08-09T12:37:50","guid":{"rendered":"https:\/\/obscom.intervozes.org.br\/wordpress\/?p=27036"},"modified":"2012-08-09T12:37:50","modified_gmt":"2012-08-09T12:37:50","slug":"paulo-bernardo-sera-obrigatorio-compartilhamento-de-infraestrutura-para-empresas-de-telefonia-movel","status":"publish","type":"post","link":"https:\/\/obscom.intervozes.org.br\/?p=27036","title":{"rendered":"Paulo Bernardo: ser\u00e1 obrigat\u00f3rio compartilhamento de infraestrutura para empresas de telefonia m\u00f3vel"},"content":{"rendered":"<p>O Ministro das Comunica&ccedil;&otilde;es, Paulo Bernardo, disse hoje (8), durante audi&ecirc;ncia p&uacute;blica no Senado, que o governo est&aacute; atuando para tornar obrigat&oacute;rio o compartilhamento da infraestrutura entre as empresas de telefonia m&oacute;vel. J&aacute; o representante das operadoras, Eduardo Levy, reclamou da burocracia dos munic&iacute;pios para instala&ccedil;&atilde;o de antenas e informou que as empresa firmaram acordo para compartilhar antenas que ser&atilde;o instaladas para tecnologia 4G.<\/p>\n<p>&ldquo;A Anatel [Ag&ecirc;ncia Nacional de Telecomunica&ccedil;&otilde;es] se prepara para votar um regulamento que vai, entre outras coisas, determinar o compartilhamento da infraestrutura. O Brasil tem dimens&otilde;es continentais e n&atilde;o &eacute; razo&aacute;vel que cada empresa tenha cada uma a sua rede&rdquo;, disse o ministro.<\/p>\n<p>&ldquo;As operadoras concentram esfor&ccedil;os nos grandes centros e, quando vamos para o interior, temos grandes dificuldades. Tem que fazer o compartilhamento. &Eacute; uma obriga&ccedil;&atilde;o que ser&aacute; imposta ao setor e vamos fazer a fiscaliza&ccedil;&atilde;o&rdquo;, acrescentou Bernardo.<\/p>\n<p>O presidente do Sindicato Nacional das Empresas de Telefonia e de Servi&ccedil;o M&oacute;vel Celular e Pessoal (Sinditelebrasil), Eduardo Levy, ressaltou que h&aacute; dificuldades t&eacute;cnicas para as empresas compartilharem as antenas usadas para transmiss&atilde;o de sinal 2G e 3G. &quot;Na tecnologia 4G, vamos estar 100% compartilhados, mas, j&aacute; nas outras tecnologias h&aacute; uma dificuldade muito grande, mas vamos trabalhar nesse sentido.&quot;<\/p>\n<p>Entre as dificuldades apresentadas por Levy est&aacute; o fato das antenas estarem configuradas para o sistema espec&iacute;fico de cada operadora e que teriam que as reconfigurar para um padr&atilde;o pudessem ser o sinal de forma compartilhada.<\/p>\n<p>Segundo Levy, o pais precisa dobrar o n&uacute;mero de antenas at&eacute; 2017 para atender &agrave; demanda,principalmente em fun&ccedil;&atilde;o dos grandes eventos esportivos que ser&atilde;o realizados nos pr&oacute;ximos anos, mas h&aacute; muita dificuldade na instala&ccedil;&atilde;o desses equipamentos devido &agrave; burocracia e &agrave;s legisla&ccedil;&otilde;es municipais.<\/p>\n<p>&ldquo;Em S&atilde;o Paulo, pela legisla&ccedil;&atilde;o, &eacute; necess&aacute;rio um terreno de 15&#215;15 metros para instala&ccedil;&atilde;o de uma antena. Onde vamos conseguir um terreno em S&atilde;o Paulo com essa caracter&iacute;stica para instala&ccedil;&atilde;o de antenas?&rdquo;, questionou Levy.<\/p>\n<p>O ministro disse que o governo est&aacute; trabalhando para facilitar os investimentos no setor e que a aprova&ccedil;&atilde;o da Medida Provis&oacute;ria (MP) 563, aprovada ontem pelo Senado e que vai para san&ccedil;&atilde;o da presidenta Dilma Rousseff, ajudar&aacute; nesse sentido.<\/p>\n<p>A MP trata da desonera&ccedil;&atilde;o da folha de pagamento de ind&uacute;strias e do setor de servi&ccedil;os. Ser&atilde;o beneficiados com a desonera&ccedil;&atilde;o da folha de pagamentos, em troca de uma percentagem sobre a receita bruta, os setores de hot&eacute;is, m&oacute;veis, autope&ccedil;as, naval, a&eacute;reo e de empresas de call center e de projetos de circuitos integrados (chips).<\/p>\n","protected":false},"excerpt":{"rendered":"<p>O Ministro das Comunica&ccedil;&otilde;es, Paulo Bernardo, disse hoje (8), durante audi&ecirc;ncia p&uacute;blica no Senado, que o governo est&aacute; atuando para tornar obrigat&oacute;rio o compartilhamento da infraestrutura entre as empresas de telefonia m&oacute;vel. J&aacute; o representante das operadoras, Eduardo Levy, reclamou da burocracia dos munic&iacute;pios para instala&ccedil;&atilde;o de antenas e informou que as empresa firmaram acordo &hellip; <a href=\"https:\/\/obscom.intervozes.org.br\/?p=27036\" class=\"more-link\">Continue lendo <span class=\"screen-reader-text\">Paulo Bernardo: ser\u00e1 obrigat\u00f3rio compartilhamento de infraestrutura para empresas de telefonia m\u00f3vel<\/span> <span class=\"meta-nav\">&rarr;<\/span><\/a><\/p>\n","protected":false},"author":1,"featured_media":0,"comment_status":"open","ping_status":"open","sticky":false,"template":"","format":"standard","meta":{"footnotes":""},"categories":[40],"tags":[81],"_links":{"self":[{"href":"https:\/\/obscom.intervozes.org.br\/index.php?rest_route=\/wp\/v2\/posts\/27036"}],"collection":[{"href":"https:\/\/obscom.intervozes.org.br\/index.php?rest_route=\/wp\/v2\/posts"}],"about":[{"href":"https:\/\/obscom.intervozes.org.br\/index.php?rest_route=\/wp\/v2\/types\/post"}],"author":[{"embeddable":true,"href":"https:\/\/obscom.intervozes.org.br\/index.php?rest_route=\/wp\/v2\/users\/1"}],"replies":[{"embeddable":true,"href":"https:\/\/obscom.intervozes.org.br\/index.php?rest_route=%2Fwp%2Fv2%2Fcomments&post=27036"}],"version-history":[{"count":0,"href":"https:\/\/obscom.intervozes.org.br\/index.php?rest_route=\/wp\/v2\/posts\/27036\/revisions"}],"wp:attachment":[{"href":"https:\/\/obscom.intervozes.org.br\/index.php?rest_route=%2Fwp%2Fv2%2Fmedia&parent=27036"}],"wp:term":[{"taxonomy":"category","embeddable":true,"href":"https:\/\/obscom.intervozes.org.br\/index.php?rest_route=%2Fwp%2Fv2%2Fcategories&post=27036"},{"taxonomy":"post_tag","embeddable":true,"href":"https:\/\/obscom.intervozes.org.br\/index.php?rest_route=%2Fwp%2Fv2%2Ftags&post=27036"}],"curies":[{"name":"wp","href":"https:\/\/api.w.org\/{rel}","templated":true}]}}