{"id":27026,"date":"2012-07-31T18:16:43","date_gmt":"2012-07-31T18:16:43","guid":{"rendered":"https:\/\/obscom.intervozes.org.br\/wordpress\/?p=27026"},"modified":"2012-07-31T18:16:43","modified_gmt":"2012-07-31T18:16:43","slug":"dois-anos-de-sobrevivencia-do-midia-periferica","status":"publish","type":"post","link":"https:\/\/obscom.intervozes.org.br\/?p=27026","title":{"rendered":"Dois anos de sobreviv\u00eancia do M\u00eddia Perif\u00e9rica"},"content":{"rendered":"<p><span class=\"padrao\">Hoje passei por um dia, por vezes, comum ao vivido diariamente por voc&ecirc;s, jovens do M&iacute;dia Perif&eacute;rica, que comemoram dois anos com o projeto na ruas e na rede. Percorri ruas, vi rostos, senti cheiros e principalmente, a viol&ecirc;ncia que assola boa parte dos seus colegas e familiares. Pude sentir a import&acirc;ncia crescente em projetar novas vozes na sociedade e os impactos que isso pode ter diretamente na vida de comunidades como a de Sussuarana, onde residem.<\/p>\n<p>Ainda em casa pela manh&atilde; recebo um telefonema, um jovem de 18 anos fora alvejado de forma aleat&oacute;ria pela pol&iacute;cia em Sussuarana h&aacute; cerca de 15 dias atr&aacute;s, e ainda no hospital, em estado grave, recebera uma ordem judicial para se dirigir &agrave;s carceragens por ter sido acusado de crimes que n&atilde;o cometera. Fui com outras pessoas a delegacia em busca n&atilde;o s&oacute; da liberdade, mas de forma emergencial &agrave; vida do garoto que estava em perigo sem os cuidados m&eacute;dicos devidos. Um garoto que provavelmente j&aacute; cruzou com voc&ecirc;s nos campos de baba, nos &ocirc;nibus, na escola, nas confraterniza&ccedil;&otilde;es juvenis.<\/p>\n<p>A primeira iniciativa foi procurar o delegado, mas esse estava ocupado, atendendo jornalistas sobre um caso de estrupo supostamente solucionado por sua equipe. Uma rep&oacute;rter, ao sair, nos procurou e disse ter publicado mat&eacute;ria sobre o caso que acompanh&aacute;vamos, contudo apenas com a vers&atilde;o policial, pois n&atilde;o havia encontrado a fam&iacute;lia. O pai do jovem estava em nossa frente, tentamos colocar ele em contato com a jornalista, mas ambos recusaram. A rep&oacute;rter por j&aacute; estar atrasada para cobrir outra mat&eacute;ria numa rotina degradante imposta a esses profissionais. O pai, extremamente abalado, por n&atilde;o querer nenhum contato com a imprensa com receio de por a fam&iacute;lia em riscos ainda maiores.<\/p>\n<p>Infelizmente, a maioria da dita grande imprensa &eacute; parceira fiel do genoc&iacute;dio da popula&ccedil;&atilde;o negra presente no Brasil. J&aacute; n&atilde;o basta o Estado atuar como agente coercitivo, tamb&eacute;m se junta a imprensa, que no ide&aacute;rio democr&aacute;tico ocidental, deveria ter o papel de estar o lado do cidad&atilde;o. Nessas condi&ccedil;&otilde;es, sobreviver para os jovens do M&iacute;dia Perif&eacute;rica &eacute; um dilema real, mais ainda quando o conte&uacute;do difundido enfrenta a in&eacute;rcia e autoritarismo do Estado e elites pol&iacute;ticas.<\/p>\n<p>O trabalho do M&iacute;dia Perif&eacute;rica d&aacute; sentido a relatoria para a liberdade de express&atilde;o da Organiza&ccedil;&atilde;o dos Estados Americanos (OEA) que concilia &agrave; censura as restri&ccedil;&otilde;es na difus&atilde;o de informa&ccedil;&atilde;o por parte dos grupos historicamente discriminados. D&aacute; sentido a defender o direito &agrave; comunica&ccedil;&atilde;o e suas implica&ccedil;&otilde;es objetivas nos direitos e liberdades fundamentais jamais garantidas &agrave; base da popula&ccedil;&atilde;o negra e perif&eacute;rica do Brasil.<\/p>\n<p>Por isso, estar ao lado de voc&ecirc;s na comemora&ccedil;&atilde;o desses dois anos n&atilde;o &eacute; um gesto de benevol&ecirc;ncia, &eacute; cumplicidade e solidariedade com nossos irm&atilde;os, parceiros e motores das lutas di&aacute;rias. At&eacute; porque a exist&ecirc;ncia do M&iacute;dia Perif&eacute;rica &eacute; tamb&eacute;m a continuidade minha e do Intervozes nessa caminhada. Estamos juntos, para o que der e vier.<\/p>\n<p><em>Pedro Carib&eacute; &eacute; do Conselho Diretor do Intervozes &#8211; Coletivo Brasil de Comunica&ccedil;&atilde;o Social e membro eleito pela sociedade civil no Conselho Estadual de Comunica&ccedil;&atilde;o da Bahia<\/em><br \/><\/span><\/p>\n","protected":false},"excerpt":{"rendered":"<p><span class=\"padrao\">Infelizmente, a maioria da dita grande imprensa &eacute;  parceira fiel do genoc&iacute;dio da popula&ccedil;&atilde;o negra presente no Brasil. J&aacute; n&atilde;o  basta o Estado atuar como agente coercitivo, tamb&eacute;m se junta a  imprensa, que no ide&aacute;rio democr&aacute;tico ocidental, deveria ter o papel de  estar o lado do cidad&atilde;o.<\/span><\/p>\n","protected":false},"author":1,"featured_media":0,"comment_status":"open","ping_status":"open","sticky":false,"template":"","format":"standard","meta":{"footnotes":""},"categories":[42],"tags":[1692],"_links":{"self":[{"href":"https:\/\/obscom.intervozes.org.br\/index.php?rest_route=\/wp\/v2\/posts\/27026"}],"collection":[{"href":"https:\/\/obscom.intervozes.org.br\/index.php?rest_route=\/wp\/v2\/posts"}],"about":[{"href":"https:\/\/obscom.intervozes.org.br\/index.php?rest_route=\/wp\/v2\/types\/post"}],"author":[{"embeddable":true,"href":"https:\/\/obscom.intervozes.org.br\/index.php?rest_route=\/wp\/v2\/users\/1"}],"replies":[{"embeddable":true,"href":"https:\/\/obscom.intervozes.org.br\/index.php?rest_route=%2Fwp%2Fv2%2Fcomments&post=27026"}],"version-history":[{"count":0,"href":"https:\/\/obscom.intervozes.org.br\/index.php?rest_route=\/wp\/v2\/posts\/27026\/revisions"}],"wp:attachment":[{"href":"https:\/\/obscom.intervozes.org.br\/index.php?rest_route=%2Fwp%2Fv2%2Fmedia&parent=27026"}],"wp:term":[{"taxonomy":"category","embeddable":true,"href":"https:\/\/obscom.intervozes.org.br\/index.php?rest_route=%2Fwp%2Fv2%2Fcategories&post=27026"},{"taxonomy":"post_tag","embeddable":true,"href":"https:\/\/obscom.intervozes.org.br\/index.php?rest_route=%2Fwp%2Fv2%2Ftags&post=27026"}],"curies":[{"name":"wp","href":"https:\/\/api.w.org\/{rel}","templated":true}]}}