{"id":27025,"date":"2012-07-31T17:38:12","date_gmt":"2012-07-31T17:38:12","guid":{"rendered":"https:\/\/obscom.intervozes.org.br\/wordpress\/?p=27025"},"modified":"2012-07-31T17:38:12","modified_gmt":"2012-07-31T17:38:12","slug":"governo-anuncia-r-25-milhoes-para-a-tv-pernambuco-mas-nao-define-criacao-da-empresa","status":"publish","type":"post","link":"https:\/\/obscom.intervozes.org.br\/?p=27025","title":{"rendered":"Governo anuncia R$ 25 milh\u00f5es para a TV Pernambuco, mas n\u00e3o define cria\u00e7\u00e3o da empresa"},"content":{"rendered":"<p><span class=\"padrao\">O secret&aacute;rio estadual de Ci&ecirc;ncia e Tecnologia de Pernambuco Marcelino Granja informou, nesta quarta-feira (25\/07) um aporte de R$ 25 milh&otilde;es de investimentos governamentais na TV Pernambuco para os pr&oacute;ximos 18 meses. A verba seria principalmente para a moderniza&ccedil;&atilde;o e manuten&ccedil;&atilde;o de equipamentos e para a contrata&ccedil;&atilde;o de pessoal. O an&uacute;ncio foi dado durante a audi&ecirc;ncia p&uacute;blica da Empresa Brasil de Comunica&ccedil;&atilde;o realizada na Assembleia Legislativa de Pernambuco. Foi a primeira audi&ecirc;ncia da EBC no Nordeste.<\/p>\n<p>Granja, por&eacute;m, evitou estabelecer prazos e datas para a cria&ccedil;&atilde;o formal da Empresa Pernambuco de Comunica&ccedil;&atilde;o, que teria mais flexibilidade e independ&ecirc;ncia or&ccedil;ament&aacute;ria, podendo inclusive captar com mais liberdade fora do or&ccedil;amento p&uacute;blico. &ldquo;Claro que temos que correr com isso, mas ainda precisamos de alguns meses para definir o capital da empresa, al&eacute;m de nomear a diretoria e o conselho diretor composto por governo e sociedade civil&rdquo;.<\/p>\n<p>Para os representantes do movimento pelo direito &agrave; comunica&ccedil;&atilde;o que estiveram presentes ao evento, a promessa de recursos &eacute; bem vinda, mas n&atilde;o pode desviar o foco para a import&acirc;ncia da cria&ccedil;&atilde;o da empresa. &ldquo;Temos condi&ccedil;&otilde;es de estabelecer um par&acirc;metro para emissoras p&uacute;blicas no Brasil inteiro e n&atilde;o podemos perder isso de vista. A cria&ccedil;&atilde;o da EPC &eacute; muito importante para o nosso estado e tamb&eacute;m para toda uma poss&iacute;vel rede nacional de emissoras p&uacute;blicas que est&aacute; em forma&ccedil;&atilde;o e precisa de unidade nesse momento. Este processo j&aacute; dura mais de dois anos e j&aacute; poderia ter sido conclu&iacute;do&rdquo;, afirmou Ivan Moraes Filho, integrante do Centro de Cultura Luiz Freire e do F&oacute;rum Pernambucano de Comunica&ccedil;&atilde;o.<\/p>\n<p>O presidente da EBC, Nelson Breve, e a ouvidora da empresa nacional, Regina Lima, tamb&eacute;m se manifestaram sobre a iniciativa local. &ldquo;Se as coisas demoram, n&atilde;o significa que n&atilde;o estejamos caminhando. A constru&ccedil;&atilde;o dessa rede levar&aacute; tempo, mas precisamos perseverar&rdquo;, disse Breve. Para Regina, mais que os recursos, a institucionaliza&ccedil;&atilde;o dever&aacute; fortalecer a comunica&ccedil;&atilde;o p&uacute;blica pernambucana. &ldquo;Seja com um, dois, cinco milh&otilde;es. O&nbsp; oficializa&ccedil;&atilde;o da EPC &eacute; o que mas importa nesse momento&rdquo;.<\/p>\n<p><strong>Programa&ccedil;&atilde;o e horizontalidade da rede<\/strong><\/p>\n<p>Durante as quatro horas de audi&ecirc;ncia, 30 pessoas inscreveram-se para dar suas contribui&ccedil;&otilde;es &agrave; EBC. A maior parte das reflex&otilde;es questionaram a programa&ccedil;&atilde;o da emissora, ainda concentrada no eixo Rio-S&atilde;o Paulo-Bras&iacute;lia, de acordo com o modelo de &ldquo;cabe&ccedil;a de rede&rdquo;. Mais espa&ccedil;o para a produ&ccedil;&atilde;o independente e para co-produ&ccedil;&otilde;es com emissoras locais tamb&eacute;m foram demandadas, assim como mais abertura nas discuss&otilde;es sobre o operador de rede.<\/p>\n<p>Rosa Sampaio, do Au&ccedil;uba, chamou a aten&ccedil;&atilde;o para a necessidade de se desenvolver mais produtos locais para o p&uacute;blico infanto-juvenil. J&aacute; Tarc&iacute;sio Cam&ecirc;lo (Fopecom\/Alto Falante) cobrou mais diversidade no jornalismo esportivo e a transmiss&atilde;o de jogos dos campeonatos brasileiros das s&eacute;ries C e D, que abrangem todo o territ&oacute;rio nacional.<\/p>\n<p>Em resposta, Breve afirmou que reconhecia essas defici&ecirc;ncias, mas que o financiamento da emissora ainda &eacute; um obst&aacute;culo. &ldquo;Pela legisla&ccedil;&atilde;o, dever&iacute;amos estar recebendo recursos do Fistel (Fundo de Fiscaliza&ccedil;&atilde;o das Telecomunica&ccedil;&otilde;es), mas as empresas que s&atilde;o obrigadas a pagar t&ecirc;m depositado esse recurso em ju&iacute;zo para que n&atilde;o chegue at&eacute; n&oacute;s. &Eacute; preciso que este montante seja desbloqueado&rdquo;, informou o presidente.<\/p>\n<p>Patrick Torquato (Arpub) trouxe &agrave; tona o tema das r&aacute;dios p&uacute;blicas, visto que s&atilde;o oito sob o controle da EBC, raramente mencionadas durante o debate. &ldquo;Mesmo com alcance muito superior &agrave; TV Brasil, as r&aacute;dios sempre ficam relegadas a segundo plano. &Eacute; preciso rever a programa&ccedil;&atilde;o dessas r&aacute;dios. Em muitos casos, a programa&ccedil;&atilde;o parou no tempo e n&atilde;o se adequa mais &agrave;s novas realidades&rdquo;.<\/p>\n<p>Al&eacute;m das audi&ecirc;ncias p&uacute;blicas, toda a sociedade pode sugerir e fazer questionamentos &agrave; EBC atrav&eacute;s da ouvidoria ou acionando o conselho curador. Quatro integrantes dessa inst&acirc;ncia estavam presentes: Ana Veloso (Fopecom\/Intervozes), Maria da Penha (APAVV), Guilherme Strozi (EBC) e Jo&atilde;o Jorge Rodrigues (Olodum), que presidiu a mesa.<\/span><\/p>\n","protected":false},"excerpt":{"rendered":"<p>O secret&aacute;rio estadual de Ci&ecirc;ncia e Tecnologia de Pernambuco Marcelino Granja informou, nesta quarta-feira (25\/07) um aporte de R$ 25 milh&otilde;es de investimentos governamentais na TV Pernambuco para os pr&oacute;ximos 18 meses. A verba seria principalmente para a moderniza&ccedil;&atilde;o e manuten&ccedil;&atilde;o de equipamentos e para a contrata&ccedil;&atilde;o de pessoal. O an&uacute;ncio foi dado durante a &hellip; <a href=\"https:\/\/obscom.intervozes.org.br\/?p=27025\" class=\"more-link\">Continue lendo <span class=\"screen-reader-text\">Governo anuncia R$ 25 milh\u00f5es para a TV Pernambuco, mas n\u00e3o define cria\u00e7\u00e3o da empresa<\/span> <span class=\"meta-nav\">&rarr;<\/span><\/a><\/p>\n","protected":false},"author":1,"featured_media":0,"comment_status":"open","ping_status":"open","sticky":false,"template":"","format":"standard","meta":{"footnotes":""},"categories":[40],"tags":[259],"_links":{"self":[{"href":"https:\/\/obscom.intervozes.org.br\/index.php?rest_route=\/wp\/v2\/posts\/27025"}],"collection":[{"href":"https:\/\/obscom.intervozes.org.br\/index.php?rest_route=\/wp\/v2\/posts"}],"about":[{"href":"https:\/\/obscom.intervozes.org.br\/index.php?rest_route=\/wp\/v2\/types\/post"}],"author":[{"embeddable":true,"href":"https:\/\/obscom.intervozes.org.br\/index.php?rest_route=\/wp\/v2\/users\/1"}],"replies":[{"embeddable":true,"href":"https:\/\/obscom.intervozes.org.br\/index.php?rest_route=%2Fwp%2Fv2%2Fcomments&post=27025"}],"version-history":[{"count":0,"href":"https:\/\/obscom.intervozes.org.br\/index.php?rest_route=\/wp\/v2\/posts\/27025\/revisions"}],"wp:attachment":[{"href":"https:\/\/obscom.intervozes.org.br\/index.php?rest_route=%2Fwp%2Fv2%2Fmedia&parent=27025"}],"wp:term":[{"taxonomy":"category","embeddable":true,"href":"https:\/\/obscom.intervozes.org.br\/index.php?rest_route=%2Fwp%2Fv2%2Fcategories&post=27025"},{"taxonomy":"post_tag","embeddable":true,"href":"https:\/\/obscom.intervozes.org.br\/index.php?rest_route=%2Fwp%2Fv2%2Ftags&post=27025"}],"curies":[{"name":"wp","href":"https:\/\/api.w.org\/{rel}","templated":true}]}}