{"id":27024,"date":"2012-07-31T17:32:08","date_gmt":"2012-07-31T17:32:08","guid":{"rendered":"https:\/\/obscom.intervozes.org.br\/wordpress\/?p=27024"},"modified":"2012-07-31T17:32:08","modified_gmt":"2012-07-31T17:32:08","slug":"referencia-na-luta-pela-democratizacao-da-comunicacao-valerio-brittos-falece-aos-48-anos","status":"publish","type":"post","link":"https:\/\/obscom.intervozes.org.br\/?p=27024","title":{"rendered":"Refer\u00eancia na luta pela democratiza\u00e7\u00e3o da comunica\u00e7\u00e3o, Val\u00e9rio Brittos falece aos 48 anos"},"content":{"rendered":"<p><span class=\"padrao\">Refer&ecirc;ncia acad&ecirc;mica na luta pela democratiza&ccedil;&atilde;o da comunica&ccedil;&atilde;o, o professor do Programa de P&oacute;s-Gradua&ccedil;&atilde;o em Ci&ecirc;ncias da Comunica&ccedil;&atilde;o da Unisinos, Val&eacute;rio Brittos, faleceu na madrugada desta sexta-feira (27), aos 48 anos. Diagnosticado com um edema cerebral benigno h&aacute; tr&ecirc;s meses, Brittos submeteu-se a sess&otilde;es de radioterapia e, apesar de responder bem ao tratamento, teve baixa na imunidade e foi acometido por uma forte pneumonia, identificada h&aacute; uma semana.<\/p>\n<p>Formado em Jornalismo e Direito, mestre em Comunica&ccedil;&atilde;o Social e doutor em Comunica&ccedil;&atilde;o e Cultura Contempor&acirc;neas, o ga&uacute;cho &ndash; natural de Pelotas &ndash; produziu diversos artigos e textos relacionados aos estudos da comunica&ccedil;&atilde;o social no Brasil e &agrave; democratiza&ccedil;&atilde;o do setor. Os campos da TV digital e da converg&ecirc;ncia midi&aacute;tica tamb&eacute;m eram objetos de pesquisa de Brittos.<\/p>\n<p>Colaborador ass&iacute;duo do Observat&oacute;rio da Imprensa, com publica&ccedil;&otilde;es frequentes no portal, Brittos afirmou em diversas oportunidades a import&acirc;ncia e a urg&ecirc;ncia em criar um novo marco regulat&oacute;rio para as comunica&ccedil;&otilde;es no pa&iacute;s. Ele defendia que a legisla&ccedil;&atilde;o do setor era defasada n&atilde;o apenas no aspecto tecnol&oacute;gico, mas tamb&eacute;m do ponto de vista pol&iacute;tico, econ&ocirc;mico e cultural.<\/p>\n<p>Segundo o professor, a pluralidade e a participa&ccedil;&atilde;o social na comunica&ccedil;&atilde;o s&atilde;o fatores fundamentais para a consolida&ccedil;&atilde;o de uma sociedade democr&aacute;tica. Britto tamb&eacute;m criticava a in&eacute;rcia do governo em promover as mudan&ccedil;as necess&aacute;rias no setor: para ele, a consulta p&uacute;blica pelo novo marco regulat&oacute;rio esbarra na falta de vontade pol&iacute;tica e na hesita&ccedil;&atilde;o em enfrentar os oligop&oacute;lios midi&aacute;ticos.<\/p>\n<p>O movimento social e as entidades que se empenham na luta pela democratiza&ccedil;&atilde;o da comunica&ccedil;&atilde;o recebem com pesar a not&iacute;cia de seu falecimento. Al&eacute;m de um lutador social na academia brasileira, Britto era conhecido por ser um entusiasta do debate, do di&aacute;logo com a sociedade civil e da constru&ccedil;&atilde;o de uma comunica&ccedil;&atilde;o e de uma sociedade plurais e democr&aacute;ticas.<\/p>\n<p><em>Da reda&ccedil;&atilde;o, com informa&ccedil;&otilde;es do Portal3 e do Jornal Unisinos Online<\/em><\/span><\/p>\n","protected":false},"excerpt":{"rendered":"<p>Refer&ecirc;ncia acad&ecirc;mica na luta pela democratiza&ccedil;&atilde;o da comunica&ccedil;&atilde;o, o professor do Programa de P&oacute;s-Gradua&ccedil;&atilde;o em Ci&ecirc;ncias da Comunica&ccedil;&atilde;o da Unisinos, Val&eacute;rio Brittos, faleceu na madrugada desta sexta-feira (27), aos 48 anos. Diagnosticado com um edema cerebral benigno h&aacute; tr&ecirc;s meses, Brittos submeteu-se a sess&otilde;es de radioterapia e, apesar de responder bem ao tratamento, teve baixa &hellip; <a href=\"https:\/\/obscom.intervozes.org.br\/?p=27024\" class=\"more-link\">Continue lendo <span class=\"screen-reader-text\">Refer\u00eancia na luta pela democratiza\u00e7\u00e3o da comunica\u00e7\u00e3o, Val\u00e9rio Brittos falece aos 48 anos<\/span> <span class=\"meta-nav\">&rarr;<\/span><\/a><\/p>\n","protected":false},"author":1,"featured_media":0,"comment_status":"open","ping_status":"open","sticky":false,"template":"","format":"standard","meta":{"footnotes":""},"categories":[40],"tags":[1706],"_links":{"self":[{"href":"https:\/\/obscom.intervozes.org.br\/index.php?rest_route=\/wp\/v2\/posts\/27024"}],"collection":[{"href":"https:\/\/obscom.intervozes.org.br\/index.php?rest_route=\/wp\/v2\/posts"}],"about":[{"href":"https:\/\/obscom.intervozes.org.br\/index.php?rest_route=\/wp\/v2\/types\/post"}],"author":[{"embeddable":true,"href":"https:\/\/obscom.intervozes.org.br\/index.php?rest_route=\/wp\/v2\/users\/1"}],"replies":[{"embeddable":true,"href":"https:\/\/obscom.intervozes.org.br\/index.php?rest_route=%2Fwp%2Fv2%2Fcomments&post=27024"}],"version-history":[{"count":0,"href":"https:\/\/obscom.intervozes.org.br\/index.php?rest_route=\/wp\/v2\/posts\/27024\/revisions"}],"wp:attachment":[{"href":"https:\/\/obscom.intervozes.org.br\/index.php?rest_route=%2Fwp%2Fv2%2Fmedia&parent=27024"}],"wp:term":[{"taxonomy":"category","embeddable":true,"href":"https:\/\/obscom.intervozes.org.br\/index.php?rest_route=%2Fwp%2Fv2%2Fcategories&post=27024"},{"taxonomy":"post_tag","embeddable":true,"href":"https:\/\/obscom.intervozes.org.br\/index.php?rest_route=%2Fwp%2Fv2%2Ftags&post=27024"}],"curies":[{"name":"wp","href":"https:\/\/api.w.org\/{rel}","templated":true}]}}