{"id":27021,"date":"2012-07-31T17:21:35","date_gmt":"2012-07-31T17:21:35","guid":{"rendered":"https:\/\/obscom.intervozes.org.br\/wordpress\/?p=27021"},"modified":"2012-07-31T17:21:35","modified_gmt":"2012-07-31T17:21:35","slug":"banda-larga-tera-plano-de-universalizacao","status":"publish","type":"post","link":"https:\/\/obscom.intervozes.org.br\/?p=27021","title":{"rendered":"Banda larga ter\u00e1 plano de universaliza\u00e7\u00e3o"},"content":{"rendered":"<p><span class=\"padrao\">O ministro das Comunica&ccedil;&otilde;es, Paulo Bernardo, anunciou hoje em S&atilde;o Paulo, ao participar do 4&ordm; Congresso Brasileiro de Provedores de Internet, que reuniu representantes de cerca de 600 provedores regionais, que j&aacute; foram criadas as condi&ccedil;&otilde;es para o pa&iacute;s discutir um Plano de Universaliza&ccedil;&atilde;o da Internet capaz de levar uma conex&atilde;o &agrave; rede a cada domic&iacute;lio brasileiro. Bernardo quer incluir este plano na revis&atilde;o do planejamento estrat&eacute;gico do Minist&eacute;rio das Comunica&ccedil;&otilde;es, que pretende iniciar neste semestre. &quot;Temos que fazer um plano de universaliza&ccedil;&atilde;o que cubra seis, sete anos. Certamente esta &eacute; uma tarefa para ser levada &agrave; frente pelo pr&oacute;ximo governo&quot;, disse ele.<\/p>\n<p>Ao fazer um balan&ccedil;o dos avan&ccedil;os na &aacute;rea de internet, o ministro citou a amplia&ccedil;&atilde;o do n&uacute;mero de conex&otilde;es &agrave; internet &#8212; ele disse que at&eacute; o final do ano metade dos munic&iacute;pios brasileiros estar&atilde;o conectados &agrave; internet &#8211;, o aumento das velocidades contratadas e a queda dos pre&ccedil;os, tanto para o usu&aacute;rio final como para quem compra capacidade das operadoras, no caso os provedores regionais. Destacou o papel da Telebr&aacute;s na queda dos pre&ccedil;os de atacado e na conex&atilde;o dos munic&iacute;pios (em 2014 cobrir&aacute; 4.283 cidades), a chegada da internet rural a partir da licita&ccedil;&atilde;o das frequ&ecirc;ncias de 450 MHz e de 2,5 GHz, o incentivo &agrave; amplia&ccedil;&atilde;o da infraestrutura de banda larga com a desonera&ccedil;&atilde;o fiscal incluida no Regime Diferenciado de Pre&ccedil;os, entre outras medidas.<\/p>\n<p><strong>Frequ&ecirc;ncias para os pequenos<br \/><\/strong><br \/>&Aacute; reivindica&ccedil;&atilde;o apresentada pelo presidente da Associa&ccedil;&atilde;o Brasileria dos Provedores de Internet e Telecomunica&ccedil;&otilde;es (Abrint), Wagner Maia, sobre o acesso dos provedores regionais a radiofrequ&ecirc;ncias, o ministro Paulo Bernado respondeu que est&aacute; pronto para discutir o acesso a faixa de 3,5 GHz como a outras possibilidades. Os pequenos provedores querem acesso a uma faixa de radiofrequ&ecirc;ncia que seja licitada em uma modelagem que permita a sua participa&ccedil;&atilde;o. &quot;Para isso os lotes ter&atilde;o que ser pequenos, de prefer&ecirc;ncia por cidades&quot;, disse Maia. Segundo ele, at&eacute; agora a Anatel vem adotando modelos de leil&atilde;o das frequ&ecirc;ncias voltados apenas para os grandes usu&aacute;rios.<\/p>\n<p>A preocupa&ccedil;&atilde;o dos provedores regionais de que o governo venha a alterar a Norma 4, que impede as concession&aacute;rias de fazerem o provimento de acesso &agrave; internet e obriga o usu&aacute;rio da rede de telefonia fixa a contratar um provedor (hoje h&aacute; muitos servi&ccedil;os gratuitos de autentica&ccedil;&atilde;o), pode sair da pauta, pelo menos por enquanto. Ao tratar do tema, Bernardo disse que a discuss&atilde;o est&aacute; em banho maria, depois que a Anatel enviou um parecer ao Minist&eacute;rio das Comunica&ccedil;&otilde;es sobre o risco de que a internet, deixando de ser Servi&ccedil;o de Valor Adicionado, venha a ser sujeita ao ICMS que tem al&iacute;quitas superiores ao ISS. &quot;Isso pode prejudicar o consumidor&quot;, diz Bernardo. Segundo ele, n&atilde;o h&aacute; prazo para retomar este debate.<\/span><\/p>\n","protected":false},"excerpt":{"rendered":"<p>O ministro das Comunica&ccedil;&otilde;es, Paulo Bernardo, anunciou hoje em S&atilde;o Paulo, ao participar do 4&ordm; Congresso Brasileiro de Provedores de Internet, que reuniu representantes de cerca de 600 provedores regionais, que j&aacute; foram criadas as condi&ccedil;&otilde;es para o pa&iacute;s discutir um Plano de Universaliza&ccedil;&atilde;o da Internet capaz de levar uma conex&atilde;o &agrave; rede a cada &hellip; <a href=\"https:\/\/obscom.intervozes.org.br\/?p=27021\" class=\"more-link\">Continue lendo <span class=\"screen-reader-text\">Banda larga ter\u00e1 plano de universaliza\u00e7\u00e3o<\/span> <span class=\"meta-nav\">&rarr;<\/span><\/a><\/p>\n","protected":false},"author":1,"featured_media":0,"comment_status":"open","ping_status":"open","sticky":false,"template":"","format":"standard","meta":{"footnotes":""},"categories":[40],"tags":[81],"_links":{"self":[{"href":"https:\/\/obscom.intervozes.org.br\/index.php?rest_route=\/wp\/v2\/posts\/27021"}],"collection":[{"href":"https:\/\/obscom.intervozes.org.br\/index.php?rest_route=\/wp\/v2\/posts"}],"about":[{"href":"https:\/\/obscom.intervozes.org.br\/index.php?rest_route=\/wp\/v2\/types\/post"}],"author":[{"embeddable":true,"href":"https:\/\/obscom.intervozes.org.br\/index.php?rest_route=\/wp\/v2\/users\/1"}],"replies":[{"embeddable":true,"href":"https:\/\/obscom.intervozes.org.br\/index.php?rest_route=%2Fwp%2Fv2%2Fcomments&post=27021"}],"version-history":[{"count":0,"href":"https:\/\/obscom.intervozes.org.br\/index.php?rest_route=\/wp\/v2\/posts\/27021\/revisions"}],"wp:attachment":[{"href":"https:\/\/obscom.intervozes.org.br\/index.php?rest_route=%2Fwp%2Fv2%2Fmedia&parent=27021"}],"wp:term":[{"taxonomy":"category","embeddable":true,"href":"https:\/\/obscom.intervozes.org.br\/index.php?rest_route=%2Fwp%2Fv2%2Fcategories&post=27021"},{"taxonomy":"post_tag","embeddable":true,"href":"https:\/\/obscom.intervozes.org.br\/index.php?rest_route=%2Fwp%2Fv2%2Ftags&post=27021"}],"curies":[{"name":"wp","href":"https:\/\/api.w.org\/{rel}","templated":true}]}}