{"id":27014,"date":"2012-07-31T12:08:12","date_gmt":"2012-07-31T12:08:12","guid":{"rendered":"https:\/\/obscom.intervozes.org.br\/wordpress\/?p=27014"},"modified":"2012-07-31T12:08:12","modified_gmt":"2012-07-31T12:08:12","slug":"espirito-santo-tambem-se-organiza-por-regulacao-da-midia","status":"publish","type":"post","link":"https:\/\/obscom.intervozes.org.br\/?p=27014","title":{"rendered":"Espirito Santo tamb\u00e9m se organiza por regula\u00e7\u00e3o da m\u00eddia"},"content":{"rendered":"<p><span class=\"padrao\">Reorganizar o movimento de democratiza&ccedil;&atilde;o da comunica&ccedil;&atilde;o em todo pa&iacute;s e resgatar a luta pela liberdade de express&atilde;o na sociedade, esses s&atilde;o os principais objetivos da nova campanha que F&oacute;rum Nacional pela Democratiza&ccedil;&atilde;o da Comunica&ccedil;&atilde;o (FNDC) articula nos estados. No Espirito Santo, o semin&aacute;rio &ldquo;Observa&ccedil;&otilde;es &#8211; Qual seu papel na democratiza&ccedil;&atilde;o da m&iacute;dia?&rdquo;, realizado no dia 26 de julho, na Universidade Federal do Esp&iacute;rito Santo (UFES), foi o inicio do processo de organiza&ccedil;&atilde;o de ativistas, entidades e academia por um nova regula&ccedil;&atilde;o no estado.<\/p>\n<p>O evento organizado pelo FNDC, Intervozes e Observat&oacute;rio da M&iacute;dia da UFES, reuniu mais de 80 pessoas que apresentaram diversas propostas para a democratiza&ccedil;&atilde;o da comunica&ccedil;&atilde;o. Orlando Guilhon, representate da Associa&ccedil;&atilde;o das R&aacute;dios P&uacute;blicas do Brasil (Arpub) e membro da coordena&ccedil;&atilde;o do FNDC, exp&ocirc;s as bases para o lan&ccedil;amento da campanha nacional pela liberdade de express&atilde;o, que ser&aacute; realizada em diversos cidades na &uacute;ltima semana de agosto. A campanha ir&aacute; iniciar um amplo debate p&uacute;blico sobre a necessidade de uma nova legisla&ccedil;&atilde;o que democratize o setor. <\/p>\n<p>&ldquo;O objetivo &eacute; capilarizar e popularizar a nossa luta, levar esse debate para al&eacute;m de uma discuss&atilde;o de especialistas, envolvendo um conjunto de atores sociais, pol&iacute;ticos e movimentos sociais&rdquo;, explicou Guilhon. Para o representante do FNDC, a ideia &eacute; ir al&eacute;m da discuss&atilde;o sobre monop&oacute;lios, oligop&oacute;lios e propriedade cruzada, mas contemplar as quest&otilde;es de conte&uacute;do, tais como a baixaria dos programas de TV e a regula&ccedil;&atilde;o da publicidade infantil.<\/p>\n<p>Guilhon fez um paralelo com a luta do povo argentino para a conquista da &ldquo;Ley de Medios&rdquo;, uma das mais avan&ccedil;adas regula&ccedil;&atilde;o de m&iacute;dia da Am&eacute;rica Latina, que tamb&eacute;m levou h&aacute; uma grande mobiliza&ccedil;&atilde;o da sociedade para poder ser alcan&ccedil;ada. O FNDC prev&ecirc; retomar a mobiliza&ccedil;&atilde;o que resultou nas mais de 600 resolu&ccedil;&otilde;es da Confer&ecirc;ncia Nacional de Comunica&ccedil;&atilde;o (Confecom) em 2009 para as mudan&ccedil;a no setor.<\/p>\n<p><strong>Legisla&ccedil;&atilde;o democr&aacute;tica<\/strong><\/p>\n<p>O debate da regulamenta&ccedil;&atilde;o da m&iacute;dia encontra uma ferrenha oposi&ccedil;&atilde;o por parte dos setores empresariais que consideram qualquer tipo de regula&ccedil;&atilde;o sin&ocirc;nimo de censura. &ldquo;A desregula&ccedil;&atilde;o s&oacute; interessa aos donos da m&iacute;dia. Diversos pa&iacute;ses do mundo tem &oacute;rg&atilde;os reguladores e leis espec&iacute;ficas de regula&ccedil;&atilde;o, e em nenhum desses pa&iacute;ses a regula&ccedil;&atilde;o &eacute; considerada censura&rdquo;, rebateu Guilhon, ao afirmar que a regula&ccedil;&atilde;o &eacute; condi&ccedil;&atilde;o primeira para a garantia da liberdade de express&atilde;o. &nbsp;<\/p>\n<p>Max Dias, representante do Intervozes, aproveitou o per&iacute;odo de elei&ccedil;&otilde;es municipais para discutir a quest&atilde;o das pol&iacute;ticas p&uacute;blicas locais de comunica&ccedil;&atilde;o e questionou a quantidade de recursos que os munic&iacute;pios destinam &agrave;s campanhas publicit&aacute;rias, muito superior ao que &eacute; efetivamente destinado para o fomento &agrave; comunica&ccedil;&atilde;o popular e alternativa. &nbsp;<\/p>\n<p>&ldquo;&Eacute; importante que os munic&iacute;pios tenham conselhos de comunica&ccedil;&atilde;o locais, que debatam mecanismos de democratiza&ccedil;&atilde;o da comunica&ccedil;&atilde;o, o aumento dos investimentos em r&aacute;dios comunit&aacute;rias, pequenos ve&iacute;culos, jornais de bairro e projetos que trabalham com o tema&rdquo;, defendeu Max.<\/p>\n<p>O deputado estadual Cl&aacute;udio Vereza (PT), afirmou que &ldquo;o maior desafio &eacute; fazer a popula&ccedil;&atilde;o entender a comunica&ccedil;&atilde;o com um direito humano&rdquo;. O deputado, que &eacute; jornalista, disse que ap&oacute;s a Confecom, em 2009, tentou extrair algumas propostas para transform&aacute;-las em lei, mas esbarrou na compet&ecirc;ncia restrita do legislativo estadual. Dentre as propostas apresentadas pelo deputado, a que gerou mais pol&ecirc;mica por parte da imprensa capixaba foi a indica&ccedil;&atilde;o ao executivo estadual para a cria&ccedil;&atilde;o de um Conselho de Comunica&ccedil;&atilde;o.<\/p>\n<p>O professor Edgard Rebou&ccedil;as, um dos coordenadores do Observat&oacute;rio de M&iacute;dia da UFES, resgatou um pouco do hist&oacute;rico do movimento de democratiza&ccedil;&atilde;o da comunica&ccedil;&atilde;o no Esp&iacute;rito Santo, desde o processo de cria&ccedil;&atilde;o de um Comit&ecirc; estadual do FNDC, no in&iacute;cio da d&eacute;cada de 90, passando pelas lutas em defesa das r&aacute;dios comunit&aacute;rias e contra a baixaria na TV, at&eacute; a realiza&ccedil;&atilde;o da Confecom no Espirito Santo. <\/p>\n<p>Edgard apontou a necessidade de fortalecer a comunica&ccedil;&atilde;o p&uacute;blica no estado, resgatando a TVE-ES.&nbsp; &ldquo;A TVE n&atilde;o pode continuar sendo um &oacute;rg&atilde;o oficial de governo, queremos que ela se torne de fato uma TV P&uacute;blica, para que a gente possa produzir e se ver nessa TV&rdquo;, assinalou o professor. <\/p>\n<p>Os participantes abordaram tamb&eacute;m a necessidade de combater as viola&ccedil;&otilde;es aos direitos humanos na m&iacute;dia, discutindo as abordagens racistas,&nbsp; machistas, sexistas e homof&oacute;bicas presentes nos meios. O incentivo a produ&ccedil;&atilde;o independente e alternativa, a regula&ccedil;&atilde;o da publicidade e a garantia da liberdade da internet tamb&eacute;m foram apontados como necessidade de uma nova regula&ccedil;&atilde;o para democratizar a comunica&ccedil;&atilde;o.<br \/><\/span><\/p>\n","protected":false},"excerpt":{"rendered":"<p>Evento na Universidade Federal do Espirito Santo reuniu ativistas, entidades e a academia para a organiza&ccedil;&atilde;o da campanha em defesa liberdade de express&atilde;o no estado. <\/p>\n","protected":false},"author":1,"featured_media":0,"comment_status":"open","ping_status":"open","sticky":false,"template":"","format":"standard","meta":{"footnotes":""},"categories":[40],"tags":[830],"_links":{"self":[{"href":"https:\/\/obscom.intervozes.org.br\/index.php?rest_route=\/wp\/v2\/posts\/27014"}],"collection":[{"href":"https:\/\/obscom.intervozes.org.br\/index.php?rest_route=\/wp\/v2\/posts"}],"about":[{"href":"https:\/\/obscom.intervozes.org.br\/index.php?rest_route=\/wp\/v2\/types\/post"}],"author":[{"embeddable":true,"href":"https:\/\/obscom.intervozes.org.br\/index.php?rest_route=\/wp\/v2\/users\/1"}],"replies":[{"embeddable":true,"href":"https:\/\/obscom.intervozes.org.br\/index.php?rest_route=%2Fwp%2Fv2%2Fcomments&post=27014"}],"version-history":[{"count":0,"href":"https:\/\/obscom.intervozes.org.br\/index.php?rest_route=\/wp\/v2\/posts\/27014\/revisions"}],"wp:attachment":[{"href":"https:\/\/obscom.intervozes.org.br\/index.php?rest_route=%2Fwp%2Fv2%2Fmedia&parent=27014"}],"wp:term":[{"taxonomy":"category","embeddable":true,"href":"https:\/\/obscom.intervozes.org.br\/index.php?rest_route=%2Fwp%2Fv2%2Fcategories&post=27014"},{"taxonomy":"post_tag","embeddable":true,"href":"https:\/\/obscom.intervozes.org.br\/index.php?rest_route=%2Fwp%2Fv2%2Ftags&post=27014"}],"curies":[{"name":"wp","href":"https:\/\/api.w.org\/{rel}","templated":true}]}}