{"id":27010,"date":"2012-07-25T13:38:18","date_gmt":"2012-07-25T13:38:18","guid":{"rendered":"https:\/\/obscom.intervozes.org.br\/wordpress\/?p=27010"},"modified":"2012-07-25T13:38:18","modified_gmt":"2012-07-25T13:38:18","slug":"restricoes-a-propriedade-cruzada-entre-telecom-e-conteudo-ainda-sao-desafios-para-anatel","status":"publish","type":"post","link":"https:\/\/obscom.intervozes.org.br\/?p=27010","title":{"rendered":"Restri\u00e7\u00f5es \u00e0 propriedade cruzada entre telecom e conte\u00fado ainda s\u00e3o desafios para Anatel"},"content":{"rendered":"<p><span class=\"padrao\">A Anatel ainda n&atilde;o tem muita clareza de como far&aacute; cumprir os artigos 5&ordm; e 6&ordm; da Lei 12.485\/2011, que criou o Servi&ccedil;o de Acesso Condicionado (SeAC) e um novo marco legal para o setor de TV paga. Estes artigos da lei restringem a propriedade cruzada entre empresas de conte&uacute;do (incluindo radiodifus&atilde;o) e empresas de telecomunica&ccedil;&otilde;es. H&aacute; v&aacute;rios conflitos existentes no setor de TV por assinatura: TV Cidade controlada pela Band; Bahiasat controlada pela TV Bahia; ORM Cabo controlada pelo grupo radiodifusor ORM; Jangadeiro Cabo controlada pela TV Jangadeiro; e outros. Al&eacute;m desses casos, h&aacute; ainda a preocupa&ccedil;&atilde;o com as milhares de licen&ccedil;as de Servi&ccedil;o de Comunica&ccedil;&atilde;o Multim&iacute;dia que podem ter radiodifusores entre seus controladores, isso sem falar em outros servi&ccedil;os de interesse coletivo menos relevantes. A Anatel simplesmente n&atilde;o tem dados precisos para saber se, em &uacute;ltima inst&acirc;ncia, o controlador dessas empresas tem cruzamento ou n&atilde;o com outorgas de radiodifus&atilde;o. A restri&ccedil;&atilde;o de propriedade cruzada come&ccedil;a a valer dia 12 de setembro e at&eacute; aqui n&atilde;o houve manifesta&ccedil;&atilde;o das empresas sobre como os conflitos existentes ser&atilde;o solucionados.<\/p>\n<p>No caso da Band, sabe-se que o grupo entrou com a&ccedil;&atilde;o no Supremo Tribunal Federal em rela&ccedil;&atilde;o &agrave; Lei 12.485, questionando justamente esta regra. Mas o ministro relator do caso, Luiz Fux, j&aacute; disse que esse assunto n&atilde;o ser&aacute; decidido liminarmente e que requer a realiza&ccedil;&atilde;o de uma audi&ecirc;ncia p&uacute;blica sobre o tema. O mais prov&aacute;vel &eacute; que o julgamento desta a&ccedil;&atilde;o e das demais que est&atilde;o atreladas, incluindo a a&ccedil;&atilde;o de inconstitucionalidade do Partido Democratas (DEM), s&oacute; sejam julgadas no final do ano ou em 2013.<\/p>\n<p>&nbsp;<\/span><\/p>\n","protected":false},"excerpt":{"rendered":"<p>A Anatel ainda n&atilde;o tem muita clareza de como far&aacute; cumprir os artigos 5&ordm; e 6&ordm; da Lei 12.485\/2011, que criou o Servi&ccedil;o de Acesso Condicionado (SeAC) e um novo marco legal para o setor de TV paga. Estes artigos da lei restringem a propriedade cruzada entre empresas de conte&uacute;do (incluindo radiodifus&atilde;o) e empresas de &hellip; <a href=\"https:\/\/obscom.intervozes.org.br\/?p=27010\" class=\"more-link\">Continue lendo <span class=\"screen-reader-text\">Restri\u00e7\u00f5es \u00e0 propriedade cruzada entre telecom e conte\u00fado ainda s\u00e3o desafios para Anatel<\/span> <span class=\"meta-nav\">&rarr;<\/span><\/a><\/p>\n","protected":false},"author":1,"featured_media":0,"comment_status":"open","ping_status":"open","sticky":false,"template":"","format":"standard","meta":{"footnotes":""},"categories":[40],"tags":[148],"_links":{"self":[{"href":"https:\/\/obscom.intervozes.org.br\/index.php?rest_route=\/wp\/v2\/posts\/27010"}],"collection":[{"href":"https:\/\/obscom.intervozes.org.br\/index.php?rest_route=\/wp\/v2\/posts"}],"about":[{"href":"https:\/\/obscom.intervozes.org.br\/index.php?rest_route=\/wp\/v2\/types\/post"}],"author":[{"embeddable":true,"href":"https:\/\/obscom.intervozes.org.br\/index.php?rest_route=\/wp\/v2\/users\/1"}],"replies":[{"embeddable":true,"href":"https:\/\/obscom.intervozes.org.br\/index.php?rest_route=%2Fwp%2Fv2%2Fcomments&post=27010"}],"version-history":[{"count":0,"href":"https:\/\/obscom.intervozes.org.br\/index.php?rest_route=\/wp\/v2\/posts\/27010\/revisions"}],"wp:attachment":[{"href":"https:\/\/obscom.intervozes.org.br\/index.php?rest_route=%2Fwp%2Fv2%2Fmedia&parent=27010"}],"wp:term":[{"taxonomy":"category","embeddable":true,"href":"https:\/\/obscom.intervozes.org.br\/index.php?rest_route=%2Fwp%2Fv2%2Fcategories&post=27010"},{"taxonomy":"post_tag","embeddable":true,"href":"https:\/\/obscom.intervozes.org.br\/index.php?rest_route=%2Fwp%2Fv2%2Ftags&post=27010"}],"curies":[{"name":"wp","href":"https:\/\/api.w.org\/{rel}","templated":true}]}}