{"id":27007,"date":"2012-07-25T13:28:28","date_gmt":"2012-07-25T13:28:28","guid":{"rendered":"https:\/\/obscom.intervozes.org.br\/wordpress\/?p=27007"},"modified":"2012-07-25T13:28:28","modified_gmt":"2012-07-25T13:28:28","slug":"exibicao-de-filmes-nacionais-perde-espaco-na-tv-aberta","status":"publish","type":"post","link":"https:\/\/obscom.intervozes.org.br\/?p=27007","title":{"rendered":"Exibi\u00e7\u00e3o de filmes nacionais perde espa\u00e7o na TV aberta"},"content":{"rendered":"<p class=\"padrao\">A produ&ccedil;&atilde;o brasileira de cinema enfrenta um descompasso. Enquanto os lan&ccedil;amentos nacionais n&atilde;o param de crescer nas salas de cinema do pa&iacute;s, a participa&ccedil;&atilde;o desses longas na TV aberta caiu nos &uacute;ltimos quatro anos.<\/p>\n<p>&nbsp;Segundo o relat&oacute;rio divulgado pela Ancine (Ag&ecirc;ncia Nacional do Cinema), apenas tr&ecirc;s das nove emissoras analisadas abrem espa&ccedil;os para filmes brasileiros. S&atilde;o elas: Globo, Cultura e TV Brasil. Na esteira da nova lei da TV paga, que determinou cotas para a produ&ccedil;&atilde;o nacional, representantes do segmento audiovisual defendem que seja criado um mecanismo parecido para os canais abertos.<\/p>\n<p>Em 2011, 99 t&iacute;tulos nacionais chegaram &agrave;s salas brasileiras &#8211;um recorde desde a retomada, em 1995, com &quot;Carlota Joaquina &#8211; Princesa do Brasil&quot;, de Carla Camurati. Nos cinemas, a fatia de mercado dos filmes nacionais passou de 24%, em 2008, para 29%, no ano passado. J&aacute; na televis&atilde;o aberta, o quinh&atilde;o nacional na exibi&ccedil;&atilde;o de filmes caiu de 14,7% para 13,8%, no mesmo per&iacute;odo.<\/p>\n<p><strong>Dificuldades<\/strong><\/p>\n<p>Folha questionou as TVs sobre o espa&ccedil;o destinado &agrave; exibi&ccedil;&atilde;o de filmes brasileiros. A dificuldade de aquisi&ccedil;&atilde;o dos longas, devido &agrave; concentra&ccedil;&atilde;o de produ&ccedil;&otilde;es sob o guarda-chuva da Globo Filmes, &eacute; apontada como uma das principais causas. &quot;Exibir filmes nacionais faz parte do nosso DNA, mas &eacute; dif&iacute;cil comprar produ&ccedil;&otilde;es mais novas, pois boa parte delas pertence &agrave; Globo Filmes, que vai exibi-las primeiro no Canal Brasil e depois na Globo&quot;, afirma Walter Silveira, superintendente de programa&ccedil;&atilde;o da TV Brasil, canal que mais veiculou filmes brasileiros em 2011 (80 t&iacute;tulos). Detentor do pacote da Warner no Brasil, o SBT exibiu no ano passado em 272 ocasi&otilde;es longas estrangeiros, mas nenhum nacional.<\/p>\n<p>Segundo Zico G&oacute;es, diretor de programa&ccedil;&atilde;o da MTV, o canal n&atilde;o tem poder financeiro para competir com canais como a Globo. &quot;As produ&ccedil;&otilde;es que valem a pena s&atilde;o caras. O que sobra &eacute; herm&eacute;tico e pouco televisivo.&quot; A Globo Filmes se defende e diz, por meio de sua assessoria, que contribui para a exibi&ccedil;&atilde;o de filmes nacionais. &quot;As coprodu&ccedil;&otilde;es da Globo Filmes seguem o fluxo normal de mercado, em que o filme primeiro &eacute; lan&ccedil;ado nas salas de cinema, depois em v&iacute;deo dom&eacute;stico, na TV fechada e finalmente na aberta.&quot; Aguarda aprova&ccedil;&atilde;o no Senado uma proposta da deputada federal Jandira Feghali (PC do B-RJ) que fixa cotas para a exibi&ccedil;&atilde;o de filmes nacionais nas TVs abertas. &quot;O povo brasileiro financia o cinema nacional, mas n&atilde;o tem acesso a ele. &Eacute; preciso uma cota m&iacute;nima na TV aberta, como &eacute; feito em quase todos os pa&iacute;ses&quot;, diz Jo&atilde;o Baptista Pimentel Neto, do Congresso Brasileiro de Cinema.<\/p>\n<p>Rodrigo Letier, da TV Zero, respons&aacute;vel por &quot;Bruna Surfistinha&quot;, concorda. &quot;Acho reserva de mercado algo perigoso, mas ajudaria o setor.&quot; &quot;Em princ&iacute;pio, sou contra cotas. A produ&ccedil;&atilde;o est&aacute; crescendo, mas n&atilde;o a de blockbusters nacionais. As TVs querem filmes competitivos&quot;, diz S&iacute;lvia Cruz, da Vitrine Filmes. A Globo Filmes diz desconhecer a proposta de cota para filmes nacionais na TV.<\/p>\n","protected":false},"excerpt":{"rendered":"<p>A produ&ccedil;&atilde;o brasileira de cinema enfrenta um descompasso. Enquanto os lan&ccedil;amentos nacionais n&atilde;o param de crescer nas salas de cinema do pa&iacute;s, a participa&ccedil;&atilde;o desses longas na TV aberta caiu nos &uacute;ltimos quatro anos. &nbsp;Segundo o relat&oacute;rio divulgado pela Ancine (Ag&ecirc;ncia Nacional do Cinema), apenas tr&ecirc;s das nove emissoras analisadas abrem espa&ccedil;os para filmes brasileiros. &hellip; <a href=\"https:\/\/obscom.intervozes.org.br\/?p=27007\" class=\"more-link\">Continue lendo <span class=\"screen-reader-text\">Exibi\u00e7\u00e3o de filmes nacionais perde espa\u00e7o na TV aberta<\/span> <span class=\"meta-nav\">&rarr;<\/span><\/a><\/p>\n","protected":false},"author":1,"featured_media":0,"comment_status":"open","ping_status":"open","sticky":false,"template":"","format":"standard","meta":{"footnotes":""},"categories":[40],"tags":[120],"_links":{"self":[{"href":"https:\/\/obscom.intervozes.org.br\/index.php?rest_route=\/wp\/v2\/posts\/27007"}],"collection":[{"href":"https:\/\/obscom.intervozes.org.br\/index.php?rest_route=\/wp\/v2\/posts"}],"about":[{"href":"https:\/\/obscom.intervozes.org.br\/index.php?rest_route=\/wp\/v2\/types\/post"}],"author":[{"embeddable":true,"href":"https:\/\/obscom.intervozes.org.br\/index.php?rest_route=\/wp\/v2\/users\/1"}],"replies":[{"embeddable":true,"href":"https:\/\/obscom.intervozes.org.br\/index.php?rest_route=%2Fwp%2Fv2%2Fcomments&post=27007"}],"version-history":[{"count":0,"href":"https:\/\/obscom.intervozes.org.br\/index.php?rest_route=\/wp\/v2\/posts\/27007\/revisions"}],"wp:attachment":[{"href":"https:\/\/obscom.intervozes.org.br\/index.php?rest_route=%2Fwp%2Fv2%2Fmedia&parent=27007"}],"wp:term":[{"taxonomy":"category","embeddable":true,"href":"https:\/\/obscom.intervozes.org.br\/index.php?rest_route=%2Fwp%2Fv2%2Fcategories&post=27007"},{"taxonomy":"post_tag","embeddable":true,"href":"https:\/\/obscom.intervozes.org.br\/index.php?rest_route=%2Fwp%2Fv2%2Ftags&post=27007"}],"curies":[{"name":"wp","href":"https:\/\/api.w.org\/{rel}","templated":true}]}}