{"id":27006,"date":"2012-07-24T17:00:01","date_gmt":"2012-07-24T17:00:01","guid":{"rendered":"https:\/\/obscom.intervozes.org.br\/wordpress\/?p=27006"},"modified":"2012-07-24T17:00:01","modified_gmt":"2012-07-24T17:00:01","slug":"conselho-curador-da-empresa-brasil-de-comunicacao-realiza-audiencia-publica-em-recife-pe","status":"publish","type":"post","link":"https:\/\/obscom.intervozes.org.br\/?p=27006","title":{"rendered":"Conselho Curador da Empresa Brasil de Comunica\u00e7\u00e3o realiza audi\u00eancia p\u00fablica em Recife (PE)"},"content":{"rendered":"<p><span class=\"padrao\"><strong>Reda&ccedil;&atilde;o &#8211; Observat&oacute;rio do Direito &agrave; Comunica&ccedil;&atilde;o<\/strong><\/p>\n<p>Nesta quarta, 25 de julho, o Conselhgo Curador da Empresa Brasil de Comunica&ccedil;&atilde;o (EBC) realiza sua primeira audi&ecirc;ncia p&uacute;blica na regi&atilde;o nordeste do pa&iacute;s. O &oacute;rg&atilde;o receber&aacute; contribui&ccedil;&atilde;o dos cidad&atilde;os sobre a &ldquo;Rede P&uacute;blica de TV: programa&ccedil;&atilde;o e modelos de parceria entre a EBC e os ve&iacute;culos locais e regionais&rdquo;.<\/p>\n<p>A audi&ecirc;ncia ser&aacute; realizada &agrave;s 9h na Assembleia Legislativa de Pernambuco. Ela tamb&eacute;m ser&aacute; transmitida ao vivo pelo site do Conselho, no endere&ccedil;o <a href=\"www.conselhocurador.ebc.com.br\" target=\"_blank\">www.conselhocurador.ebc.com.br<\/a>  . Mais informa&ccedil;&otilde;es com a Secretaria Executiva do Conselho Curador, no telefone (61) 3799-5636\/5554. <\/p>\n<p><em>Com informa&ccedil;&otilde;es da EBC<\/em><\/p>\n<p><\/span><\/p>\n","protected":false},"excerpt":{"rendered":"<p>Reda&ccedil;&atilde;o &#8211; Observat&oacute;rio do Direito &agrave; Comunica&ccedil;&atilde;o Nesta quarta, 25 de julho, o Conselhgo Curador da Empresa Brasil de Comunica&ccedil;&atilde;o (EBC) realiza sua primeira audi&ecirc;ncia p&uacute;blica na regi&atilde;o nordeste do pa&iacute;s. O &oacute;rg&atilde;o receber&aacute; contribui&ccedil;&atilde;o dos cidad&atilde;os sobre a &ldquo;Rede P&uacute;blica de TV: programa&ccedil;&atilde;o e modelos de parceria entre a EBC e os ve&iacute;culos locais &hellip; <a href=\"https:\/\/obscom.intervozes.org.br\/?p=27006\" class=\"more-link\">Continue lendo <span class=\"screen-reader-text\">Conselho Curador da Empresa Brasil de Comunica\u00e7\u00e3o realiza audi\u00eancia p\u00fablica em Recife (PE)<\/span> <span class=\"meta-nav\">&rarr;<\/span><\/a><\/p>\n","protected":false},"author":1,"featured_media":0,"comment_status":"open","ping_status":"open","sticky":false,"template":"","format":"standard","meta":{"footnotes":""},"categories":[39],"tags":[],"_links":{"self":[{"href":"https:\/\/obscom.intervozes.org.br\/index.php?rest_route=\/wp\/v2\/posts\/27006"}],"collection":[{"href":"https:\/\/obscom.intervozes.org.br\/index.php?rest_route=\/wp\/v2\/posts"}],"about":[{"href":"https:\/\/obscom.intervozes.org.br\/index.php?rest_route=\/wp\/v2\/types\/post"}],"author":[{"embeddable":true,"href":"https:\/\/obscom.intervozes.org.br\/index.php?rest_route=\/wp\/v2\/users\/1"}],"replies":[{"embeddable":true,"href":"https:\/\/obscom.intervozes.org.br\/index.php?rest_route=%2Fwp%2Fv2%2Fcomments&post=27006"}],"version-history":[{"count":0,"href":"https:\/\/obscom.intervozes.org.br\/index.php?rest_route=\/wp\/v2\/posts\/27006\/revisions"}],"wp:attachment":[{"href":"https:\/\/obscom.intervozes.org.br\/index.php?rest_route=%2Fwp%2Fv2%2Fmedia&parent=27006"}],"wp:term":[{"taxonomy":"category","embeddable":true,"href":"https:\/\/obscom.intervozes.org.br\/index.php?rest_route=%2Fwp%2Fv2%2Fcategories&post=27006"},{"taxonomy":"post_tag","embeddable":true,"href":"https:\/\/obscom.intervozes.org.br\/index.php?rest_route=%2Fwp%2Fv2%2Ftags&post=27006"}],"curies":[{"name":"wp","href":"https:\/\/api.w.org\/{rel}","templated":true}]}}