{"id":27005,"date":"2012-07-24T15:32:50","date_gmt":"2012-07-24T15:32:50","guid":{"rendered":"https:\/\/obscom.intervozes.org.br\/wordpress\/?p=27005"},"modified":"2012-07-24T15:32:50","modified_gmt":"2012-07-24T15:32:50","slug":"estudantes-e-ativistas-reivindicam-democratizacao-da-midia-em-brasilia","status":"publish","type":"post","link":"https:\/\/obscom.intervozes.org.br\/?p=27005","title":{"rendered":"Estudantes e ativistas reivindicam democratiza\u00e7\u00e3o da m\u00eddia em Bras\u00edlia"},"content":{"rendered":"<p><span class=\"padrao\">Cerca de 600 estudantes e militantes de movimentos sociais foram &agrave;s ruas de Bras&iacute;lia na &uacute;ltima quinta-feira (19) para reivindicar a democratiza&ccedil;&atilde;o dos meios de comunica&ccedil;&atilde;o no Brasil. O ato p&uacute;blico foi organizado pela Executiva Nacional dos Estudantes de Comunica&ccedil;&atilde;o Social (Enecos) em parceria com entidades do movimento pela democratiza&ccedil;&atilde;o da comunica&ccedil;&atilde;o no Distrito Federal. <\/p>\n<p>Os manifestantes criticaram a demora do governo em colocar em discuss&atilde;o p&uacute;blica a proposta de novo marco regulat&oacute;rio das comunica&ccedil;&otilde;es brasileiras e exigiram que a sociedade seja ouvida na formula&ccedil;&atilde;o desta nova legisla&ccedil;&atilde;o. Para Agatha Cristie, da Coordena&ccedil;&atilde;o Nacional da Enecos, o ato foi importante para pressionar o governo a apresentar propostas para o marco regulat&oacute;rio das comunica&ccedil;&otilde;es. &quot;Queremos que os estudantes e os movimentos sociais participem de fato na constru&ccedil;&atilde;o de uma nova legisla&ccedil;&atilde;o que democratize a comunica&ccedil;&atilde;o&quot;, afirma a estudante. <\/p>\n<p>Na tarde da mesma quinta-feira (19), durante o ato, representantes dos manifestantes foram recebidos pelo assessor da Secretaria Executiva do Minist&eacute;rio das Comunica&ccedil;&otilde;es, James G&ouml;rgen, a quem entregaram uma carta de apoio &agrave; <a href=\"www.comunicacaodemocratica.org.br\" target=\"_blank\">plataforma da sociedade civil<\/a>  para o novo marco regulat&oacute;rio das comunica&ccedil;&otilde;es, que cont&eacute;m as 20 propostas consideradas priorit&aacute;rias pela sociedade civil na defini&ccedil;&atilde;o de um marco legal para as comunica&ccedil;&otilde;es em nosso pa&iacute;s. Em marcha pela esplanada dos minist&eacute;rios, os manifestantes ainda declararam apoio &agrave; greve geral dos servidores federais e pediram mais aten&ccedil;&atilde;o do governo ao ensino p&uacute;blico e &agrave;s universidades brasileiras.<\/p>\n<p>O ato p&uacute;blico pela democratiza&ccedil;&atilde;o ocorreu dentro da programa&ccedil;&atilde;o do 33&ordm; Encontro Nacional dos Estudantes de Comunica&ccedil;&atilde;o Social (Enecom), que reuniu, de 13 a 21 de julho, na Universidade de Bras&iacute;lia, cerca de 500 estudantes de comunica&ccedil;&atilde;o social de todo o pa&iacute;s em torno do tema &quot;A Voz do Oprimido est&aacute; no ar&quot;. Al&eacute;m do tema central, os estudantes tamb&eacute;m discutiram quest&otilde;es relacionadas &agrave; qualidade da forma&ccedil;&atilde;o nas universidades, ao combate &agrave;s opress&otilde;es e &agrave; democratiza&ccedil;&atilde;o da comunica&ccedil;&atilde;o.<\/p>\n<p>Segundo a estudante de comunica&ccedil;&atilde;o da Universidade Federal do Par&aacute; (UFPA) Joyce Sousa, as discuss&otilde;es sobre democratiza&ccedil;&atilde;o da comunica&ccedil;&atilde;o foram por algum tempo deixadas de lado nos encontros da Enecos, por conta dos desgastes gerados durante a 1&ordf; Confer&ecirc;ncia Nacional de Comunica&ccedil;&atilde;o (Confecom) e pelas mudan&ccedil;as que vinham ocorrendo no curr&iacute;culo dos cursos, que fizeram com que a Enecos focasse a sua atua&ccedil;&atilde;o na qualidade de forma&ccedil;&atilde;o do comunicador.<\/p>\n<p>&ldquo;O retorno a esta bandeira (da democratiza&ccedil;&atilde;o da comunica&ccedil;&atilde;o) se d&aacute; pela necessidade da Enecos se posicionar diante das mudan&ccedil;as em curso na comunica&ccedil;&atilde;o do Brasil, como por exemplo, a constru&ccedil;&atilde;o do novo marco regulat&oacute;rio da comunica&ccedil;&atilde;o&rdquo;, observa Joyce. Segundo Aghata, uma s&eacute;rie de agendas est&atilde;o sendo programadas pela Executiva para o ano, como a 10&ordf; Semana Nacional pela Democratiza&ccedil;&atilde;o da Comunica&ccedil;&atilde;o e semin&aacute;rios sobre o novo marco regulat&oacute;rio nas escolas.<\/p>\n<p>Al&eacute;m das mesas de discuss&atilde;o e dos debates, durante o Enecom os estudantes tamb&eacute;m realizaram os &ldquo;N&uacute;cleos de Viv&ecirc;ncias&rdquo;, visitando v&aacute;rios lugares do Distrito Federal onde a comunica&ccedil;&atilde;o &eacute; realizada com vi&eacute;s popular. &Eacute; a quinta vez que o Enecom acontece no Distrito Federal. Em 2001, &uacute;ltima vez que o encontro aconteceu no DF, o tema central tamb&eacute;m foi democratiza&ccedil;&atilde;o da comunica&ccedil;&atilde;o. O pr&oacute;ximo Enecom, em 2013, ser&aacute; realizado no Piau&iacute;.<\/span><\/p>\n","protected":false},"excerpt":{"rendered":"<p><span class=\"padrao\">Durante o 33&ordm; Encontro Nacional dos Estudantes de Comunica&ccedil;&atilde;o Social (ENECOM), ativistas se mobilizam na Esplanada dos Minist&eacute;rios em defesa de um novo marco regulat&oacute;rio das comunica&ccedil;&otilde;es democr&aacute;tico.<\/span><\/p>\n","protected":false},"author":1,"featured_media":0,"comment_status":"open","ping_status":"open","sticky":false,"template":"","format":"standard","meta":{"footnotes":""},"categories":[40],"tags":[830],"_links":{"self":[{"href":"https:\/\/obscom.intervozes.org.br\/index.php?rest_route=\/wp\/v2\/posts\/27005"}],"collection":[{"href":"https:\/\/obscom.intervozes.org.br\/index.php?rest_route=\/wp\/v2\/posts"}],"about":[{"href":"https:\/\/obscom.intervozes.org.br\/index.php?rest_route=\/wp\/v2\/types\/post"}],"author":[{"embeddable":true,"href":"https:\/\/obscom.intervozes.org.br\/index.php?rest_route=\/wp\/v2\/users\/1"}],"replies":[{"embeddable":true,"href":"https:\/\/obscom.intervozes.org.br\/index.php?rest_route=%2Fwp%2Fv2%2Fcomments&post=27005"}],"version-history":[{"count":0,"href":"https:\/\/obscom.intervozes.org.br\/index.php?rest_route=\/wp\/v2\/posts\/27005\/revisions"}],"wp:attachment":[{"href":"https:\/\/obscom.intervozes.org.br\/index.php?rest_route=%2Fwp%2Fv2%2Fmedia&parent=27005"}],"wp:term":[{"taxonomy":"category","embeddable":true,"href":"https:\/\/obscom.intervozes.org.br\/index.php?rest_route=%2Fwp%2Fv2%2Fcategories&post=27005"},{"taxonomy":"post_tag","embeddable":true,"href":"https:\/\/obscom.intervozes.org.br\/index.php?rest_route=%2Fwp%2Fv2%2Ftags&post=27005"}],"curies":[{"name":"wp","href":"https:\/\/api.w.org\/{rel}","templated":true}]}}