{"id":26996,"date":"2012-07-20T17:10:40","date_gmt":"2012-07-20T17:10:40","guid":{"rendered":"https:\/\/obscom.intervozes.org.br\/wordpress\/?p=26996"},"modified":"2012-07-20T17:10:40","modified_gmt":"2012-07-20T17:10:40","slug":"mpf-elogia-acao-da-anatel-contra-operadoras-moveis","status":"publish","type":"post","link":"https:\/\/obscom.intervozes.org.br\/?p=26996","title":{"rendered":"MPF elogia a\u00e7\u00e3o da Anatel contra operadoras m\u00f3veis"},"content":{"rendered":"<p><span class=\"padrao\">A decis&atilde;o da Anatel de suspender a comercializa&ccedil;&atilde;o de novas linhas de telefonia m&oacute;vel foi elogiada pelo coordenador da 3&ordf; C&acirc;mara de Coordena&ccedil;&atilde;o e Revis&atilde;o (consumidor e ordem econ&ocirc;mica), Antonio Fonseca. &quot;O que se tem percebido ano ap&oacute;s ano &eacute; o crescimento da base de clientes das prestadoras de telefonia m&oacute;vel sem a correspondente melhoria na qualidade do servi&ccedil;o&quot;, avalia.<\/p>\n<p>No entendimento da 3&ordf; CCR, o Servi&ccedil;o M&oacute;vel Pessoal &eacute; servi&ccedil;o essencial e relevante para o desenvolvimento econ&ocirc;mico e social do pa&iacute;s, e o consumidor n&atilde;o pode ser prejudicado pelas falhas na transmiss&atilde;o da comunica&ccedil;&atilde;o. A rede deve estar dimensionada para atender os consumidores de forma esperada e adequada.<\/p>\n<p>J&aacute; na primeira Carta a Autoridades, que a 3&ordf; CCR enviou em 16 de mar&ccedil;o de 2011, acompanhada de sinopses de diagn&oacute;sticos setoriais realizados pelo corpo de peritos, este &oacute;rg&atilde;o ministerial chamava a aten&ccedil;&atilde;o para o assunto, em que o coordenador comentava: &ldquo;esta situa&ccedil;&atilde;o mostra que a redu&ccedil;&atilde;o do &iacute;ndice de reclama&ccedil;&otilde;es dos consumidores relativo &agrave; presta&ccedil;&atilde;o dos servi&ccedil;os de telefonia deve ser tratada pelo governo federal com prioridade m&aacute;xima&rdquo;.<\/p>\n<p>A falta de qualidade dos servi&ccedil;os e a aus&ecirc;ncia de esclarecimentos aos consumidores acabam por sobrecarregar os &oacute;rg&atilde;os de Defesa do Consumidor, o Poder Judici&aacute;rio e o Minist&eacute;rio P&uacute;blico com causas corriqueiras, reincidentes e comuns.<\/p>\n<p>Em levantamento recente, contaram-se 55 a&ccedil;&otilde;es civis p&uacute;blicas motivadas por telefonia. Dessas a&ccedil;&otilde;es, o Grupo Oi &eacute; parte em 38 a&ccedil;&otilde;es; o Grupo Claro, em 14; e o Grupo TIM, em 12. &Eacute; importante destacar que em diversas a&ccedil;&otilde;es civis p&uacute;blicas h&aacute; mais de um grupo envolvido.<\/p>\n<p>Fonseca afirma que a simples aplica&ccedil;&atilde;o de multa pecuni&aacute;ria decorrente dos Procedimentos de Apura&ccedil;&atilde;o de Descumprimento de Obriga&ccedil;&otilde;es (Pado) t&ecirc;m sido ineficazes. &ldquo;As operadoras costumam recorrer da puni&ccedil;&atilde;o, e menos que 5% das multas chegam a ser recolhidas aos cofres p&uacute;blicos&rdquo;, disse. Pior que isso, sustenta, n&atilde;o chegam a resolver os problemas que deram causa &agrave;s reclama&ccedil;&otilde;es dos consumidores.<\/p>\n<p><strong>A&ccedil;&otilde;es<\/strong><\/p>\n<p>Segundo Fonseca, a medida adotada pela Anatel vai ao encontro de diversas a&ccedil;&otilde;es extrajudiciais e judiciais de autoria do Minist&eacute;rio P&uacute;blico Federal (MPF). Muitas das iniciativas do MPF visam &agrave; melhoria dos servi&ccedil;os prestados pelas operadoras de telefonia m&oacute;vel, como a a&ccedil;&atilde;o civil p&uacute;blica que foi ajuizada, em junho, pelo MPF no Par&aacute;, contra a TIM e a Ag&ecirc;ncia Nacional de Telecomunica&ccedil;&otilde;es (Anatel). A atua&ccedil;&atilde;o do MPF deveu-se &agrave;s cont&iacute;nuas interrup&ccedil;&otilde;es no servi&ccedil;o de telefonia m&oacute;vel prestado pela operadora no estado. Na a&ccedil;&atilde;o, o MPF pediu que a TIM fosse proibida de comercializar novas assinaturas ou habilitar linhas e fosse condenada a indenizar os consumidores do Par&aacute; em R$ 100 milh&otilde;es. O MPF pediu tamb&eacute;m que a TIM apresentasse um projeto de amplia&ccedil;&atilde;o da rede para oferecer melhor servi&ccedil;o em rela&ccedil;&atilde;o &agrave;s linhas que j&aacute; est&atilde;o habilitadas.<\/p>\n<p>Em mar&ccedil;o deste ano, o MPF no Rio Grande do Sul e a empresa Oi firmaram um acordo que previa o pagamento de indeniza&ccedil;&atilde;o de R$ 2,5 milh&otilde;es por danos morais coletivos e multas referentes ao descumprimento de decis&otilde;es liminares. O acordo &eacute; resultado de uma negocia&ccedil;&atilde;o destinada a concluir, de forma consensual e efetiva, 14 a&ccedil;&otilde;es civis p&uacute;blicas que haviam sido ajuizadas em v&aacute;rias unidades do MPF no estado. O acordo firmado com a Oi teve aplica&ccedil;&atilde;o &agrave; telefonia m&oacute;vel e fixa em todo o estado do Rio Grande do Sul.<\/p>\n<p>Em setembro de 2012, o MPF no Acre enviou recomenda&ccedil;&atilde;o &agrave; operadora de telefonia Oi e &agrave; Anatel com uma s&eacute;rie de medidas e prazos para que o problema da inefici&ecirc;ncia e inadequa&ccedil;&atilde;o dos servi&ccedil;os prestados pela operadora no Acre fosse solucionado. A recomenda&ccedil;&atilde;o estipulou prazo de 20 dias para que a Oi apresentasse projeto t&eacute;cnico referente &agrave; instala&ccedil;&atilde;o de rota e infraestrutura de conting&ecirc;ncia de dados entre Acre\/Rond&ocirc;nia e o resto da rede nacional, nos moldes dos demais estados do pa&iacute;s que contam com rotas f&iacute;sicas de fibra &oacute;tica com redund&acirc;ncia espacial.<\/p>\n<p>No Piau&iacute;, o MPF ajuizou a&ccedil;&atilde;o civil p&uacute;blica contra a Claro devido a falhas no servi&ccedil;o fornecimento pela operadora. De acordo com a a&ccedil;&atilde;o, ajuizada em julho de 2011, relat&oacute;rio da Anatel informou que os clientes da Claro n&atilde;o puderam efetuar e receber chamadas pois o sistema de telefonia m&oacute;vel apresentou a mensagem de &ldquo;rede ocupada&rdquo; ou &ldquo;rede indispon&iacute;vel&rdquo;. Foi constatado tamb&eacute;m que a Claro n&atilde;o promovia amplia&ccedil;&otilde;es na rede de acesso justamente nos munic&iacute;pios que apresentavam maior tr&aacute;fego, como Teresina, Luzil&acirc;ndia, Barras e Valen&ccedil;a do Piau&iacute;. (Da reda&ccedil;&atilde;o, com assessoria de imprensa)<\/span><\/p>\n","protected":false},"excerpt":{"rendered":"<p>A decis&atilde;o da Anatel de suspender a comercializa&ccedil;&atilde;o de novas linhas de telefonia m&oacute;vel foi elogiada pelo coordenador da 3&ordf; C&acirc;mara de Coordena&ccedil;&atilde;o e Revis&atilde;o (consumidor e ordem econ&ocirc;mica), Antonio Fonseca. &quot;O que se tem percebido ano ap&oacute;s ano &eacute; o crescimento da base de clientes das prestadoras de telefonia m&oacute;vel sem a correspondente melhoria &hellip; <a href=\"https:\/\/obscom.intervozes.org.br\/?p=26996\" class=\"more-link\">Continue lendo <span class=\"screen-reader-text\">MPF elogia a\u00e7\u00e3o da Anatel contra operadoras m\u00f3veis<\/span> <span class=\"meta-nav\">&rarr;<\/span><\/a><\/p>\n","protected":false},"author":1,"featured_media":0,"comment_status":"open","ping_status":"open","sticky":false,"template":"","format":"standard","meta":{"footnotes":""},"categories":[40],"tags":[81],"_links":{"self":[{"href":"https:\/\/obscom.intervozes.org.br\/index.php?rest_route=\/wp\/v2\/posts\/26996"}],"collection":[{"href":"https:\/\/obscom.intervozes.org.br\/index.php?rest_route=\/wp\/v2\/posts"}],"about":[{"href":"https:\/\/obscom.intervozes.org.br\/index.php?rest_route=\/wp\/v2\/types\/post"}],"author":[{"embeddable":true,"href":"https:\/\/obscom.intervozes.org.br\/index.php?rest_route=\/wp\/v2\/users\/1"}],"replies":[{"embeddable":true,"href":"https:\/\/obscom.intervozes.org.br\/index.php?rest_route=%2Fwp%2Fv2%2Fcomments&post=26996"}],"version-history":[{"count":0,"href":"https:\/\/obscom.intervozes.org.br\/index.php?rest_route=\/wp\/v2\/posts\/26996\/revisions"}],"wp:attachment":[{"href":"https:\/\/obscom.intervozes.org.br\/index.php?rest_route=%2Fwp%2Fv2%2Fmedia&parent=26996"}],"wp:term":[{"taxonomy":"category","embeddable":true,"href":"https:\/\/obscom.intervozes.org.br\/index.php?rest_route=%2Fwp%2Fv2%2Fcategories&post=26996"},{"taxonomy":"post_tag","embeddable":true,"href":"https:\/\/obscom.intervozes.org.br\/index.php?rest_route=%2Fwp%2Fv2%2Ftags&post=26996"}],"curies":[{"name":"wp","href":"https:\/\/api.w.org\/{rel}","templated":true}]}}