{"id":26994,"date":"2012-07-20T15:56:32","date_gmt":"2012-07-20T15:56:32","guid":{"rendered":"https:\/\/obscom.intervozes.org.br\/wordpress\/?p=26994"},"modified":"2012-07-20T15:56:32","modified_gmt":"2012-07-20T15:56:32","slug":"conselho-de-comunicacao-social-expoe-vicios-na-concepcao-do-congresso-nacional-sobre-comunicacao","status":"publish","type":"post","link":"https:\/\/obscom.intervozes.org.br\/?p=26994","title":{"rendered":"Conselho de Comunica\u00e7\u00e3o Social exp\u00f5e v\u00edcios na concep\u00e7\u00e3o do Congresso Nacional sobre comunica\u00e7\u00e3o"},"content":{"rendered":"<p><span class=\"padrao\">Foram seis anos de espera para a convoca&ccedil;&atilde;o da nova gest&atilde;o do Conselho de Comunica&ccedil;&atilde;o Social (CCS), que estava sem funcionar desde 2006, em desacordo com o disposto na Constitui&ccedil;&atilde;o Federal. Na &uacute;ltima ter&ccedil;a-feira (17), o Senado Federal, &oacute;rg&atilde;o respons&aacute;vel pela nomea&ccedil;&atilde;o do CCS, divulgou os 26 membros do Conselho, sendo 13 titulares e o mesmo n&uacute;mero de suplentes.<\/p>\n<p>Dentre os titulares, nenhuma mulher. Dentre os membros da sociedade civil, no m&aacute;ximo o representante da Funda&ccedil;&atilde;o Get&uacute;lio Vargas pode ser considerado representante de entidade, coletivo ou grupo que discute a comunica&ccedil;&atilde;o. A grande maiora s&atilde;o empres&aacute;rios, &#39;laranjas&#39; e religiosos, com destaque para o exemplo que melhor define a composi&ccedil;&atilde;o deste conselho: o jornalista Fernando C&eacute;sar Mesquita &#8211; atual Secret&aacute;rio de Comunica&ccedil;&atilde;o do Senado e ex porta-voz de Jos&eacute; Sarney na Presid&ecirc;ncia da Rep&uacute;blica. A vaga de Mesquita, pasmem, &eacute; destinada &agrave; sociedade civil.<\/p>\n<p>As decep&ccedil;&otilde;es poderiam cessar por ai, e j&aacute; estariam de bom tamanho, mas n&atilde;o. Parece que a nomea&ccedil;&atilde;o do CCS veio mesmo para chocar aqueles que h&aacute; anos questionam a inoper&acirc;ncia do &oacute;rg&atilde;o, acreditando na sua importante, ainda que limitada, miss&atilde;o.<\/p>\n<p>Fazendo um resgate hist&oacute;rico, vale relembrar que o CCS foi um dos pontos mais cr&iacute;ticos da Constituinte de 1988. O grupo de parlamentares que lutavam por um cap&iacute;tulo da comunica&ccedil;&atilde;o com um car&aacute;ter mais democr&aacute;tico fazia quest&atilde;o da exist&ecirc;ncia de um Conselho, nos moldes dos conselhos superiores de comunica&ccedil;&atilde;o social de pa&iacute;ses europeus, como na BBC do Reino Unido. O conselho, ao contr&aacute;rio do que ele &eacute; hoje, seria um conselho de car&aacute;ter deliberativo e com um poder muito maior, pr&oacute;ximo ao de &oacute;rg&atilde;os reguladores. Este formato de conselho foi uma das causas &#8211; se n&atilde;o a principal delas &#8211; para que o cap&iacute;tulo da comunica&ccedil;&atilde;o social quase n&atilde;o ficasse pronto a tempo de ser inserido no texto da Constitui&ccedil;&atilde;o. Mas ele ficou. E l&aacute; estava o Conselho, no &uacute;ltimo artigo do Cap&iacute;tulo V do T&iacute;tulo VIII, como &oacute;rg&atilde;o auxiliar do Congresso Nacional e com car&aacute;ter consultivo.<\/p>\n<p>Dois anos depois, a Lei n&ordm; 8.389\/1991 regulamentou o artigo 224, que disp&otilde;e sobre a exist&ecirc;ncia doConselho. Salvo engano, o primeiro artigo dos cinco da Comunica&ccedil;&atilde;o Social a ser regulamentado p&oacute;s-Constitui&ccedil;&atilde;o Federal. Mas foi apenas em 2002 que o Conselho foi nomeado pela primeira vez, com gest&atilde;o de dois anos. Em 2004 teve a sua &uacute;ltima nomea&ccedil;&atilde;o, de forma n&atilde;o muito diferente da do presente ano &#8211; n&atilde;o s&oacute; por alguns nomes repetidos, mas pela mesma caracter&iacute;stica da indica&ccedil;&atilde;o de jornalistas de grandes empresas e de ilustres desconhecidos nas vagas da sociedade civil, por exemplo.<\/p>\n<p>Voltemos &agrave; composi&ccedil;&atilde;o da atual gest&atilde;o. Quanto aos nomes dos empres&aacute;rios de r&aacute;dio, tv e impresso, foram indicados os mesmos de sempre &#8211; donos dos grandes conglomerados dos meios de comunica&ccedil;&atilde;o. Estes devem ter sido acordados com seus pares. Quantos aos engenheiros de not&oacute;rio conhecimento na &aacute;rea, os cargos foram loteados entre SBT e Globo. Mas este n&atilde;o seria, por exemplo, um lugar para ser ocupado por v&aacute;rios dos estudiosos de engenharia das telecomunica&ccedil;&otilde;es das Universidades do pa&iacute;s, que, diga-se de passagem, v&ecirc;m desenvolvendo as tecnologias da TV Digital Brasileira? Para o Congresso Nacional, quando se fala em tecnologia, trata-se da tecnologia que representa os interesses das grandes empresas de comunica&ccedil;&atilde;o. Logo, ocupa-se o cargo com dois tecn&oacute;logos indicados por estas.<\/p>\n<p>Quanto aos representantes das categorias profissionais, o Conselho conta com Celso Schr&ouml;der pelos jornalistas, e Jos&eacute; Catarino Nascimento pelos radialistas. De acordo com entrevista dada por Nascimento &agrave; Revista Brasil Atual, ele n&atilde;o foi sondado e nem consultado para ser nomeado. Afirmou ainda que ainda n&atilde;o sabe se vai assumir o cargo. Segundo a Revista, da mesma forma se deu a nomea&ccedil;&atilde;o do Presidente do Sindicato Interestadual dos Trabalhadores na Ind&uacute;stria Cinematogr&aacute;fica e do Audiovisual (que abrange Norte, Nordeste e Sudeste, com exce&ccedil;&atilde;o de S&atilde;o Paulo), Luiz Gerace.<\/p>\n<p>De volta aos quatro representantes da sociedade civil:um j&aacute; devidamente apresentado; dos outros tr&ecirc;s representantes titulares, um &eacute; Arcebispo do Rio de Janeiro, Dom Orani Jo&atilde;o Tempesta, que tem como suplente o escritor e ex-jornalista das organiza&ccedil;&otilde;es Globo, Pedro Rog&eacute;rio Couto Pereira. Outro representante, Jo&atilde;o Monteiro Filho, criador da RedeVida, uma das maiores emissoras religiosas do pa&iacute;s, e tem como suplente o ator, que pouco conhe&ccedil;o politicamente &ndash; reconhe&ccedil;o apenas de novelas da Globo&ndash;Jos&eacute; Vitor Castiel. E por fim, o professor da Funda&ccedil;&atilde;o Get&uacute;lio Vargas, especialista em propriedade intelectual, Ronaldo Lemos, que tem como suplente o ex-ministro da Cultura, Juca Ferreira. Afora os dois &uacute;ltimos, ressalto que nunca vi nenhum dos outros de qualquer forma inseridos no debate da comunica&ccedil;&atilde;o, sua regula&ccedil;&atilde;o, seus problemas, suas solu&ccedil;&otilde;es. Gostaria mesmo era de saber qual deles sabe o que faz um Conselho de Comunica&ccedil;&atilde;o Social e qual o papel de um conselheiro.<\/p>\n<p>O processo de composi&ccedil;&atilde;o do Conselho de Comunica&ccedil;&atilde;o Social exp&otilde;e, na verdade, a concep&ccedil;&atilde;o descompromissada e antidemocr&aacute;tica do Congresso Nacional sobre a discuss&atilde;o da comunica&ccedil;&atilde;o social no pa&iacute;s. Tal constata&ccedil;&atilde;o se mostra ainda mais grave pelo fato de o Congresso ser o respons&aacute;vel pelas outorgas e renova&ccedil;&otilde;es das concess&otilde;es de r&aacute;dio e televis&atilde;o, processo que, como se sabe, &eacute; permeado pelos interesses dos empres&aacute;rios do setor, muitas vezes tamb&eacute;m parlamentares &ndash; como o atual Presidente do Senado. Este processo, como todo v&iacute;cio, n&atilde;o acaba sem tratamento de choque. Iniciemos!<\/p>\n<p><em>Mariana Martins &eacute; jornalista. Doutoranda da linha Pol&iacute;ticas de Comunica&ccedil;&atilde;o e Cultura da Universidade de Bras&iacute;lia (UnB). Membro do Laborat&oacute;rio de Pol&iacute;ticas de Comunica&ccedil;&atilde;o da UnB e do Intervozes &ndash; Coletivo Brasil de Comunica&ccedil;&atilde;o Social<\/em><br \/><\/span><\/p>\n","protected":false},"excerpt":{"rendered":"<p><span class=\"padrao\">Parece que a nomea&ccedil;&atilde;o do CCS veio mesmo para chocar  aqueles que h&aacute; anos questionam a inoper&acirc;ncia do &oacute;rg&atilde;o, acreditando na  sua importante, ainda que limitada, miss&atilde;o.<\/span><\/p>\n","protected":false},"author":1,"featured_media":0,"comment_status":"open","ping_status":"open","sticky":false,"template":"","format":"standard","meta":{"footnotes":""},"categories":[42],"tags":[363],"_links":{"self":[{"href":"https:\/\/obscom.intervozes.org.br\/index.php?rest_route=\/wp\/v2\/posts\/26994"}],"collection":[{"href":"https:\/\/obscom.intervozes.org.br\/index.php?rest_route=\/wp\/v2\/posts"}],"about":[{"href":"https:\/\/obscom.intervozes.org.br\/index.php?rest_route=\/wp\/v2\/types\/post"}],"author":[{"embeddable":true,"href":"https:\/\/obscom.intervozes.org.br\/index.php?rest_route=\/wp\/v2\/users\/1"}],"replies":[{"embeddable":true,"href":"https:\/\/obscom.intervozes.org.br\/index.php?rest_route=%2Fwp%2Fv2%2Fcomments&post=26994"}],"version-history":[{"count":0,"href":"https:\/\/obscom.intervozes.org.br\/index.php?rest_route=\/wp\/v2\/posts\/26994\/revisions"}],"wp:attachment":[{"href":"https:\/\/obscom.intervozes.org.br\/index.php?rest_route=%2Fwp%2Fv2%2Fmedia&parent=26994"}],"wp:term":[{"taxonomy":"category","embeddable":true,"href":"https:\/\/obscom.intervozes.org.br\/index.php?rest_route=%2Fwp%2Fv2%2Fcategories&post=26994"},{"taxonomy":"post_tag","embeddable":true,"href":"https:\/\/obscom.intervozes.org.br\/index.php?rest_route=%2Fwp%2Fv2%2Ftags&post=26994"}],"curies":[{"name":"wp","href":"https:\/\/api.w.org\/{rel}","templated":true}]}}