{"id":26993,"date":"2012-07-19T02:35:44","date_gmt":"2012-07-19T02:35:44","guid":{"rendered":"https:\/\/obscom.intervozes.org.br\/wordpress\/?p=26993"},"modified":"2012-07-19T02:35:44","modified_gmt":"2012-07-19T02:35:44","slug":"entidades-e-parlamentares-criticam-composicao-do-conselho-de-comunicacao-social","status":"publish","type":"post","link":"https:\/\/obscom.intervozes.org.br\/?p=26993","title":{"rendered":"Entidades e parlamentares criticam composi\u00e7\u00e3o do Conselho de Comunica\u00e7\u00e3o Social"},"content":{"rendered":"<p><!-- \t\t@page { margin: 2cm } \t\tP { margin-bottom: 0.21cm } \t\tTD P { margin-bottom: 0cm } \t--><span class=\"padrao\">O F&oacute;rum Nacional pela Democratiza&ccedil;&atilde;o da Comunica&ccedil;&atilde;o (FNDC) e a Frente Parlamentar pela Liberdade de Express&atilde;o e o Direito &agrave; Comunica&ccedil;&atilde;o com participa&ccedil;&atilde;o popular (FRENTECOM) se manifestaram questionando o processo de indica&ccedil;&atilde;o dos novos membros do Conselho de Comunica&ccedil;&atilde;o Social (CCS). Na sess&atilde;o desta ter&ccedil;a-feira (17), &agrave;s v&eacute;speras de um recesso que deve se estender at&eacute; outubro, o Congresso Nacional aprovou a nova composi&ccedil;&atilde;o do Conselho de Comunica&ccedil;&atilde;o Social (CCS), previsto na Constitui&ccedil;&atilde;o como &oacute;rg&atilde;o auxiliar do Parlamento.<\/p>\n<p>A nova composi&ccedil;&atilde;o do CCS foi indicada pelos parlamentares e encaminhada para vota&ccedil;&atilde;o sem nenhuma discuss&atilde;o pr&eacute;via, ap&oacute;s os nomes indicados terem circulado apenas entre os l&iacute;deres dos partidos. Entre outras fun&ccedil;&otilde;es, o Conselho deve emitir pareceres e recomenda&ccedil;&otilde;es ligadas &agrave; produ&ccedil;&atilde;o e programa&ccedil;&atilde;o de emissoras de r&aacute;dio e TV.<\/p>\n<p><u><a href=\"http:\/\/www.cut.org.br\/destaques\/22325\/indicacao-do-conselho-de-comunicacao-social-e-retrograda-e-antidemocratica-sp\" target=\"_blank\">Em nota divulgada nesta quarta (18)<\/a><\/u>  , o FNDC manifestou &quot;seu rep&uacute;dio e indigna&ccedil;&atilde;o quanto &agrave; nomea&ccedil;&atilde;o antidemocr&aacute;tica e preconceituosa realizada pelo Congresso Nacional&quot;. Para os movimentos sociais as indica&ccedil;&otilde;es &quot;foram completamente arbitr&aacute;rias, sem di&aacute;logo com a sociedade civil organizada com atua&ccedil;&atilde;o no campo&quot;. O F&oacute;rum afirma que foram privilegiadas nas indica&ccedil;&otilde;es &quot;setores conservadores (inclusive empres&aacute;rios do setor) e ligados &agrave;s igrejas, com claro favorecimento a cidad&atilde;os com rela&ccedil;&otilde;es pessoais com o presidente do Congresso Nacional&quot;, e que nem representantes nacionais dos radialistas e dos artistas foram ouvidos no processo. O FNDC tamb&eacute;m denuncia que apenas homens foram indicados para as vagas de titulares, desprezando a participa&ccedil;&atilde;o feminina e a diversidade e pluralidade da nossa sociedade.<\/p>\n<p><a href=\"http:\/\/frentecom.wordpress.com\/2012\/07\/19\/frentecom-repudia-metodo-de-composicao-do-conselho-de-comunicacao-social\/\" target=\"_blank\">A Frente Parlamentar pela Liberdade de Express&atilde;o e o Direito a Comunica&ccedil;&atilde;o com Participa&ccedil;&atilde;o Popular (FRENTECOM) <\/a><u><a href=\"http:\/\/frentecom.wordpress.com\/2012\/07\/19\/frentecom-repudia-metodo-de-composicao-do-conselho-de-comunicacao-social\/\" target=\"_blank\">tamb&eacute;m publicou uma nota<\/a><\/u>  nesta quarta-feira questionando a forma como a mat&eacute;ria foi votada e aprovada, j&aacute; que, segundo a nota, a vota&ccedil;&atilde;o dessa mat&eacute;ria se deu numa sess&atilde;o do Congresso convocada com um &uacute;nico ponto de pauta, o Projeto de Lei de Diretrizes Or&ccedil;ament&aacute;rias, &agrave;s v&eacute;speras do recesso parlamentar. &ldquo;O item sobre o CCS deve ter sido inclu&iacute;do como extra-pauta, sem discuss&atilde;o e &agrave; revelia da maioria dos parlamentares, provavelmente com o conhecimento apenas dos l&iacute;deres de bancada presentes &agrave; referida sess&atilde;o&rdquo;, assinala os deputados.<\/p>\n<p><strong>O Conselho de Comunica&ccedil;&atilde;o<br \/><\/strong><br \/>Previsto na Constitui&ccedil;&atilde;o Federal, o CCS &eacute; um &oacute;rg&atilde;o auxiliar do Congresso Nacional. Apesar de regulado em 1991, o &oacute;rg&atilde;o s&oacute; foi instalado em 2002, ap&oacute;s um acordo que permitiu uma mudan&ccedil;a constitucional para entrada do capital estrangeiro nos ve&iacute;culos de comunica&ccedil;&atilde;o. O Conselho s&oacute; teve duas composi&ccedil;&otilde;es, entre 2002 e 2006. A deputada Luiza Erundina (PSB\/SP) ingressou em 2009 com uma representa&ccedil;&atilde;o na Procuradoria-Geral da Rep&uacute;blica para que o Minist&eacute;rio P&uacute;blico investigasse os motivos que levavam o Congresso Nacional a n&atilde;o convocar sess&atilde;o para elei&ccedil;&atilde;o do CCS.<\/p>\n<p><strong>Nova composi&ccedil;&atilde;o<br \/><\/strong><br \/>A nova composi&ccedil;&atilde;o do CCS conta com 13 novos integrantes titulares e 13 novos suplentes para um mandato de dois anos, como aponta a Lei N&deg; 8.389\/1991, que regulamenta o &oacute;rg&atilde;o.<\/p>\n<p>Al&eacute;m das fun&ccedil;&otilde;es j&aacute; citadas, o Conselho tamb&eacute;m deve avaliar as finalidades educativas, art&iacute;sticas, culturais e informativas da programa&ccedil;&atilde;o das emissoras de r&aacute;dio e televis&atilde;o; analisar quest&otilde;es ligadas &agrave; liberdade de manifesta&ccedil;&atilde;o do pensamento, da cria&ccedil;&atilde;o, da express&atilde;o e da informa&ccedil;&atilde;o, bem como analisar quest&otilde;es relativas &agrave; propriedade, monop&oacute;lio ou oligop&oacute;lio dos meios de comunica&ccedil;&atilde;o social e outorga e renova&ccedil;&atilde;o de concess&atilde;o, permiss&atilde;o e autoriza&ccedil;&atilde;o de servi&ccedil;os de radiodifus&atilde;o sonora e de sons e imagens.<\/p>\n<p>Confira abaixo quadro com as indica&ccedil;&otilde;es de nomes para nova composi&ccedil;&atilde;o do Conselho de Comunica&ccedil;&atilde;o Social e suas representa&ccedil;&otilde;es.<\/p>\n<p><\/span>   \t \t \t \t \t<!-- \t\t@page { margin: 2cm } \t\tTD P { margin-bottom: 0cm } \t\tP { margin-bottom: 0.21cm } \t--> \t   <\/p>\n<table border=\"0\" cellspacing=\"0\" cellpadding=\"4\" width=\"567\">\n<tbody>\n<tr>\n<td width=\"161\" style=\"border-width: 1px medium 1px 1px; border-style: solid none solid solid; border-color: rgb(0, 0, 0) -moz-use-text-color rgb(0, 0, 0) rgb(0, 0, 0); padding: 0.1cm 0cm 0.1cm 0.1cm\">\n<p class=\"western\" align=\"left\"><em><strong>Cadeira<\/strong><\/em><\/p>\n<div align=\"left\"> \t\t<\/div>\n<\/td>\n<td width=\"190\" align=\"left\" style=\"border-width: 1px medium 1px 1px; border-style: solid none solid solid; border-color: rgb(0, 0, 0) -moz-use-text-color rgb(0, 0, 0) rgb(0, 0, 0); padding: 0.1cm 0cm 0.1cm 0.1cm\">\n<p class=\"western\"><em><strong>TITULARES<\/strong><\/em><\/p>\n<\/td>\n<td width=\"190\" align=\"left\" style=\"border: 1px solid #000000; padding: 0.1cm\">\n<p class=\"western\"><em><strong>SUPLENTES<\/strong><\/em><\/p>\n<\/td>\n<\/tr>\n<tr align=\"left\">\n<td width=\"161\" style=\"border-width: medium medium 1px 1px; border-style: none none solid solid; border-color: -moz-use-text-color -moz-use-text-color rgb(0, 0, 0) rgb(0, 0, 0); padding: 0cm 0cm 0.1cm 0.1cm\">\n<p class=\"padrao\" align=\"left\">Representante das empresas de r&aacute;dio  \t\t\t<\/p>\n<div align=\"left\"> \t\t<\/div>\n<\/td>\n<td width=\"190\" align=\"left\" style=\"border-width: medium medium 1px 1px; border-style: none none solid solid; border-color: -moz-use-text-color -moz-use-text-color rgb(0, 0, 0) rgb(0, 0, 0); padding: 0cm 0cm 0.1cm 0.1cm\">\n<p class=\"padrao\">WALTER VIEIRA CENEVIVA<br \/>Grupo Bandeirantes<\/p>\n<\/td>\n<td width=\"190\" align=\"left\" style=\"border-width: medium 1px 1px; border-style: none solid solid; border-color: -moz-use-text-color rgb(0, 0, 0) rgb(0, 0, 0); padding: 0cm 0.1cm 0.1cm\">\n<p class=\"padrao\">DANIEL PIMENTEL SLAVIERO<br \/>Ex-presidente da \t\t\tABERT<\/p>\n<\/td>\n<\/tr>\n<tr align=\"left\">\n<td width=\"161\" style=\"border-width: medium medium 1px 1px; border-style: none none solid solid; border-color: -moz-use-text-color -moz-use-text-color rgb(0, 0, 0) rgb(0, 0, 0); padding: 0cm 0cm 0.1cm 0.1cm\">\n<p class=\"padrao\">Representante das empresas de televis&atilde;o<\/p>\n<\/td>\n<td width=\"190\" style=\"border-width: medium medium 1px 1px; border-style: none none solid solid; border-color: -moz-use-text-color -moz-use-text-color rgb(0, 0, 0) rgb(0, 0, 0); padding: 0cm 0cm 0.1cm 0.1cm\">\n<p class=\"padrao\">GILBERTO CARLOS LEIFERT<br \/>Rede Globo<\/p>\n<\/td>\n<td width=\"190\" style=\"border-width: medium 1px 1px; border-style: none solid solid; border-color: -moz-use-text-color rgb(0, 0, 0) rgb(0, 0, 0); padding: 0cm 0.1cm 0.1cm\">\n<p class=\"padrao\">M&Aacute;RCIO NOVAES<br \/>Rede Record<\/p>\n<\/td>\n<\/tr>\n<tr align=\"left\">\n<td width=\"161\" style=\"border-width: medium medium 1px 1px; border-style: none none solid solid; border-color: -moz-use-text-color -moz-use-text-color rgb(0, 0, 0) rgb(0, 0, 0); padding: 0cm 0cm 0.1cm 0.1cm\">\n<p class=\"padrao\">Representante de empresas da imprensa escrita  \t\t\t<\/p>\n<\/td>\n<td width=\"190\" style=\"border-width: medium medium 1px 1px; border-style: none none solid solid; border-color: -moz-use-text-color -moz-use-text-color rgb(0, 0, 0) rgb(0, 0, 0); padding: 0cm 0cm 0.1cm 0.1cm\">\n<p class=\"padrao\">ALEXANDRE KRUEL JOBIM<br \/>Grupo RBS<\/p>\n<\/td>\n<td width=\"190\" style=\"border-width: medium 1px 1px; border-style: none solid solid; border-color: -moz-use-text-color rgb(0, 0, 0) rgb(0, 0, 0); padding: 0cm 0.1cm 0.1cm\">\n<p class=\"padrao\">LOURIVAL SANTOS<br \/>Representante da ANER<\/p>\n<\/td>\n<\/tr>\n<tr align=\"left\">\n<td width=\"161\" style=\"border-width: medium medium 1px 1px; border-style: none none solid solid; border-color: -moz-use-text-color -moz-use-text-color rgb(0, 0, 0) rgb(0, 0, 0); padding: 0cm 0cm 0.1cm 0.1cm\">\n<p class=\"padrao\">Engenheiro com not&oacute;rio conhecimento na &aacute;rea \t\t\tde comunica&ccedil;&atilde;o social  \t\t\t<\/p>\n<\/td>\n<td width=\"190\" style=\"border-width: medium medium 1px 1px; border-style: none none solid solid; border-color: -moz-use-text-color -moz-use-text-color rgb(0, 0, 0) rgb(0, 0, 0); padding: 0cm 0cm 0.1cm 0.1cm\">\n<p class=\"padrao\">ROBERTO FRANCO<br \/>SBT<\/p>\n<\/td>\n<td width=\"190\" style=\"border-width: medium 1px 1px; border-style: none solid solid; border-color: -moz-use-text-color rgb(0, 0, 0) rgb(0, 0, 0); padding: 0cm 0.1cm 0.1cm\">\n<p class=\"padrao\">LILIANA NAKONECHNYJ<br \/>Rede Globo<\/p>\n<\/td>\n<\/tr>\n<tr align=\"left\">\n<td width=\"161\" style=\"border-width: medium medium 1px 1px; border-style: none none solid solid; border-color: -moz-use-text-color -moz-use-text-color rgb(0, 0, 0) rgb(0, 0, 0); padding: 0cm 0cm 0.1cm 0.1cm\">\n<p class=\"padrao\">Representante da categoria profissional dos \t\t\tjornalistas<\/p>\n<\/td>\n<td width=\"190\" style=\"border-width: medium medium 1px 1px; border-style: none none solid solid; border-color: -moz-use-text-color -moz-use-text-color rgb(0, 0, 0) rgb(0, 0, 0); padding: 0cm 0cm 0.1cm 0.1cm\">\n<p class=\"padrao\">CELSO AUGUSTO SCHR&Ouml;DER<br \/>Fenaj<\/p>\n<\/td>\n<td width=\"190\" style=\"border-width: medium 1px 1px; border-style: none solid solid; border-color: -moz-use-text-color rgb(0, 0, 0) rgb(0, 0, 0); padding: 0cm 0.1cm 0.1cm\">\n<p class=\"padrao\">MARIA JOS&Eacute; BRAGA<br \/>Fenaj<\/p>\n<\/td>\n<\/tr>\n<tr align=\"left\">\n<td width=\"161\" style=\"border-width: medium medium 1px 1px; border-style: none none solid solid; border-color: -moz-use-text-color -moz-use-text-color rgb(0, 0, 0) rgb(0, 0, 0); padding: 0cm 0cm 0.1cm 0.1cm\">\n<p class=\"padrao\">Representante da categoria profissional dos \t\t\tradialistas<\/p>\n<\/td>\n<td width=\"190\" style=\"border-width: medium medium 1px 1px; border-style: none none solid solid; border-color: -moz-use-text-color -moz-use-text-color rgb(0, 0, 0) rgb(0, 0, 0); padding: 0cm 0cm 0.1cm 0.1cm\">\n<p class=\"padrao\">JOS&Eacute; CATARINO NASCIMENTO<br \/>Sindicato dos \t\t\tRadialistas de MG<\/p>\n<\/td>\n<td width=\"190\" style=\"border-width: medium 1px 1px; border-style: none solid solid; border-color: -moz-use-text-color rgb(0, 0, 0) rgb(0, 0, 0); padding: 0cm 0.1cm 0.1cm\">\n<p class=\"padrao\">EUR&Iacute;PEDES CORR&Ecirc;A CONCEI&Ccedil;&Atilde;O<br \/>Federa&ccedil;&atilde;o \t\t\tdos Radialistas &#8211; Fitert<\/p>\n<\/td>\n<\/tr>\n<tr align=\"left\">\n<td width=\"161\" style=\"border-width: medium medium 1px 1px; border-style: none none solid solid; border-color: -moz-use-text-color -moz-use-text-color rgb(0, 0, 0) rgb(0, 0, 0); padding: 0cm 0cm 0.1cm 0.1cm\">\n<p class=\"padrao\">Representante da categoria profissional dos \t\t\tartistas  \t\t\t<\/p>\n<\/td>\n<td width=\"190\" style=\"border-width: medium medium 1px 1px; border-style: none none solid solid; border-color: -moz-use-text-color -moz-use-text-color rgb(0, 0, 0) rgb(0, 0, 0); padding: 0cm 0cm 0.1cm 0.1cm\">\n<p class=\"padrao\">JORGE COUTINHO<br \/>Sindicato dos Artistas do Rio \t\t\tde Janeiro<\/p>\n<\/td>\n<td width=\"190\" style=\"border-width: medium 1px 1px; border-style: none solid solid; border-color: -moz-use-text-color rgb(0, 0, 0) rgb(0, 0, 0); padding: 0cm 0.1cm 0.1cm\">\n<p class=\"padrao\">M&Aacute;RIO MARCELO<br \/>Sindicato dos Artistas do Rio \t\t\tde Janeiro<\/p>\n<\/td>\n<\/tr>\n<tr align=\"left\">\n<td width=\"161\" style=\"border-width: medium medium 1px 1px; border-style: none none solid solid; border-color: -moz-use-text-color -moz-use-text-color rgb(0, 0, 0) rgb(0, 0, 0); padding: 0cm 0cm 0.1cm 0.1cm\">\n<p class=\"padrao\">Representante das categorias profissionais de \t\t\tcinema e v&iacute;deo  \t\t\t<\/p>\n<\/td>\n<td width=\"190\" style=\"border-width: medium medium 1px 1px; border-style: none none solid solid; border-color: -moz-use-text-color -moz-use-text-color rgb(0, 0, 0) rgb(0, 0, 0); padding: 0cm 0cm 0.1cm 0.1cm\">\n<p class=\"padrao\">LUIZ ANTONIO GERACE DA ROCHA E SILVA<br \/>Sindicato \t\t\tInterestadual dos Trabalhodores na Ind&uacute;stria Cinematogr&aacute;fica e \t\t\tdo Audivisual<\/p>\n<\/td>\n<td width=\"190\" style=\"border-width: medium 1px 1px; border-style: none solid solid; border-color: -moz-use-text-color rgb(0, 0, 0) rgb(0, 0, 0); padding: 0cm 0.1cm 0.1cm\">\n<p class=\"padrao\">PEDRO PABLO LAZZARINI<br \/>Sindicato \t\t\tInterestadual dos na Ind&uacute;stria Cinematogr&aacute;fica e do Audivisual \t\t\tde S&atilde;o Paulo<\/p>\n<\/td>\n<\/tr>\n<tr align=\"left\">\n<td width=\"161\" style=\"border-width: medium medium 1px 1px; border-style: none none solid solid; border-color: -moz-use-text-color -moz-use-text-color rgb(0, 0, 0) rgb(0, 0, 0); padding: 0cm 0cm 0.1cm 0.1cm\">\n<p class=\"padrao\">Representante da sociedade civil<\/p>\n<\/td>\n<td width=\"190\" style=\"border-width: medium medium 1px 1px; border-style: none none solid solid; border-color: -moz-use-text-color -moz-use-text-color rgb(0, 0, 0) rgb(0, 0, 0); padding: 0cm 0cm 0.1cm 0.1cm\">\n<p class=\"padrao\">MIGUEL ANGELO CAN&Ccedil;ADO<br \/>Conselho Federal OAB<\/p>\n<\/td>\n<td width=\"190\" style=\"border-width: medium 1px 1px; border-style: none solid solid; border-color: -moz-use-text-color rgb(0, 0, 0) rgb(0, 0, 0); padding: 0cm 0.1cm 0.1cm\">\n<p class=\"padrao\">WRANA PANIZZI<br \/>Ex-reitora UFRGS<\/p>\n<\/td>\n<\/tr>\n<tr align=\"left\">\n<td width=\"161\" style=\"border-width: medium medium 1px 1px; border-style: none none solid solid; border-color: -moz-use-text-color -moz-use-text-color rgb(0, 0, 0) rgb(0, 0, 0); padding: 0cm 0cm 0.1cm 0.1cm\">\n<p class=\"padrao\">Representante da sociedade civil<\/p>\n<\/td>\n<td width=\"190\" style=\"border-width: medium medium 1px 1px; border-style: none none solid solid; border-color: -moz-use-text-color -moz-use-text-color rgb(0, 0, 0) rgb(0, 0, 0); padding: 0cm 0cm 0.1cm 0.1cm\">\n<p class=\"padrao\">DOM ORANI JO&Atilde;O TEMPESTA<br \/>Arcebisto do Rio de \t\t\tJaneiro<\/p>\n<\/td>\n<td width=\"190\" style=\"border-width: medium 1px 1px; border-style: none solid solid; border-color: -moz-use-text-color rgb(0, 0, 0) rgb(0, 0, 0); padding: 0cm 0.1cm 0.1cm\">\n<p class=\"padrao\">PEDRO ROG&Eacute;RIO COUTO MOREIRA<br \/>Jornalista e \t\t\tmembro da Academia Mineira de Letras<\/p>\n<\/td>\n<\/tr>\n<tr align=\"left\">\n<td width=\"161\" style=\"border-width: medium medium 1px 1px; border-style: none none solid solid; border-color: -moz-use-text-color -moz-use-text-color rgb(0, 0, 0) rgb(0, 0, 0); padding: 0cm 0cm 0.1cm 0.1cm\">\n<p class=\"padrao\">Representante da sociedade civil  \t\t\t<\/p>\n<\/td>\n<td width=\"190\" style=\"border-width: medium medium 1px 1px; border-style: none none solid solid; border-color: -moz-use-text-color -moz-use-text-color rgb(0, 0, 0) rgb(0, 0, 0); padding: 0cm 0cm 0.1cm 0.1cm\">\n<p class=\"padrao\">RONALDO LEMOS<br \/>Professor da FGV-RJ<\/p>\n<\/td>\n<td width=\"190\" style=\"border-width: medium 1px 1px; border-style: none solid solid; border-color: -moz-use-text-color rgb(0, 0, 0) rgb(0, 0, 0); padding: 0cm 0.1cm 0.1cm\">\n<p class=\"padrao\">JUCA FERREIRA<br \/>Ex-ministro da Cultura<\/p>\n<\/td>\n<\/tr>\n<tr align=\"left\">\n<td width=\"161\" style=\"border-width: medium medium 1px 1px; border-style: none none solid solid; border-color: -moz-use-text-color -moz-use-text-color rgb(0, 0, 0) rgb(0, 0, 0); padding: 0cm 0cm 0.1cm 0.1cm\">\n<p class=\"padrao\">Representante da sociedade civil  \t\t\t<\/p>\n<\/td>\n<td width=\"190\" style=\"border-width: medium medium 1px 1px; border-style: none none solid solid; border-color: -moz-use-text-color -moz-use-text-color rgb(0, 0, 0) rgb(0, 0, 0); padding: 0cm 0cm 0.1cm 0.1cm\">\n<p class=\"padrao\">JO&Atilde;O MONTEIRO FILHO<br \/>Radiodifusor &#8211; Rede \t\t\tVida de TV<\/p>\n<\/td>\n<td width=\"190\" style=\"border-width: medium 1px 1px; border-style: none solid solid; border-color: -moz-use-text-color rgb(0, 0, 0) rgb(0, 0, 0); padding: 0cm 0.1cm 0.1cm\">\n<p class=\"padrao\">JOS&Eacute; VITOR CASTIEL<br \/>Ator &ndash; Rede Globo<\/p>\n<\/td>\n<\/tr>\n<tr align=\"left\">\n<td width=\"161\" style=\"border-width: medium medium 1px 1px; border-style: none none solid solid; border-color: -moz-use-text-color -moz-use-text-color rgb(0, 0, 0) rgb(0, 0, 0); padding: 0cm 0cm 0.1cm 0.1cm\">\n<p class=\"padrao\">Representante da sociedade civil  \t\t\t<\/p>\n<\/td>\n<td width=\"190\" style=\"border-width: medium medium 1px 1px; border-style: none none solid solid; border-color: -moz-use-text-color -moz-use-text-color rgb(0, 0, 0) rgb(0, 0, 0); padding: 0cm 0cm 0.1cm 0.1cm\">\n<p class=\"padrao\">FERNANDO CESAR MESQUITA<br \/>Ex-diretor de \t\t\tComunica&ccedil;&atilde;o do Senado Federal<\/p>\n<\/td>\n<td width=\"190\" style=\"border-width: medium 1px 1px; border-style: none solid solid; border-color: -moz-use-text-color rgb(0, 0, 0) rgb(0, 0, 0); padding: 0cm 0.1cm 0.1cm\">\n<p class=\"padrao\">LEONARDO PETRELLI<br \/>Radiodifusor &ndash; Rede \t\t\tIndependente de Comunica&ccedil;&atilde;o (Paran&aacute;)<\/p>\n<\/td>\n<\/tr>\n<\/tbody>\n<\/table>\n<p><span class=\"padrao\"><br \/><\/span><\/p>\n","protected":false},"excerpt":{"rendered":"<p>O F&oacute;rum Nacional pela Democratiza&ccedil;&atilde;o da Comunica&ccedil;&atilde;o e a Frente Parlamentar pela Liberdade de Express&atilde;o e o Direito &agrave; Comunica&ccedil;&atilde;o publicaram nota questionando a nova composi&ccedil;&atilde;o do Conselho de Comunica&ccedil;&atilde;o Social<\/p>\n","protected":false},"author":1,"featured_media":0,"comment_status":"open","ping_status":"open","sticky":false,"template":"","format":"standard","meta":{"footnotes":""},"categories":[40],"tags":[268],"_links":{"self":[{"href":"https:\/\/obscom.intervozes.org.br\/index.php?rest_route=\/wp\/v2\/posts\/26993"}],"collection":[{"href":"https:\/\/obscom.intervozes.org.br\/index.php?rest_route=\/wp\/v2\/posts"}],"about":[{"href":"https:\/\/obscom.intervozes.org.br\/index.php?rest_route=\/wp\/v2\/types\/post"}],"author":[{"embeddable":true,"href":"https:\/\/obscom.intervozes.org.br\/index.php?rest_route=\/wp\/v2\/users\/1"}],"replies":[{"embeddable":true,"href":"https:\/\/obscom.intervozes.org.br\/index.php?rest_route=%2Fwp%2Fv2%2Fcomments&post=26993"}],"version-history":[{"count":0,"href":"https:\/\/obscom.intervozes.org.br\/index.php?rest_route=\/wp\/v2\/posts\/26993\/revisions"}],"wp:attachment":[{"href":"https:\/\/obscom.intervozes.org.br\/index.php?rest_route=%2Fwp%2Fv2%2Fmedia&parent=26993"}],"wp:term":[{"taxonomy":"category","embeddable":true,"href":"https:\/\/obscom.intervozes.org.br\/index.php?rest_route=%2Fwp%2Fv2%2Fcategories&post=26993"},{"taxonomy":"post_tag","embeddable":true,"href":"https:\/\/obscom.intervozes.org.br\/index.php?rest_route=%2Fwp%2Fv2%2Ftags&post=26993"}],"curies":[{"name":"wp","href":"https:\/\/api.w.org\/{rel}","templated":true}]}}