{"id":26992,"date":"2012-07-18T19:11:38","date_gmt":"2012-07-18T19:11:38","guid":{"rendered":"https:\/\/obscom.intervozes.org.br\/wordpress\/?p=26992"},"modified":"2012-07-18T19:11:38","modified_gmt":"2012-07-18T19:11:38","slug":"estudantes-realizam-ato-publico-pela-democratizacao-da-comunicacao-nesta-quinta-19","status":"publish","type":"post","link":"https:\/\/obscom.intervozes.org.br\/?p=26992","title":{"rendered":"Estudantes realizam ato p\u00fablico pela democratiza\u00e7\u00e3o da comunica\u00e7\u00e3o nesta quinta (19)"},"content":{"rendered":"<p><span class=\"padrao\"><strong>Reda&ccedil;&atilde;o &#8211; Observat&oacute;rio do Direito &agrave; Comunica&ccedil;&atilde;o<\/strong><\/p>\n<p>A Executiva Nacional d@s Estudantes de Comunica&ccedil;&atilde;o Social (Enecos) e outros movimentos sociais realizam, nesta quinta-feira (19), um <br \/>grande &quot;Ato pela Democratiza&ccedil;&atilde;o da Comunica&ccedil;&atilde;o&quot;, em Bras&iacute;lia, a partir das 14h. O protesto &eacute; por uma comunica&ccedil;&atilde;o democr&aacute;tica, plural e participativa que, segundo os organizadoras, passa necessariamente pela cria&ccedil;&atilde;o de um novo marco regulat&oacute;rio para as comunica&ccedil;&otilde;es.<\/p>\n<p>A atividade faz parte da programa&ccedil;&atilde;o do 33&ordm; Encontro Nacional dos Estudantes de Comunica&ccedil;&atilde;o (Enecom). Durante a manifesta&ccedil;&atilde;o, estudantes e demais ativistas marchar&atilde;o at&eacute; o Minist&eacute;rio das Comunica&ccedil;&otilde;es, onde v&atilde;o apresentar sua pauta de reivindica&ccedil;&otilde;es. A concentra&ccedil;&atilde;o para a atividade ser&aacute; &agrave;s 14h, em frente &agrave; Catedral de Bras&iacute;lia, na Esplanada dos Minist&eacute;rios.<\/p>\n<p><\/span><\/p>\n","protected":false},"excerpt":{"rendered":"<p>Reda&ccedil;&atilde;o &#8211; Observat&oacute;rio do Direito &agrave; Comunica&ccedil;&atilde;o A Executiva Nacional d@s Estudantes de Comunica&ccedil;&atilde;o Social (Enecos) e outros movimentos sociais realizam, nesta quinta-feira (19), um grande &quot;Ato pela Democratiza&ccedil;&atilde;o da Comunica&ccedil;&atilde;o&quot;, em Bras&iacute;lia, a partir das 14h. O protesto &eacute; por uma comunica&ccedil;&atilde;o democr&aacute;tica, plural e participativa que, segundo os organizadoras, passa necessariamente pela cria&ccedil;&atilde;o &hellip; <a href=\"https:\/\/obscom.intervozes.org.br\/?p=26992\" class=\"more-link\">Continue lendo <span class=\"screen-reader-text\">Estudantes realizam ato p\u00fablico pela democratiza\u00e7\u00e3o da comunica\u00e7\u00e3o nesta quinta (19)<\/span> <span class=\"meta-nav\">&rarr;<\/span><\/a><\/p>\n","protected":false},"author":1,"featured_media":0,"comment_status":"open","ping_status":"open","sticky":false,"template":"","format":"standard","meta":{"footnotes":""},"categories":[39],"tags":[],"_links":{"self":[{"href":"https:\/\/obscom.intervozes.org.br\/index.php?rest_route=\/wp\/v2\/posts\/26992"}],"collection":[{"href":"https:\/\/obscom.intervozes.org.br\/index.php?rest_route=\/wp\/v2\/posts"}],"about":[{"href":"https:\/\/obscom.intervozes.org.br\/index.php?rest_route=\/wp\/v2\/types\/post"}],"author":[{"embeddable":true,"href":"https:\/\/obscom.intervozes.org.br\/index.php?rest_route=\/wp\/v2\/users\/1"}],"replies":[{"embeddable":true,"href":"https:\/\/obscom.intervozes.org.br\/index.php?rest_route=%2Fwp%2Fv2%2Fcomments&post=26992"}],"version-history":[{"count":0,"href":"https:\/\/obscom.intervozes.org.br\/index.php?rest_route=\/wp\/v2\/posts\/26992\/revisions"}],"wp:attachment":[{"href":"https:\/\/obscom.intervozes.org.br\/index.php?rest_route=%2Fwp%2Fv2%2Fmedia&parent=26992"}],"wp:term":[{"taxonomy":"category","embeddable":true,"href":"https:\/\/obscom.intervozes.org.br\/index.php?rest_route=%2Fwp%2Fv2%2Fcategories&post=26992"},{"taxonomy":"post_tag","embeddable":true,"href":"https:\/\/obscom.intervozes.org.br\/index.php?rest_route=%2Fwp%2Fv2%2Ftags&post=26992"}],"curies":[{"name":"wp","href":"https:\/\/api.w.org\/{rel}","templated":true}]}}