{"id":26978,"date":"2012-07-11T16:40:35","date_gmt":"2012-07-11T16:40:35","guid":{"rendered":"https:\/\/obscom.intervozes.org.br\/wordpress\/?p=26978"},"modified":"2012-07-11T16:40:35","modified_gmt":"2012-07-11T16:40:35","slug":"paulo-bernardo-quer-posicao-formal-da-radiodifusao-para-a-faixa-de-700-mhz","status":"publish","type":"post","link":"https:\/\/obscom.intervozes.org.br\/?p=26978","title":{"rendered":"Paulo Bernardo quer posi\u00e7\u00e3o formal da radiodifus\u00e3o para a faixa de 700 MHz"},"content":{"rendered":"<p><span class=\"padrao\"><strong>Reda&ccedil;&atilde;o &#8211; TeleS&iacute;ntese<\/strong><\/p>\n<p>O ministro das Comunica&ccedil;&otilde;es, Paulo Bernardo, reuniu-se hoje com os dirigentes das entidades que representam o setor de radiodifus&atilde;o &#8211; Abert, Abra e Abratel &#8211; e pediu para estas entidades, que representam as emissoras de TV comerciais, formalizem a sua posi&ccedil;&atilde;o sobre a ocupa&ccedil;&atilde;o da faixa de 700 MHz. Segundo fontes dos radiodifusores, ainda n&atilde;o h&aacute; uma decis&atilde;o sobre o assunto, embora, a princ&iacute;pio, as emissoras n&atilde;o se sintam confort&aacute;veis em abrir m&atilde;o deste espectro.<\/p>\n<p>Atualmente os radiodifusores ocupam todo o espectro de 700 MHz porque transmitem os sinais de TV de maneira anal&oacute;gica e digital, ocupando, para cada canal, 6 MHz. Conforme decreto presidencial, esta transi&ccedil;&atilde;o dever&aacute; ser conclu&iacute;da em 2016, quando as emissoras deveriam entregar as frequ&ecirc;ncias dos canais anal&oacute;gicos para o governo, que voltaria a licit&aacute;-las.<\/p>\n<p>As operadoras de telecomunica&ccedil;&otilde;es reivindicam poder usar este peda&ccedil;o de espectro para oferecer banda larga, e querem ocupar esta faixa imediatamente nas cidades onde estas frequ&ecirc;ncias estariam vagas, por falta de canal de TV.<\/p>\n<p>As emissoras de TV, por sua vez, n&atilde;o querem perder este espectro e alegam que ele poderia ser usado para imagens em alta defini&ccedil;&atilde;o, migra&ccedil;&atilde;o das emissoras de r&aacute;dio AM, entre outras fun&ccedil;&otilde;es.<\/span><\/p>\n","protected":false},"excerpt":{"rendered":"<p>Reda&ccedil;&atilde;o &#8211; TeleS&iacute;ntese O ministro das Comunica&ccedil;&otilde;es, Paulo Bernardo, reuniu-se hoje com os dirigentes das entidades que representam o setor de radiodifus&atilde;o &#8211; Abert, Abra e Abratel &#8211; e pediu para estas entidades, que representam as emissoras de TV comerciais, formalizem a sua posi&ccedil;&atilde;o sobre a ocupa&ccedil;&atilde;o da faixa de 700 MHz. Segundo fontes dos &hellip; <a href=\"https:\/\/obscom.intervozes.org.br\/?p=26978\" class=\"more-link\">Continue lendo <span class=\"screen-reader-text\">Paulo Bernardo quer posi\u00e7\u00e3o formal da radiodifus\u00e3o para a faixa de 700 MHz<\/span> <span class=\"meta-nav\">&rarr;<\/span><\/a><\/p>\n","protected":false},"author":1,"featured_media":0,"comment_status":"open","ping_status":"open","sticky":false,"template":"","format":"standard","meta":{"footnotes":""},"categories":[39],"tags":[],"_links":{"self":[{"href":"https:\/\/obscom.intervozes.org.br\/index.php?rest_route=\/wp\/v2\/posts\/26978"}],"collection":[{"href":"https:\/\/obscom.intervozes.org.br\/index.php?rest_route=\/wp\/v2\/posts"}],"about":[{"href":"https:\/\/obscom.intervozes.org.br\/index.php?rest_route=\/wp\/v2\/types\/post"}],"author":[{"embeddable":true,"href":"https:\/\/obscom.intervozes.org.br\/index.php?rest_route=\/wp\/v2\/users\/1"}],"replies":[{"embeddable":true,"href":"https:\/\/obscom.intervozes.org.br\/index.php?rest_route=%2Fwp%2Fv2%2Fcomments&post=26978"}],"version-history":[{"count":0,"href":"https:\/\/obscom.intervozes.org.br\/index.php?rest_route=\/wp\/v2\/posts\/26978\/revisions"}],"wp:attachment":[{"href":"https:\/\/obscom.intervozes.org.br\/index.php?rest_route=%2Fwp%2Fv2%2Fmedia&parent=26978"}],"wp:term":[{"taxonomy":"category","embeddable":true,"href":"https:\/\/obscom.intervozes.org.br\/index.php?rest_route=%2Fwp%2Fv2%2Fcategories&post=26978"},{"taxonomy":"post_tag","embeddable":true,"href":"https:\/\/obscom.intervozes.org.br\/index.php?rest_route=%2Fwp%2Fv2%2Ftags&post=26978"}],"curies":[{"name":"wp","href":"https:\/\/api.w.org\/{rel}","templated":true}]}}