{"id":26976,"date":"2012-07-11T16:34:12","date_gmt":"2012-07-11T16:34:12","guid":{"rendered":"https:\/\/obscom.intervozes.org.br\/wordpress\/?p=26976"},"modified":"2012-07-11T16:34:12","modified_gmt":"2012-07-11T16:34:12","slug":"renovacao-de-outorgas-da-radiodifusao-ganha-novas-regras","status":"publish","type":"post","link":"https:\/\/obscom.intervozes.org.br\/?p=26976","title":{"rendered":"Renova\u00e7\u00e3o de outorgas da radiodifus\u00e3o ganha novas regras"},"content":{"rendered":"<p><span class=\"padrao\">A renova&ccedil;&atilde;o de outorgas da radiodifus&atilde;o ganhou regras mais r&iacute;gidas do que as que estavam em vigor. Agora, o pedido poder&aacute; ser indeferido se n&atilde;o for apresentado no prazo entre seis e tr&ecirc;s meses antes da extin&ccedil;&atilde;o da outorga. E levar&aacute; em conta a observ&acirc;ncia dos limites permitidos ao servi&ccedil;o, inclusive quanto aos dirigentes, acionistas e cotistas, nos termos da legisla&ccedil;&atilde;o em vigor.<\/p>\n<p>A portaria publicada nesta quarta-feira (11) pelo Minist&eacute;rio das Comunica&ccedil;&otilde;es estabelece tamb&eacute;m crit&eacute;rios para a extin&ccedil;&atilde;o da concess&atilde;o ou permiss&atilde;o. Isso ocorrer&aacute; quando o pedido de renova&ccedil;&atilde;o for considerado intempestivo, ressalvada a hip&oacute;tese de extin&ccedil;&atilde;o da outorga por decurso de prazo; quando a interessada n&atilde;o tiver cumprido as exig&ecirc;ncias legais, regulamentares e contratuais aplic&aacute;veis ao servi&ccedil;o; quando a interessada n&atilde;o apresentar os documentos requisitados; quando a pena de cassa&ccedil;&atilde;o tiver sido aplicada &agrave; outorga objeto do pedido de renova&ccedil;&atilde;o; e quando a renova&ccedil;&atilde;o implicar excesso aos limites de outorgas de servi&ccedil;o de radiodifus&atilde;o, nos termos da legisla&ccedil;&atilde;o em vigor.<\/p>\n<p>A peremp&ccedil;&atilde;o ser&aacute; declarada pelo Presidente da Rep&uacute;blica, nos casos de outorga de servi&ccedil;os de radiodifus&atilde;o de sons e imagens, ou pelo Ministro das Comunica&ccedil;&otilde;es, quando se tratar de servi&ccedil;o de radiodifus&atilde;o sonora. Declarada a peremp&ccedil;&atilde;o pela autoridade competente, os autos ser&atilde;o remetidos para delibera&ccedil;&atilde;o do Congresso Nacional, por meio de mensagem da Presid&ecirc;ncia da Rep&uacute;blica.<\/p>\n<p>As novas regras n&atilde;o valem para os servi&ccedil;os de radiodifus&atilde;o comunit&aacute;ria. Leia aqui a &iacute;ntegra da portaria publicada na edi&ccedil;&atilde;o de hoje do Di&aacute;rio Oficial da Uni&atilde;o.<\/p>\n<p><\/span><\/p>\n","protected":false},"excerpt":{"rendered":"<p>A renova&ccedil;&atilde;o de outorgas da radiodifus&atilde;o ganhou regras mais r&iacute;gidas do que as que estavam em vigor. Agora, o pedido poder&aacute; ser indeferido se n&atilde;o for apresentado no prazo entre seis e tr&ecirc;s meses antes da extin&ccedil;&atilde;o da outorga. E levar&aacute; em conta a observ&acirc;ncia dos limites permitidos ao servi&ccedil;o, inclusive quanto aos dirigentes, acionistas &hellip; <a href=\"https:\/\/obscom.intervozes.org.br\/?p=26976\" class=\"more-link\">Continue lendo <span class=\"screen-reader-text\">Renova\u00e7\u00e3o de outorgas da radiodifus\u00e3o ganha novas regras<\/span> <span class=\"meta-nav\">&rarr;<\/span><\/a><\/p>\n","protected":false},"author":1,"featured_media":0,"comment_status":"open","ping_status":"open","sticky":false,"template":"","format":"standard","meta":{"footnotes":""},"categories":[40],"tags":[106],"_links":{"self":[{"href":"https:\/\/obscom.intervozes.org.br\/index.php?rest_route=\/wp\/v2\/posts\/26976"}],"collection":[{"href":"https:\/\/obscom.intervozes.org.br\/index.php?rest_route=\/wp\/v2\/posts"}],"about":[{"href":"https:\/\/obscom.intervozes.org.br\/index.php?rest_route=\/wp\/v2\/types\/post"}],"author":[{"embeddable":true,"href":"https:\/\/obscom.intervozes.org.br\/index.php?rest_route=\/wp\/v2\/users\/1"}],"replies":[{"embeddable":true,"href":"https:\/\/obscom.intervozes.org.br\/index.php?rest_route=%2Fwp%2Fv2%2Fcomments&post=26976"}],"version-history":[{"count":0,"href":"https:\/\/obscom.intervozes.org.br\/index.php?rest_route=\/wp\/v2\/posts\/26976\/revisions"}],"wp:attachment":[{"href":"https:\/\/obscom.intervozes.org.br\/index.php?rest_route=%2Fwp%2Fv2%2Fmedia&parent=26976"}],"wp:term":[{"taxonomy":"category","embeddable":true,"href":"https:\/\/obscom.intervozes.org.br\/index.php?rest_route=%2Fwp%2Fv2%2Fcategories&post=26976"},{"taxonomy":"post_tag","embeddable":true,"href":"https:\/\/obscom.intervozes.org.br\/index.php?rest_route=%2Fwp%2Fv2%2Ftags&post=26976"}],"curies":[{"name":"wp","href":"https:\/\/api.w.org\/{rel}","templated":true}]}}