{"id":26972,"date":"2012-07-09T18:48:58","date_gmt":"2012-07-09T18:48:58","guid":{"rendered":"https:\/\/obscom.intervozes.org.br\/wordpress\/?p=26972"},"modified":"2012-07-09T18:48:58","modified_gmt":"2012-07-09T18:48:58","slug":"conselho-curador-da-ebc-aprova-faixa-de-programacao-religiosa-e-indicacao-de-novos-membros","status":"publish","type":"post","link":"https:\/\/obscom.intervozes.org.br\/?p=26972","title":{"rendered":"Conselho Curador da EBC aprova faixa de programa\u00e7\u00e3o religiosa e indica\u00e7\u00e3o de novos membros"},"content":{"rendered":"<p class=\"padrao\"><strong>Reda&ccedil;&atilde;o &#8211; Observat&oacute;rio do Direito &agrave; Comunica&ccedil;&atilde;o<br \/><\/strong><br \/>Em reuni&atilde;o no dia 27 de junho, o Conselho Curador da Empresa Brasil de Comunica&ccedil;&atilde;o (EBC) encaminhou a realiza&ccedil;&atilde;o de uma consulta p&uacute;blica para a indica&ccedil;&atilde;o de dois novos membros e a defini&ccedil;&atilde;o da pol&iacute;tica de conte&uacute;do religioso nas emissoras p&uacute;blicas.<\/p>\n<p>Os conselheiros aprovaram que ser&aacute; enviada uma lista &uacute;nica para a designa&ccedil;&atilde;o da presid&ecirc;ncia da Rep&uacute;blica de dois novos representantes. Foi aprovado a necessidade que os indicados representem uma amplia&ccedil;&atilde;o a diversidade regional, de presen&ccedil;a de mulheres, ind&iacute;genas e negros, e o conhecimento nas &aacute;reas de comunica&ccedil;&atilde;o p&uacute;blica, direitos humanos e r&aacute;dio. O edital de indica&ccedil;&atilde;o da sociedade civil dever&aacute; ser publicado nos pr&oacute;ximos dias.<\/p>\n<p>O Conselho Curador tamb&eacute;m aprovou a nova resolu&ccedil;&atilde;o sobre os programas de conte&uacute;do religiosos. Foi estabelecido uma faixa de programa&ccedil;&atilde;o de uma hora, de cunho jornal&iacute;stico sobre as cren&ccedil;as, e um programa de meia hora voltado a mensagens dos diferentes grupos religiosos. Foi tamb&eacute;m criado um Conselho Editorial da Faixa da Diversidade Religiosa para avaliar se as propostas de novos programas est&atilde;o adequados a pol&iacute;tica definida. <\/p>\n<p>O &oacute;rg&atilde;o ainda aprovou o manual para cobertura das elei&ccedil;&otilde;es municipais e uma mo&ccedil;&atilde;o de apoio &agrave; manuten&ccedil;&atilde;o do atual hor&aacute;rio do programa Voz do Brasil. <\/p>\n<p><em>Com informa&ccedil;&otilde;es da Secretaria do Conselho Curador da EBC<\/em><\/p>\n","protected":false},"excerpt":{"rendered":"<p>Reda&ccedil;&atilde;o &#8211; Observat&oacute;rio do Direito &agrave; Comunica&ccedil;&atilde;oEm reuni&atilde;o no dia 27 de junho, o Conselho Curador da Empresa Brasil de Comunica&ccedil;&atilde;o (EBC) encaminhou a realiza&ccedil;&atilde;o de uma consulta p&uacute;blica para a indica&ccedil;&atilde;o de dois novos membros e a defini&ccedil;&atilde;o da pol&iacute;tica de conte&uacute;do religioso nas emissoras p&uacute;blicas. Os conselheiros aprovaram que ser&aacute; enviada uma lista &hellip; <a href=\"https:\/\/obscom.intervozes.org.br\/?p=26972\" class=\"more-link\">Continue lendo <span class=\"screen-reader-text\">Conselho Curador da EBC aprova faixa de programa\u00e7\u00e3o religiosa e indica\u00e7\u00e3o de novos membros<\/span> <span class=\"meta-nav\">&rarr;<\/span><\/a><\/p>\n","protected":false},"author":1,"featured_media":0,"comment_status":"open","ping_status":"open","sticky":false,"template":"","format":"standard","meta":{"footnotes":""},"categories":[39],"tags":[],"_links":{"self":[{"href":"https:\/\/obscom.intervozes.org.br\/index.php?rest_route=\/wp\/v2\/posts\/26972"}],"collection":[{"href":"https:\/\/obscom.intervozes.org.br\/index.php?rest_route=\/wp\/v2\/posts"}],"about":[{"href":"https:\/\/obscom.intervozes.org.br\/index.php?rest_route=\/wp\/v2\/types\/post"}],"author":[{"embeddable":true,"href":"https:\/\/obscom.intervozes.org.br\/index.php?rest_route=\/wp\/v2\/users\/1"}],"replies":[{"embeddable":true,"href":"https:\/\/obscom.intervozes.org.br\/index.php?rest_route=%2Fwp%2Fv2%2Fcomments&post=26972"}],"version-history":[{"count":0,"href":"https:\/\/obscom.intervozes.org.br\/index.php?rest_route=\/wp\/v2\/posts\/26972\/revisions"}],"wp:attachment":[{"href":"https:\/\/obscom.intervozes.org.br\/index.php?rest_route=%2Fwp%2Fv2%2Fmedia&parent=26972"}],"wp:term":[{"taxonomy":"category","embeddable":true,"href":"https:\/\/obscom.intervozes.org.br\/index.php?rest_route=%2Fwp%2Fv2%2Fcategories&post=26972"},{"taxonomy":"post_tag","embeddable":true,"href":"https:\/\/obscom.intervozes.org.br\/index.php?rest_route=%2Fwp%2Fv2%2Ftags&post=26972"}],"curies":[{"name":"wp","href":"https:\/\/api.w.org\/{rel}","templated":true}]}}