{"id":26971,"date":"2012-07-09T18:28:14","date_gmt":"2012-07-09T18:28:14","guid":{"rendered":"https:\/\/obscom.intervozes.org.br\/wordpress\/?p=26971"},"modified":"2012-07-09T18:28:14","modified_gmt":"2012-07-09T18:28:14","slug":"governo-do-rs-ja-tem-primeira-versao-do-conselho-de-comunicacao","status":"publish","type":"post","link":"https:\/\/obscom.intervozes.org.br\/?p=26971","title":{"rendered":"Governo do RS j\u00e1 tem primeira vers\u00e3o do Conselho de Comunica\u00e7\u00e3o"},"content":{"rendered":"<p class=\"padrao\"><strong>Reda&ccedil;&atilde;o &#8211; Observat&oacute;rio do Direito &agrave; Comunica&ccedil;&atilde;o<br \/><\/strong><br \/>Representantes do Conselho de Desenvolvimento Econ&ocirc;mico e Social do Rio Grande do Sul (CDES-RS) entregaram nesta ter&ccedil;a (9\/7) ao governador Tarso Genro (PT), a minuta de Projeto de Lei para a cria&ccedil;&atilde;o do Conselho Estadual de Comunica&ccedil;&atilde;o Social. O projeto foi formulado por um grupo de trabalho a partir das diretrizes aprovadas pelo CDES-RS.<\/p>\n<p>Tarso afirmou que colocar&aacute; o texto em discuss&atilde;o com outros atores e com os partidos da base do governo. Est&aacute; previsto tamb&eacute;m a realiza&ccedil;&atilde;o de um semin&aacute;ria sobre o tema. O projeto dever&aacute; tramitar sem regime de urg&ecirc;ncia na Assembl&eacute;ia Legislativa. <\/p>\n<p><a href=\"http:\/\/www.cdes.rs.gov.br\/biblioteca\/download\/cda\/232\">Confira a &iacute;ntegra da proposta de cria&ccedil;&atilde;o do Conselho de Comunica&ccedil;&atilde;o do RS<\/a>  <\/p>\n<p><em>Com informa&ccedil;&otilde;es do portal Sul21<\/em><\/p>\n","protected":false},"excerpt":{"rendered":"<p>Reda&ccedil;&atilde;o &#8211; Observat&oacute;rio do Direito &agrave; Comunica&ccedil;&atilde;oRepresentantes do Conselho de Desenvolvimento Econ&ocirc;mico e Social do Rio Grande do Sul (CDES-RS) entregaram nesta ter&ccedil;a (9\/7) ao governador Tarso Genro (PT), a minuta de Projeto de Lei para a cria&ccedil;&atilde;o do Conselho Estadual de Comunica&ccedil;&atilde;o Social. O projeto foi formulado por um grupo de trabalho a partir &hellip; <a href=\"https:\/\/obscom.intervozes.org.br\/?p=26971\" class=\"more-link\">Continue lendo <span class=\"screen-reader-text\">Governo do RS j\u00e1 tem primeira vers\u00e3o do Conselho de Comunica\u00e7\u00e3o<\/span> <span class=\"meta-nav\">&rarr;<\/span><\/a><\/p>\n","protected":false},"author":1,"featured_media":0,"comment_status":"open","ping_status":"open","sticky":false,"template":"","format":"standard","meta":{"footnotes":""},"categories":[39],"tags":[],"_links":{"self":[{"href":"https:\/\/obscom.intervozes.org.br\/index.php?rest_route=\/wp\/v2\/posts\/26971"}],"collection":[{"href":"https:\/\/obscom.intervozes.org.br\/index.php?rest_route=\/wp\/v2\/posts"}],"about":[{"href":"https:\/\/obscom.intervozes.org.br\/index.php?rest_route=\/wp\/v2\/types\/post"}],"author":[{"embeddable":true,"href":"https:\/\/obscom.intervozes.org.br\/index.php?rest_route=\/wp\/v2\/users\/1"}],"replies":[{"embeddable":true,"href":"https:\/\/obscom.intervozes.org.br\/index.php?rest_route=%2Fwp%2Fv2%2Fcomments&post=26971"}],"version-history":[{"count":0,"href":"https:\/\/obscom.intervozes.org.br\/index.php?rest_route=\/wp\/v2\/posts\/26971\/revisions"}],"wp:attachment":[{"href":"https:\/\/obscom.intervozes.org.br\/index.php?rest_route=%2Fwp%2Fv2%2Fmedia&parent=26971"}],"wp:term":[{"taxonomy":"category","embeddable":true,"href":"https:\/\/obscom.intervozes.org.br\/index.php?rest_route=%2Fwp%2Fv2%2Fcategories&post=26971"},{"taxonomy":"post_tag","embeddable":true,"href":"https:\/\/obscom.intervozes.org.br\/index.php?rest_route=%2Fwp%2Fv2%2Ftags&post=26971"}],"curies":[{"name":"wp","href":"https:\/\/api.w.org\/{rel}","templated":true}]}}