{"id":26964,"date":"2012-07-09T15:11:25","date_gmt":"2012-07-09T15:11:25","guid":{"rendered":"https:\/\/obscom.intervozes.org.br\/wordpress\/?p=26964"},"modified":"2012-07-09T15:11:25","modified_gmt":"2012-07-09T15:11:25","slug":"projeto-que-cria-conselho-de-comunicacao-do-rs-esta-pronto-para-ser-enviado-a-assembleia","status":"publish","type":"post","link":"https:\/\/obscom.intervozes.org.br\/?p=26964","title":{"rendered":"Projeto que cria Conselho de Comunica\u00e7\u00e3o do RS est\u00e1 pronto para ser enviado \u00e0 Assembleia"},"content":{"rendered":"<p><span class=\"padrao\">A proposta de cria&ccedil;&atilde;o do Conselho Estadual de Comunica&ccedil;&atilde;o Social (CECS) do Rio Grande do Sul foi finalizada segunda-feira. A minuta do Projeto de Lei foi apresentada e debatida ponto a ponto no grupo de trabalho respons&aacute;vel pela formula&ccedil;&atilde;o da reda&ccedil;&atilde;o. Agora, o documento ser&aacute; encaminhado ao governador Tarso Genro, que deve avaliar o conte&uacute;do antes de encaminh&aacute;-lo &agrave; Assembleia Legislativa.<\/p>\n<p>O documento de cinco p&aacute;ginas come&ccedil;ou a ser gestado em 2011 pela C&acirc;mara Tem&aacute;tica Cultura e Comunica&ccedil;&atilde;o, ligada ao Conselho de Desenvolvimento Econ&ocirc;mico e Social (CDES-RS), o Conselh&atilde;o ga&uacute;cho. A proposta foi chancelada pelo pleno do Conselh&atilde;o em dezembro, ocasi&atilde;o em que o colegiado indicou a instala&ccedil;&atilde;o de um Grupo de Trabalho para formatar o texto do Projeto de Lei.<\/p>\n<p>O GT iniciou o trabalho em abril de 2012 e realizou cerca de cinco reuni&otilde;es e encontros entre representantes do governo e da sociedade civil e definiram a minuta do Projeto de Lei. &ldquo;&Eacute; sempre bom ressaltar que este Conselho de Comunica&ccedil;&atilde;o n&atilde;o tem a fun&ccedil;&atilde;o de interferir no conte&uacute;do jornal&iacute;stico, com controle e censura. Ele deve ser amplo, independente e democr&aacute;tico&rdquo;, salientou Marcelo Dan&eacute;ris, secret&aacute;rio executivo do CDES-RS.<\/p>\n<p>Preocupado em gerar consensos, Dan&eacute;ris avaliou cada ponto debatido da minuta junto aos representantes do grupo de trabalho durante a tarde desta segunda. Conforme o texto final do Projeto de Lei, o CECS dever&aacute; ser uma inst&acirc;ncia p&uacute;blica de car&aacute;ter independente, atuando como &oacute;rg&atilde;o consultivo de assessoramento e aconselhamento do Poder Executivo. Ter&aacute; como um de seus objetivos promover o debate sobre o papel da Comunica&ccedil;&atilde;o Social.&#8232;<\/p>\n<p>Para o conselheiro e presidente da Federa&ccedil;&atilde;o Nacional dos Jornalistas (Fenaj), Celso Schr&ouml;der, os Conselhos s&atilde;o as formas mais democr&aacute;ticas e universais de garantir a transversalidade do p&uacute;blico sobre o privado e o estatal. &quot;O Conselho de Comunica&ccedil;&atilde;o n&atilde;o serve apenas ao Estado, ao governo, mas pode servir de par&acirc;metro para os pr&oacute;prios meios de comunica&ccedil;&atilde;o. Os ve&iacute;culos poder&atilde;o ter, como assessoramento, alguns indicativos que brotar&atilde;o dos debates desse Conselho. &Eacute; um grande passo para a consolida&ccedil;&atilde;o da democracia desse Estado e uma contribui&ccedil;&atilde;o para o Brasil&quot;, disse. Segundo Schroder, &eacute; importante compreender a comunica&ccedil;&atilde;o como um servi&ccedil;o p&uacute;blico que, portanto, precisa estar submetido a princ&iacute;pios p&uacute;blicos.&#8232;<\/p>\n<p>A primeira composi&ccedil;&atilde;o do Conselho ser&aacute; designada pelo governador e ter&aacute; 25 membros com mandato de um ano. Neste per&iacute;odo, o grupo dever&aacute; definir um regimento interno e promover o processo para a ocupa&ccedil;&atilde;o dos assentos na segunda gest&atilde;o.&#8232;O mandato dos membros do Conselho e de seus respectivos suplentes ser&aacute; de dois anos, sendo poss&iacute;vel uma recondu&ccedil;&atilde;o por igual per&iacute;odo, com car&aacute;ter honor&iacute;fico e n&atilde;o remunerado.&#8232; A elei&ccedil;&atilde;o n&atilde;o dever&aacute; ser realizada em per&iacute;odo coincidente ao das elei&ccedil;&otilde;es estaduais, item bastante debatido durante a tarde desta segunda. O novo &oacute;rg&atilde;o ser&aacute; integrado ao gabinete do governador, que ser&aacute; respons&aacute;vel por dar suporte financeiro e estrutural para o seu funcionamento. Apesar da participa&ccedil;&atilde;o no Conselho ser volunt&aacute;ria, o aux&iacute;lio para deslocamentos e di&aacute;rias foi uma exig&ecirc;ncia do grupo de trabalho.<\/p>\n<p>Os principais pontos de diverg&ecirc;ncia, fechados por consenso na mesma tarde, foram: a garantia de suporte operacional &agrave;s atividades atrav&eacute;s da integra&ccedil;&atilde;o do &oacute;rg&atilde;o ao gabinete do governador; a composi&ccedil;&atilde;o dos 25 membros, na qual os poderes Legislativo e Judici&aacute;rio devem ser convidados a participar, e n&atilde;o apenas o Executivo; a n&atilde;o coincid&ecirc;ncia de vig&ecirc;ncia de mandato entre o Conselho e o Governo Estadual e a chamada da pr&oacute;xima Confer&ecirc;ncia Estadual de Comunica&ccedil;&atilde;o Social, que dever&aacute; ser assegurada pelo poder Executivo.<\/p>\n<p>&quot;Esta &eacute; uma inst&acirc;ncia de discuss&atilde;o permanente entre a esfera p&uacute;blica e a esfera pol&iacute;tica sobre a comunica&ccedil;&atilde;o e sobre a representa&ccedil;&atilde;o da sociedade. &Eacute; extremamente positiva a sua cria&ccedil;&atilde;o por ser um lugar &uacute;nico para se fazer esse tipo de trabalho&quot;, resumiu a conselheira e doutora em comunica&ccedil;&atilde;o, Maria Helena Weber.&#8232;&#8232;&quot;Assim como a sa&uacute;de, a educa&ccedil;&atilde;o, a comunica&ccedil;&atilde;o &eacute; da sociedade, e a sociedade deve apropriar-se da comunica&ccedil;&atilde;o atrav&eacute;s de um espa&ccedil;o de debate&quot;, disse a secret&aacute;ria Estadual de Comunica&ccedil;&atilde;o e Inclus&atilde;o Digital (Secom), Vera Spolidoro.&#8232;&#8232;<\/p>\n<p>O respeito aos princ&iacute;pios constitucionais da liberdade de express&atilde;o, livre opini&atilde;o, liberdade de imprensa e direito &agrave; informa&ccedil;&atilde;o integram as bases que orientam o texto de constitui&ccedil;&atilde;o do Conselho. A n&atilde;o interven&ccedil;&atilde;o em linhas editoriais e conte&uacute;dos jornal&iacute;sticos de empresas de comunica&ccedil;&atilde;o tamb&eacute;m est&aacute; garantida no documento.&#8232;As decis&otilde;es do Conselho Estadual de Comunica&ccedil;&atilde;o Social dever&atilde;o ser tomadas sob forma de recomenda&ccedil;&otilde;es, pareceres e resolu&ccedil;&otilde;es, com aprova&ccedil;&atilde;o atrav&eacute;s de consenso ou de maioria simples e encaminhadas &agrave;s autoridades, quando necess&aacute;rio.&#8232;&#8232;<\/p>\n<p>Confira qual ser&aacute; a composi&ccedil;&atilde;o do Conselho Estadual de Comunica&ccedil;&atilde;o:&#8232;<\/p>\n<p>&bull; Cinco representantes do Poder P&uacute;blico, incluindo os poderes Executivo, Legislativo e Judici&aacute;rio;&#8232;<br \/>&bull; Cinco representantes de entidades de classe dos profissionais da comunica&ccedil;&atilde;o social;&#8232;<br \/>&bull; Cinco representantes de empresas de comunica&ccedil;&atilde;o e institui&ccedil;&otilde;es representativas do setor;&#8232;<br \/>&bull; Quatro representantes de institui&ccedil;&otilde;es da sociedade civil e movimentos sociais;<br \/>&#8232;&bull; Dois representantes de entidades ligadas &agrave; comunica&ccedil;&atilde;o comunit&aacute;ria;&#8232;<br \/>&bull; Dois representantes de institui&ccedil;&otilde;es de ensino e pesquisa da &aacute;rea da comunica&ccedil;&atilde;o social no Rio Grande do Sul;&#8232;<br \/>&bull; Dois representantes da sociedade civil indicados pelo Conselho.&#8232;&#8232;<\/p>\n<p>Entidades que compuseram o GT respons&aacute;vel pela reda&ccedil;&atilde;o da minuta do Projeto de Lei:&#8232;<\/p>\n<p>Associa&ccedil;&atilde;o Riograndense de Imprensa&#8232;<br \/>Associa&ccedil;&atilde;o dos Jornais do Interior do Rio Grande do Sul&#8232;<br \/>F&oacute;rum Nacional de Democratiza&ccedil;&atilde;o da Comunica&ccedil;&atilde;o&#8232;<br \/>Associa&ccedil;&atilde;o Riograndense de Propaganda&#8232;<br \/>Associa&ccedil;&atilde;o dos Provedores de Servi&ccedil;os e Informa&ccedil;&otilde;es&#8232;<br \/>Associa&ccedil;&atilde;o Brasileira de Radiodifus&atilde;o Comunit&aacute;ria&#8232;<br \/>Sub-chefia Jur&iacute;dica da Casa Civil&#8232;<br \/>Assessoria Superior do Governador&#8232;<br \/>Procuradoria-Geral do Estado<br \/>Funda&ccedil;&atilde;o Cultural Piratini.&#8232;&#8232;<\/span><\/p>\n","protected":false},"excerpt":{"rendered":"<p>A proposta de cria&ccedil;&atilde;o do Conselho Estadual de Comunica&ccedil;&atilde;o Social (CECS) do Rio Grande do Sul foi finalizada segunda-feira. A minuta do Projeto de Lei foi apresentada e debatida ponto a ponto no grupo de trabalho respons&aacute;vel pela formula&ccedil;&atilde;o da reda&ccedil;&atilde;o. Agora, o documento ser&aacute; encaminhado ao governador Tarso Genro, que deve avaliar o conte&uacute;do &hellip; <a href=\"https:\/\/obscom.intervozes.org.br\/?p=26964\" class=\"more-link\">Continue lendo <span class=\"screen-reader-text\">Projeto que cria Conselho de Comunica\u00e7\u00e3o do RS est\u00e1 pronto para ser enviado \u00e0 Assembleia<\/span> <span class=\"meta-nav\">&rarr;<\/span><\/a><\/p>\n","protected":false},"author":1,"featured_media":0,"comment_status":"open","ping_status":"open","sticky":false,"template":"","format":"standard","meta":{"footnotes":""},"categories":[40],"tags":[832],"_links":{"self":[{"href":"https:\/\/obscom.intervozes.org.br\/index.php?rest_route=\/wp\/v2\/posts\/26964"}],"collection":[{"href":"https:\/\/obscom.intervozes.org.br\/index.php?rest_route=\/wp\/v2\/posts"}],"about":[{"href":"https:\/\/obscom.intervozes.org.br\/index.php?rest_route=\/wp\/v2\/types\/post"}],"author":[{"embeddable":true,"href":"https:\/\/obscom.intervozes.org.br\/index.php?rest_route=\/wp\/v2\/users\/1"}],"replies":[{"embeddable":true,"href":"https:\/\/obscom.intervozes.org.br\/index.php?rest_route=%2Fwp%2Fv2%2Fcomments&post=26964"}],"version-history":[{"count":0,"href":"https:\/\/obscom.intervozes.org.br\/index.php?rest_route=\/wp\/v2\/posts\/26964\/revisions"}],"wp:attachment":[{"href":"https:\/\/obscom.intervozes.org.br\/index.php?rest_route=%2Fwp%2Fv2%2Fmedia&parent=26964"}],"wp:term":[{"taxonomy":"category","embeddable":true,"href":"https:\/\/obscom.intervozes.org.br\/index.php?rest_route=%2Fwp%2Fv2%2Fcategories&post=26964"},{"taxonomy":"post_tag","embeddable":true,"href":"https:\/\/obscom.intervozes.org.br\/index.php?rest_route=%2Fwp%2Fv2%2Ftags&post=26964"}],"curies":[{"name":"wp","href":"https:\/\/api.w.org\/{rel}","templated":true}]}}