{"id":26963,"date":"2012-07-09T15:02:07","date_gmt":"2012-07-09T15:02:07","guid":{"rendered":"https:\/\/obscom.intervozes.org.br\/wordpress\/?p=26963"},"modified":"2012-07-09T15:02:07","modified_gmt":"2012-07-09T15:02:07","slug":"anatel-assegura-publicidade-dos-pados-antes-da-desistencia-de-acao-pelas-teles","status":"publish","type":"post","link":"https:\/\/obscom.intervozes.org.br\/?p=26963","title":{"rendered":"Anatel assegura publicidade dos Pados antes da desist\u00eancia de a\u00e7\u00e3o pelas teles"},"content":{"rendered":"<p><span class=\"padrao\">Desembargador da Justi&ccedil;a Federal do Rio concedeu efeito suspensivo &agrave; liminar contra abertura dos processos.<\/p>\n<p>Antes mesmo de receber a notifica&ccedil;&atilde;o da Justi&ccedil;a sobre a desist&ecirc;ncia da a&ccedil;&atilde;o do SindiTelebrasil contra a abertura dos Procedimentos de Apura&ccedil;&atilde;o de Descumprimento de Obriga&ccedil;&otilde;es (Pados), a Advocacia-Geral da Uni&atilde;o, por meio da Procuradoria Federal Especializada junto &agrave; Anatel e da Procuradoria Regional Federal da 2&ordf; Regi&atilde;o, obteve decis&atilde;o judicial favor&aacute;vel &agrave; ag&ecirc;ncia, no sentido de garantir o acesso do p&uacute;blico em geral aos processos.<\/p>\n<p>O Desembargador Federal Guilherme Diefenthaeler, do Tribunal Regional Federal da 2&ordf; Regi&atilde;o, no Rio de Janeiro, acolheu a argumenta&ccedil;&atilde;o da Anatel e concedeu efeito suspensivo ao recurso de Agravo de Instrumento, determinando a suspens&atilde;o dos efeitos da antecipa&ccedil;&atilde;o de tutela deferida nos autos da A&ccedil;&atilde;o Ordin&aacute;ria, que beneficiava as empresas associadas ao SindiTelebrasil e assegurava, a elas, o sigilo total dos Pados.<\/p>\n<p>Esta decis&atilde;o de 1&ordm; grau, agora suspensa, afastava a incid&ecirc;ncia da Portaria n&ordm; 941\/2011 e do Ato n&ordm; 1.133\/2012 aos associados do SindiTelebrasil, impedindo tamb&eacute;m, por consequ&ecirc;ncia, a transmiss&atilde;o das reuni&otilde;es do conselho diretor da Anatel quando da delibera&ccedil;&atilde;o e julgamento dos Pados relacionados a eles. A Portaria 941\/2011 permitiu o acesso do p&uacute;blico em geral aos documentos e informa&ccedil;&otilde;es acostados nos processos. O Ato 1.133\/2012 declarou nulo o art. 79 do Regimento Interno da Anatel, que disciplinava o assunto.<\/p>\n<p>De acordo com o desembargador, a publicidade e o acesso &agrave; informa&ccedil;&atilde;o imp&otilde;em-se com regra da atua&ccedil;&atilde;o da Anatel, devendo o sigilo ser exce&ccedil;&atilde;o, o que vai ao encontro da postura da ag&ecirc;ncia reguladora desde o final do ano passado.<\/p>\n<p>O SindiTelebrasil anunciou a desist&ecirc;ncia da a&ccedil;&atilde;o na sexta-feira. Nesse mesmo dia, a Anatel teve conhecimento da decis&atilde;o do desembargador favor&aacute;vel &agrave; abertura dos processos. (Da reda&ccedil;&atilde;o, com assessoria de imprensa)<\/span><\/p>\n","protected":false},"excerpt":{"rendered":"<p>Desembargador da Justi&ccedil;a Federal do Rio concedeu efeito suspensivo &agrave; liminar contra abertura dos processos. Antes mesmo de receber a notifica&ccedil;&atilde;o da Justi&ccedil;a sobre a desist&ecirc;ncia da a&ccedil;&atilde;o do SindiTelebrasil contra a abertura dos Procedimentos de Apura&ccedil;&atilde;o de Descumprimento de Obriga&ccedil;&otilde;es (Pados), a Advocacia-Geral da Uni&atilde;o, por meio da Procuradoria Federal Especializada junto &agrave; Anatel &hellip; <a href=\"https:\/\/obscom.intervozes.org.br\/?p=26963\" class=\"more-link\">Continue lendo <span class=\"screen-reader-text\">Anatel assegura publicidade dos Pados antes da desist\u00eancia de a\u00e7\u00e3o pelas teles<\/span> <span class=\"meta-nav\">&rarr;<\/span><\/a><\/p>\n","protected":false},"author":1,"featured_media":0,"comment_status":"open","ping_status":"open","sticky":false,"template":"","format":"standard","meta":{"footnotes":""},"categories":[40],"tags":[81],"_links":{"self":[{"href":"https:\/\/obscom.intervozes.org.br\/index.php?rest_route=\/wp\/v2\/posts\/26963"}],"collection":[{"href":"https:\/\/obscom.intervozes.org.br\/index.php?rest_route=\/wp\/v2\/posts"}],"about":[{"href":"https:\/\/obscom.intervozes.org.br\/index.php?rest_route=\/wp\/v2\/types\/post"}],"author":[{"embeddable":true,"href":"https:\/\/obscom.intervozes.org.br\/index.php?rest_route=\/wp\/v2\/users\/1"}],"replies":[{"embeddable":true,"href":"https:\/\/obscom.intervozes.org.br\/index.php?rest_route=%2Fwp%2Fv2%2Fcomments&post=26963"}],"version-history":[{"count":0,"href":"https:\/\/obscom.intervozes.org.br\/index.php?rest_route=\/wp\/v2\/posts\/26963\/revisions"}],"wp:attachment":[{"href":"https:\/\/obscom.intervozes.org.br\/index.php?rest_route=%2Fwp%2Fv2%2Fmedia&parent=26963"}],"wp:term":[{"taxonomy":"category","embeddable":true,"href":"https:\/\/obscom.intervozes.org.br\/index.php?rest_route=%2Fwp%2Fv2%2Fcategories&post=26963"},{"taxonomy":"post_tag","embeddable":true,"href":"https:\/\/obscom.intervozes.org.br\/index.php?rest_route=%2Fwp%2Fv2%2Ftags&post=26963"}],"curies":[{"name":"wp","href":"https:\/\/api.w.org\/{rel}","templated":true}]}}