{"id":26961,"date":"2012-07-09T14:55:29","date_gmt":"2012-07-09T14:55:29","guid":{"rendered":"https:\/\/obscom.intervozes.org.br\/wordpress\/?p=26961"},"modified":"2012-07-09T14:55:29","modified_gmt":"2012-07-09T14:55:29","slug":"substitutivo-do-marco-civil-exclui-mencao-a-regulamentacao-posterior-da-neutralidade","status":"publish","type":"post","link":"https:\/\/obscom.intervozes.org.br\/?p=26961","title":{"rendered":"Substitutivo do Marco Civil exclui men\u00e7\u00e3o \u00e0 regulamenta\u00e7\u00e3o posterior da neutralidade"},"content":{"rendered":"<p><span class=\"padrao\">O deputado Alessandro Mollon (PT\/RJ) apresentou nesta quarta-feira, 4, o relat&oacute;rio do projeto 2.126\/2011, conhecido como Marco Civil da Internet. Talvez a altera&ccedil;&atilde;o mais significativa do texto oriundo do Executivo tenha sido a retirada da men&ccedil;&atilde;o &quot;conforme regulamenta&ccedil;&atilde;o&quot; do inciso que trata da garantia da neutralidade da rede.<\/p>\n<p>O texto proposto pelo deputado, contudo, prev&ecirc; a possibilidade de que haja discrimina&ccedil;&otilde;es ou degrada&ccedil;&otilde;es de tr&aacute;fego, que s&oacute; poder&atilde;o decorrer de requisitos t&eacute;cnicos indispens&aacute;veis &agrave; frui&ccedil;&atilde;o de servi&ccedil;os e prioriza&ccedil;&atilde;o de servi&ccedil;os de emerg&ecirc;ncia. Essas ressalvas &agrave; regra da neutralidade devem respeitar as recomenda&ccedil;&otilde;es do Comit&ecirc; Gestor da Internet (CGI).<\/p>\n<p>Na hip&oacute;tese de discrimina&ccedil;&atilde;o ou degrada&ccedil;&atilde;o do tr&aacute;fego, o provedor n&atilde;o poder&aacute; causar preju&iacute;zos injustificados aos usu&aacute;rios, respeitar a livre concorr&ecirc;ncia e informar os usu&aacute;rios de forma clara sobre pr&aacute;ticas de gerenciamento de tr&aacute;fego adotadas. A discrimina&ccedil;&atilde;o de tr&aacute;fego foi permitida para que, por exemplo, SPAMs n&atilde;o sejam direcionados &agrave; caixa de entrada do usu&aacute;rio. &quot;O tratamento diferenciado a v&iacute;deos em tempo real ou mesmo a VoIP, por exemplo, podem ser outros motivos justific&aacute;veis a serem priorizados sem que haja, contudo, viola&ccedil;&atilde;o ao princ&iacute;pio da neutralidade&quot;, explica o deputado em seu relat&oacute;rio.<\/p>\n<p>Apesar da men&ccedil;&atilde;o expl&iacute;cita ao CGI na defini&ccedil;&atilde;o dos casos em que poder&aacute; haver discrimina&ccedil;&atilde;o de tr&aacute;fego e da retirada do trecho &quot;conforme regulamenta&ccedil;&atilde;o&quot;, o relat&oacute;rio menciona uma observa&ccedil;&atilde;o do conselheiro da Anatel Marcelo Bechara feita na s&eacute;tima e &uacute;ltima audi&ecirc;ncia p&uacute;blica da Comiss&atilde;o Especial realizada em Bras&iacute;lia. Segundo Bechara, mesmo sem a men&ccedil;&atilde;o &agrave; regulamenta&ccedil;&atilde;o posterior, a Anatel continuar&aacute; tendo a responsabilidade de regular, na camada de rede de telecomunica&ccedil;&otilde;es, quest&otilde;es relativas &agrave; neutralidade.<\/p>\n<p>&quot;H&aacute; um amplo temor por parte dos participantes das audi&ecirc;ncias p&uacute;blicas e semin&aacute;rios, bem como da sociedade, de que, ao se utilizar a express&atilde;o &ldquo;conforme regulamenta&ccedil;&atilde;o&rdquo;, fosse aberto espa&ccedil;o para que esse tratamento<br \/>posterior terminasse por restringir a aplica&ccedil;&atilde;o do princ&iacute;pio da neutralidade de rede, o que n&atilde;o &eacute;, em absoluto, nosso objetivo&quot;, explica o deputado em seu relat&oacute;rio.<\/p>\n<p>No dia 18 de junho o PL 2.126\/2011 foi apensado ao 5.403 de 2001, que por sua vez trazia apensados mais 37 projetos de lei que de alguma forma versavam sobre a Internet. Alessandro Molon optou por rejeitar todos os projetos, cuja abrang&ecirc;ncia era &quot;consideralvelmente mais restrita&quot; e manter a tramita&ccedil;&atilde;o do Marco Civil, que foi amplamente debatido pela sociedade atrav&eacute;s das sete audi&ecirc;ncias p&uacute;blicas e tamb&eacute;m por meio da Internet.<\/p>\n<p>O relat&oacute;rio do deputado Alessandro Molon est&aacute; dispon&iacute;vel no portal e-democracia (edemocracia.camara.gov.br), onde poder&aacute; receber sugest&otilde;es at&eacute; a pr&oacute;xima sexta-feira, 6.<\/span><\/p>\n","protected":false},"excerpt":{"rendered":"<p>O deputado Alessandro Mollon (PT\/RJ) apresentou nesta quarta-feira, 4, o relat&oacute;rio do projeto 2.126\/2011, conhecido como Marco Civil da Internet. Talvez a altera&ccedil;&atilde;o mais significativa do texto oriundo do Executivo tenha sido a retirada da men&ccedil;&atilde;o &quot;conforme regulamenta&ccedil;&atilde;o&quot; do inciso que trata da garantia da neutralidade da rede. O texto proposto pelo deputado, contudo, prev&ecirc; &hellip; <a href=\"https:\/\/obscom.intervozes.org.br\/?p=26961\" class=\"more-link\">Continue lendo <span class=\"screen-reader-text\">Substitutivo do Marco Civil exclui men\u00e7\u00e3o \u00e0 regulamenta\u00e7\u00e3o posterior da neutralidade<\/span> <span class=\"meta-nav\">&rarr;<\/span><\/a><\/p>\n","protected":false},"author":1,"featured_media":0,"comment_status":"open","ping_status":"open","sticky":false,"template":"","format":"standard","meta":{"footnotes":""},"categories":[40],"tags":[150],"_links":{"self":[{"href":"https:\/\/obscom.intervozes.org.br\/index.php?rest_route=\/wp\/v2\/posts\/26961"}],"collection":[{"href":"https:\/\/obscom.intervozes.org.br\/index.php?rest_route=\/wp\/v2\/posts"}],"about":[{"href":"https:\/\/obscom.intervozes.org.br\/index.php?rest_route=\/wp\/v2\/types\/post"}],"author":[{"embeddable":true,"href":"https:\/\/obscom.intervozes.org.br\/index.php?rest_route=\/wp\/v2\/users\/1"}],"replies":[{"embeddable":true,"href":"https:\/\/obscom.intervozes.org.br\/index.php?rest_route=%2Fwp%2Fv2%2Fcomments&post=26961"}],"version-history":[{"count":0,"href":"https:\/\/obscom.intervozes.org.br\/index.php?rest_route=\/wp\/v2\/posts\/26961\/revisions"}],"wp:attachment":[{"href":"https:\/\/obscom.intervozes.org.br\/index.php?rest_route=%2Fwp%2Fv2%2Fmedia&parent=26961"}],"wp:term":[{"taxonomy":"category","embeddable":true,"href":"https:\/\/obscom.intervozes.org.br\/index.php?rest_route=%2Fwp%2Fv2%2Fcategories&post=26961"},{"taxonomy":"post_tag","embeddable":true,"href":"https:\/\/obscom.intervozes.org.br\/index.php?rest_route=%2Fwp%2Fv2%2Ftags&post=26961"}],"curies":[{"name":"wp","href":"https:\/\/api.w.org\/{rel}","templated":true}]}}