{"id":26959,"date":"2012-07-06T19:24:09","date_gmt":"2012-07-06T19:24:09","guid":{"rendered":"https:\/\/obscom.intervozes.org.br\/wordpress\/?p=26959"},"modified":"2012-07-06T19:24:09","modified_gmt":"2012-07-06T19:24:09","slug":"stf-fara-audiencia-publica-sobre-regulamentacao-da-tv-paga","status":"publish","type":"post","link":"https:\/\/obscom.intervozes.org.br\/?p=26959","title":{"rendered":"STF far\u00e1 audi\u00eancia p\u00fablica sobre regulamenta\u00e7\u00e3o da TV paga"},"content":{"rendered":"<p><span class=\"padrao\">Objetivo &eacute; ouvir especialistas, ag&ecirc;ncias e representantes da sociedade para auxiliar no julgamento de a&ccedil;&otilde;es contra o SeAC<\/p>\n<p>A nova regulamenta&ccedil;&atilde;o do servi&ccedil;o de TV por assinatura ser&aacute; debatida em audi&ecirc;ncia p&uacute;blica no Supremo Tribunal Federal (STF) no segundo semestre. A audi&ecirc;ncia foi convocada pelo ministro Luiz Fux, relator de tr&ecirc;s a&ccedil;&otilde;es diretas de inconstitucionalidade que questionam dispositivos da lei 12.485\/2011, que criou o Servi&ccedil;o de Acesso Condicionado (SeAC).<\/p>\n<p>As a&ccedil;&otilde;es questionam, entre outros pontos, a extens&atilde;o dos poderes fiscalizat&oacute;rios da Ancine, a restri&ccedil;&atilde;o &agrave; propriedade cruzada entre segmentos dos setores de telecomunica&ccedil;&otilde;es e radiodifus&atilde;o, a limita&ccedil;&atilde;o da participa&ccedil;&atilde;o do capital estrangeiro no mercado audiovisual e a obrigatoriedade de veicula&ccedil;&atilde;o m&iacute;nima de conte&uacute;do nacional.Os questionamentos foram apresentados ao STF pelo partido Democratas (, pela Associa&ccedil;&atilde;o NeoTV &ndash; que re&uacute;ne prestadores de servi&ccedil;os de televis&atilde;o por assinatura, e pela Associa&ccedil;&atilde;o Brasileira de Radiodifusores (Abra).<\/p>\n<p><strong>Mercado<\/strong><\/p>\n<p>Segundo o ministro Luiz Fux, a aprecia&ccedil;&atilde;o do tema ultrapassa os limites do estritamente jur&iacute;dico, demandando &quot;abordagem t&eacute;cnica e interdisciplinar, atenta &agrave;s nuances do mercado audiovisual brasileiro e &agrave;s repercuss&otilde;es pr&aacute;ticas que o novo modelo normativo ensejar&aacute; sobre a din&acirc;mica do setor&quot;. O ministro cita que a televis&atilde;o por assinatura est&aacute; presente em aproximadamente 25% das casas brasileiras, atingindo cerca de 45 milh&otilde;es de brasileiros, de acordo com estimativas do IBGE.<\/p>\n<p>A audi&ecirc;ncia p&uacute;blica, conforme o relator, busca ouvir especialistas, entidades reguladoras e representantes da sociedade civil para esclarecer quest&otilde;es t&eacute;cnicas, pol&iacute;ticas, econ&ocirc;micas e culturais relativas ao funcionamento do mercado de TV por assinatura. O ministro Luiz Fux salientou que n&atilde;o &eacute; objetivo da audi&ecirc;ncia colher interpreta&ccedil;&otilde;es jur&iacute;dicas dos textos constitucional ou legal.<\/p>\n<p>Entre os itens a serem abordados, o ministro destaca: i) peculiaridades das diferentes plataformas tecnol&oacute;gicas; ii) atividades da cadeia de valor do mercado audiovisual; iii) grau de abertura e concorr&ecirc;ncia do setor; iv) impactos da restri&ccedil;&atilde;o ao capital estrangeiro e da veda&ccedil;&atilde;o &agrave; propriedade cruzada; v) composi&ccedil;&atilde;o do mercado quanto &agrave; produ&ccedil;&atilde;o nacional e estrangeira; vi) t&eacute;cnicas de est&iacute;mulo &agrave; produ&ccedil;&atilde;o e consumo de conte&uacute;do nacional; vii) mudan&ccedil;as operadas no mercado em raz&atilde;o da nova lei; viii) perfil de atua&ccedil;&atilde;o da Ancine; ix) panorama mundial de regula&ccedil;&atilde;o da TV por assinatura.<br \/><strong><br \/>Inscri&ccedil;&otilde;es<\/strong><\/p>\n<p>Os interessados em participar da audi&ecirc;ncia p&uacute;blica podem encaminhar os requerimentos exclusivamente para o endere&ccedil;o de e-mail tvporassinatura@stf.jus.br at&eacute; as 20 horas do dia 31 de agosto de 2012. A audi&ecirc;ncia ser&aacute; realizada no segundo semestre de 2012, tendo cada expositor tempo de apresenta&ccedil;&atilde;o de 15 minutos, com a possibilidade de apresenta&ccedil;&atilde;o de memoriais.(Da reda&ccedil;&atilde;o, com assessoria de imprensa)<br \/><\/span><\/p>\n","protected":false},"excerpt":{"rendered":"<p>Objetivo &eacute; ouvir especialistas, ag&ecirc;ncias e representantes da sociedade para auxiliar no julgamento de a&ccedil;&otilde;es contra o SeAC A nova regulamenta&ccedil;&atilde;o do servi&ccedil;o de TV por assinatura ser&aacute; debatida em audi&ecirc;ncia p&uacute;blica no Supremo Tribunal Federal (STF) no segundo semestre. A audi&ecirc;ncia foi convocada pelo ministro Luiz Fux, relator de tr&ecirc;s a&ccedil;&otilde;es diretas de inconstitucionalidade &hellip; <a href=\"https:\/\/obscom.intervozes.org.br\/?p=26959\" class=\"more-link\">Continue lendo <span class=\"screen-reader-text\">STF far\u00e1 audi\u00eancia p\u00fablica sobre regulamenta\u00e7\u00e3o da TV paga<\/span> <span class=\"meta-nav\">&rarr;<\/span><\/a><\/p>\n","protected":false},"author":1,"featured_media":0,"comment_status":"open","ping_status":"open","sticky":false,"template":"","format":"standard","meta":{"footnotes":""},"categories":[40],"tags":[366],"_links":{"self":[{"href":"https:\/\/obscom.intervozes.org.br\/index.php?rest_route=\/wp\/v2\/posts\/26959"}],"collection":[{"href":"https:\/\/obscom.intervozes.org.br\/index.php?rest_route=\/wp\/v2\/posts"}],"about":[{"href":"https:\/\/obscom.intervozes.org.br\/index.php?rest_route=\/wp\/v2\/types\/post"}],"author":[{"embeddable":true,"href":"https:\/\/obscom.intervozes.org.br\/index.php?rest_route=\/wp\/v2\/users\/1"}],"replies":[{"embeddable":true,"href":"https:\/\/obscom.intervozes.org.br\/index.php?rest_route=%2Fwp%2Fv2%2Fcomments&post=26959"}],"version-history":[{"count":0,"href":"https:\/\/obscom.intervozes.org.br\/index.php?rest_route=\/wp\/v2\/posts\/26959\/revisions"}],"wp:attachment":[{"href":"https:\/\/obscom.intervozes.org.br\/index.php?rest_route=%2Fwp%2Fv2%2Fmedia&parent=26959"}],"wp:term":[{"taxonomy":"category","embeddable":true,"href":"https:\/\/obscom.intervozes.org.br\/index.php?rest_route=%2Fwp%2Fv2%2Fcategories&post=26959"},{"taxonomy":"post_tag","embeddable":true,"href":"https:\/\/obscom.intervozes.org.br\/index.php?rest_route=%2Fwp%2Fv2%2Ftags&post=26959"}],"curies":[{"name":"wp","href":"https:\/\/api.w.org\/{rel}","templated":true}]}}