{"id":26955,"date":"2012-06-25T11:20:47","date_gmt":"2012-06-25T11:20:47","guid":{"rendered":"https:\/\/obscom.intervozes.org.br\/wordpress\/?p=26955"},"modified":"2012-06-25T11:20:47","modified_gmt":"2012-06-25T11:20:47","slug":"abert-vai-financiar-informatizacao-da-gestao-do-ministerio-das-comunicacoes","status":"publish","type":"post","link":"https:\/\/obscom.intervozes.org.br\/?p=26955","title":{"rendered":"Abert vai financiar informatiza\u00e7\u00e3o da gest\u00e3o do Minist\u00e9rio das Comunica\u00e7\u00f5es"},"content":{"rendered":"<p><span class=\"padrao\">No &uacute;ltimo dia 19\/6, o ministro das Comunica&ccedil;&otilde;es, Paulo Bernardo, anunciou aos empres&aacute;rios de radiodifus&atilde;o a contrata&ccedil;&atilde;o de consultorias que v&atilde;o ajudar a redesenhar a gest&atilde;o da pasta, otimizando o tr&acirc;mite de processos, que passar&atilde;o a ser eletr&ocirc;nicos. Os estudos v&atilde;o auxiliar a informatiza&ccedil;&atilde;o do minist&eacute;rio, que vai contar &#8211; adiantou o ministro &#8211; com o &ldquo;apoio financeiro&rdquo; da Associa&ccedil;&atilde;o Brasileira de Emissoras de R&aacute;dio e Televis&atilde;o (Abert). &ldquo;Quando tudo estiver pronto, nossa meta &eacute; poder finalizar, em at&eacute; tr&ecirc;s meses, qualquer pedido feito ao Minist&eacute;rio&rdquo;, disse, otimista. O projeto, entre outras promessas, foi apresentado durante o 26&ordm; Congresso Brasileiro de Radiodifus&atilde;o, promovido pela entidade empresarial na semana passada, em Bras&iacute;lia. <\/p>\n<p>Na pr&aacute;tica, para &ldquo;melhorar&rdquo; a gest&atilde;o p&uacute;blica, a Abert, a partir de uma parceria do Minist&eacute;rio das Comunica&ccedil;&otilde;es (Minicom) com o Movimento Brasil Competitivo, vai financiar um sistema de inform&aacute;tica para automatizar os processos, que hoje tramitam de forma absolutamente &ldquo;anal&oacute;gica&rdquo;. <br \/>A implementa&ccedil;&atilde;o da automa&ccedil;&atilde;o no Minicom tamb&eacute;m vai ter a participa&ccedil;&atilde;o da C&acirc;mara de Gest&atilde;o, Desempenho e Competitividade da Presid&ecirc;ncia da Rep&uacute;blica (CGDC), presidida pelo empres&aacute;rio Jorge Gerdau. A estimativa &eacute; que o sistema seja desenvolvido e instalado nos pr&oacute;ximos 18 meses e j&aacute; comece a funcionar a partir de janeiro de 2014.<\/p>\n<p>O projeto &eacute; visto como um &ldquo;divisor de &aacute;guas&rdquo; por Daniel Slaviero, ex-presidente da Abert (2006-2010) e atual diretor-geral do SBT em Bras&iacute;lia. &ldquo;E o papel da Abert, do setor empresarial, ser&aacute; decisivo, porque est&aacute; sendo feito um or&ccedil;amento de quais s&atilde;o os investimentos necess&aacute;rios para a compra desse sistema de inform&aacute;tica, que ser&aacute; custeado integralmente pelo setor produtivo, pelas emissoras de r&aacute;dio e televis&atilde;o. Ou seja, o sistema de inform&aacute;tica do Minist&eacute;rio ser&aacute; doado, atrav&eacute;s desse conv&ecirc;nio, pelas empresas privadas&rdquo;, assume Slaviero. Ele alega que o &uacute;nico ganho dos empres&aacute;rios &ndash; que, segundo diz, n&atilde;o v&atilde;o interferir na formata&ccedil;&atilde;o do sistema &ndash; seria a agiliza&ccedil;&atilde;o dos processos,&nbsp; o &ldquo;maior interesse&rdquo; dos radiodifusores.<\/p>\n<p>Ainda no evento empresarial, a secret&aacute;ria-executiva substituta do Minist&eacute;rio das Comunica&ccedil;&otilde;es, Elisa Peixoto, foi mais detalhista ao explicar como vai ser encaminhada a implanta&ccedil;&atilde;o da automa&ccedil;&atilde;o. &ldquo;A gente vai contratar uma empresa de consultoria para [fazer] um mapeamento de processos. Depois que estiver mapeado, &eacute; o Movimento Brasil Competitivo que nos fornece o subs&iacute;dio de desenvolvimento de TI [Tecnologia da Informa&ccedil;&atilde;o]. E a Abert &eacute; uma parceira via C&acirc;mara de Gest&atilde;o&rdquo;, descreve. Ela garante que as consultorias v&atilde;o ser financiadas pelo pr&oacute;prio minist&eacute;rio, por meio de uma empresa a ser contratada para essa finalidade.<\/p>\n<p>J&aacute; o secret&aacute;rio de Servi&ccedil;os de Comunica&ccedil;&atilde;o Eletr&ocirc;nica do Minicom, Genildo Lins, afirma estar mais preocupado com a qualidade do produto que vai ser &ldquo;doado&rdquo; pelos empres&aacute;rios. &ldquo;N&oacute;s n&atilde;o sabemos sequer quem s&atilde;o os financiadores. Se o produto n&atilde;o for bom, o setor privado vai ter gastado os recursos desnecessariamente&rdquo;, analisa.<\/p>\n<p>O secret&aacute;rio tamb&eacute;m n&atilde;o v&ecirc; problemas na rela&ccedil;&atilde;o pr&oacute;xima dos empres&aacute;rios de radiodifus&atilde;o com o minist&eacute;rio que regulamenta e fiscaliza o setor. &ldquo;Se o Movimento Brasil Competitivo nos entregar um produto que atenda &agrave;s nossas necessidades, n&oacute;s vamos aceitar de bom grado. Afinal, se o governo n&atilde;o consegue arcar com os custos desse sistema, que &eacute; muito caro, n&oacute;s n&atilde;o podemos dizer que o setor privado n&atilde;o pode ajudar o governo&rdquo;, justifica Lins.<\/p>\n<p><strong>O que &eacute; o Movimento Brasil Competitivo?<\/strong><\/p>\n<p>De acordo com o site do Movimento Brasil Competitivo, a entidade busca &ldquo;a melhoria da competitividade das organiza&ccedil;&otilde;es privadas e da qualidade e da produtividade das organiza&ccedil;&otilde;es p&uacute;blicas&rdquo;. A organiza&ccedil;&atilde;o re&uacute;ne desde empresas como Fiat, Procter&amp;Gamble e, claro, Grupo Gerdau at&eacute; entidades sindicais como a CUT e a For&ccedil;a Sindical, passando por v&aacute;rias empresas de capital misto, a exemplo da Petrobras e do Banco do Brasil. A Abert tamb&eacute;m &eacute; uma das colaboradoras do MBC.<\/span><\/p>\n","protected":false},"excerpt":{"rendered":"<p><span class=\"padrao\">O ministro Paulo Bernardo disse que o Minicom vai implantar um sistema  de automa&ccedil;&atilde;o, que deve ser financiado integralmente pela Associa&ccedil;&atilde;o Brasileira de Emissoras de R&aacute;dio e TV (Abert).<\/span><\/p>\n","protected":false},"author":1,"featured_media":0,"comment_status":"open","ping_status":"open","sticky":false,"template":"","format":"standard","meta":{"footnotes":""},"categories":[40],"tags":[366],"_links":{"self":[{"href":"https:\/\/obscom.intervozes.org.br\/index.php?rest_route=\/wp\/v2\/posts\/26955"}],"collection":[{"href":"https:\/\/obscom.intervozes.org.br\/index.php?rest_route=\/wp\/v2\/posts"}],"about":[{"href":"https:\/\/obscom.intervozes.org.br\/index.php?rest_route=\/wp\/v2\/types\/post"}],"author":[{"embeddable":true,"href":"https:\/\/obscom.intervozes.org.br\/index.php?rest_route=\/wp\/v2\/users\/1"}],"replies":[{"embeddable":true,"href":"https:\/\/obscom.intervozes.org.br\/index.php?rest_route=%2Fwp%2Fv2%2Fcomments&post=26955"}],"version-history":[{"count":0,"href":"https:\/\/obscom.intervozes.org.br\/index.php?rest_route=\/wp\/v2\/posts\/26955\/revisions"}],"wp:attachment":[{"href":"https:\/\/obscom.intervozes.org.br\/index.php?rest_route=%2Fwp%2Fv2%2Fmedia&parent=26955"}],"wp:term":[{"taxonomy":"category","embeddable":true,"href":"https:\/\/obscom.intervozes.org.br\/index.php?rest_route=%2Fwp%2Fv2%2Fcategories&post=26955"},{"taxonomy":"post_tag","embeddable":true,"href":"https:\/\/obscom.intervozes.org.br\/index.php?rest_route=%2Fwp%2Fv2%2Ftags&post=26955"}],"curies":[{"name":"wp","href":"https:\/\/api.w.org\/{rel}","templated":true}]}}