{"id":26942,"date":"2012-06-21T16:41:21","date_gmt":"2012-06-21T16:41:21","guid":{"rendered":"https:\/\/obscom.intervozes.org.br\/wordpress\/?p=26942"},"modified":"2012-06-21T16:41:21","modified_gmt":"2012-06-21T16:41:21","slug":"estamos-tranquilos-diz-presidente-da-abert-sobre-mudancas-na-comunicacao","status":"publish","type":"post","link":"https:\/\/obscom.intervozes.org.br\/?p=26942","title":{"rendered":"&#8220;Estamos tranquilos&#8221;, diz presidente da Abert sobre mudan\u00e7as na comunica\u00e7\u00e3o"},"content":{"rendered":"<p><span class=\"padrao\">Nesta ter&ccedil;a (19\/06), logo ap&oacute;s a abertura do 26&ordm; Congresso Brasileiro de Radiodifus&atilde;o, o presidente da Associa&ccedil;&atilde;o Brasileira de Emissoras de R&aacute;dio e Televis&atilde;o (Abert), Emanuel Carneiro, falou ao Observat&oacute;rio do Direito &agrave; Comunica&ccedil;&atilde;o sobre a poss&iacute;vel atualiza&ccedil;&atilde;o da regulamenta&ccedil;&atilde;o do setor. <\/p>\n<p>Segundo ele, os empres&aacute;rios est&atilde;o &quot;tranquilos&quot; na rela&ccedil;&atilde;o com o poder p&uacute;blico, principalmente por conta dos discursos feitos pelos representantes do Executivo e do Legislativo no primeiro dia do evento. A proposta de decreto de moderniza&ccedil;&atilde;o das regras para outorga de radiodifus&atilde;o deve ser colocada em consulta p&uacute;blica em breve, segundo o ministro das Comunica&ccedil;&otilde;es, Paulo Bernardo.<\/p>\n<p>Fazendo coro com outros palestrantes, o empres&aacute;rio mineiro, que est&aacute; &agrave; frente da entidade desde 2010, alega que a preserva&ccedil;&atilde;o da &quot;liberdade de express&atilde;o&quot; &eacute; o conceito-chave para a Abert discutir marco jur&iacute;dico do setor.<\/p>\n<p>Al&eacute;m disso, o presidente da Abert, antes de atacar o que classifica de &quot;r&aacute;dios piratas&quot;, diz que a principal entidade dos radiodifusores est&aacute; atenta aos casos de viola&ccedil;&atilde;o de direitos humanos no r&aacute;dio e na televis&atilde;o brasileiros. &quot;Isso n&atilde;o &eacute; norma; isso &eacute; exce&ccedil;&atilde;o&quot;, avalia.<\/p>\n<p><strong>Observat&oacute;rio &#8211; A Abert tem acordo com a forma como o Governo tem encaminhado a atualiza&ccedil;&atilde;o da regulamenta&ccedil;&atilde;o do setor?<\/strong><\/p>\n<p><strong>Emanuel Carneiro &#8211; <\/strong>Nesse primeiro dia do Congresso, foi muito claro que a gente n&atilde;o tem medo de o Governo trazer [um novo marco], porque a nossa&nbsp; regulamenta&ccedil;&atilde;o &eacute; de 1962 &#8211; n&atilde;o tinha Internet, n&atilde;o tinha iPhone, iPad. Ent&atilde;o &eacute; uma adapta&ccedil;&atilde;o &agrave; realidade atual. Foi dito pelo presidente [em exerc&iacute;cio Michel Temer], representando a Dilma Rousseff, e pelo Marco Maia [presidente da C&acirc;mara dos Deputados] que isso n&atilde;o arranha, em nenhum momento e de forma alguma, a liberdade de express&atilde;o.<\/p>\n<p>&Eacute; isso que a gente sempre tem defendido em todas as a&ccedil;&otilde;es da Abert. Ali&aacute;s, esse &eacute; o atestado de batismo da Abert: defender a liberdade de express&atilde;o, as concess&otilde;es e tudo mais. Quanto a isso, estamos tranquilos. Vamos acrescentar se formos chamados para discutir alguma coisa a esse respeito.<\/p>\n<p><strong>E quanto a casos como o que houve em uma emissora da Bahia [Bandeirantes], a entidade tem alguma posi&ccedil;&atilde;o sobre poss&iacute;veis puni&ccedil;&otilde;es contra emissoras que promovam viola&ccedil;&otilde;es de direitos humanos?<\/strong><\/p>\n<p>Olha&#8230; Existem, &agrave;s vezes, alguns setores mal informados que, por exemplo, entendem que as prefeituras podem dar concess&atilde;o para uma emissora comunit&aacute;ria; n&atilde;o pode. &Eacute; Governo Federal, &eacute; Minist&eacute;rio das Comunica&ccedil;&otilde;es. Ent&atilde;o uma emissora n&atilde;o pode ser punida por uma C&acirc;mara de Vereadores, por uma Assembleia Legislativa. Tudo isso tem que vir para a Anatel, para o Minist&eacute;rio, seguindo os processos normais.<\/p>\n<p>A Abert est&aacute; muito atenta a isso, sempre que h&aacute; qualquer caso desse. Eu diria que isso n&atilde;o &eacute; norma; isso &eacute; exce&ccedil;&atilde;o. A cada momento que isso acontece, a Abert est&aacute; presente; ela protesta, procura as pessoas, esclarece. A Abert, nesse sentido, tem uma parab&oacute;lica, ligada 24 horas, para preservar aquilo que &eacute; o interesse privado da radiodifus&atilde;o, as concess&otilde;es, o espectro, que n&atilde;o pode ser invadido.<\/p>\n<p>H&aacute; uma luta a&iacute;, sobre a qual n&oacute;s temos falado pouco mas que n&atilde;o terminou, que &eacute; contra o r&aacute;dio pirata, porque muita gente confunde r&aacute;dio pirata com r&aacute;dio comunit&aacute;ria. S&atilde;o coisas totalmente diferentes. A Abert apoia a radiodifus&atilde;o comunit&aacute;ria, mas quer tamb&eacute;m que ela se estabele&ccedil;a dentro das regras com as quais ela foi criada &#8211; n&atilde;o pode sair vendendo comercialmente, n&atilde;o pode fazer coisas que s&atilde;o pertinentes ao r&aacute;dio comercial.<br \/><\/span><\/p>\n","protected":false},"excerpt":{"rendered":"<p><span class=\"padrao\">O presidente da <\/span><span class=\"padrao\"> Associa&ccedil;&atilde;o  Brasileira de Emissoras de R&aacute;dio e Televis&atilde;o (Abert), Emanuel Carneiro, afirmou que o setor est&aacute; confort&aacute;vel com <\/span><span class=\"padrao\">a poss&iacute;vel  atualiza&ccedil;&atilde;o da regulamenta&ccedil;&atilde;o do setor proposta pelo governo.<\/span><\/p>\n","protected":false},"author":1,"featured_media":0,"comment_status":"open","ping_status":"open","sticky":false,"template":"","format":"standard","meta":{"footnotes":""},"categories":[40],"tags":[1699],"_links":{"self":[{"href":"https:\/\/obscom.intervozes.org.br\/index.php?rest_route=\/wp\/v2\/posts\/26942"}],"collection":[{"href":"https:\/\/obscom.intervozes.org.br\/index.php?rest_route=\/wp\/v2\/posts"}],"about":[{"href":"https:\/\/obscom.intervozes.org.br\/index.php?rest_route=\/wp\/v2\/types\/post"}],"author":[{"embeddable":true,"href":"https:\/\/obscom.intervozes.org.br\/index.php?rest_route=\/wp\/v2\/users\/1"}],"replies":[{"embeddable":true,"href":"https:\/\/obscom.intervozes.org.br\/index.php?rest_route=%2Fwp%2Fv2%2Fcomments&post=26942"}],"version-history":[{"count":0,"href":"https:\/\/obscom.intervozes.org.br\/index.php?rest_route=\/wp\/v2\/posts\/26942\/revisions"}],"wp:attachment":[{"href":"https:\/\/obscom.intervozes.org.br\/index.php?rest_route=%2Fwp%2Fv2%2Fmedia&parent=26942"}],"wp:term":[{"taxonomy":"category","embeddable":true,"href":"https:\/\/obscom.intervozes.org.br\/index.php?rest_route=%2Fwp%2Fv2%2Fcategories&post=26942"},{"taxonomy":"post_tag","embeddable":true,"href":"https:\/\/obscom.intervozes.org.br\/index.php?rest_route=%2Fwp%2Fv2%2Ftags&post=26942"}],"curies":[{"name":"wp","href":"https:\/\/api.w.org\/{rel}","templated":true}]}}