{"id":26941,"date":"2012-06-20T17:01:39","date_gmt":"2012-06-20T17:01:39","guid":{"rendered":"https:\/\/obscom.intervozes.org.br\/wordpress\/?p=26941"},"modified":"2012-06-20T17:01:39","modified_gmt":"2012-06-20T17:01:39","slug":"conselho-de-direitos-humanos-do-distrito-federal-pede-que-ministerio-publico-avalie-programa-panico","status":"publish","type":"post","link":"https:\/\/obscom.intervozes.org.br\/?p=26941","title":{"rendered":"Conselho de Direitos Humanos do Distrito Federal pede que Minist\u00e9rio P\u00fablico avalie programa P\u00e2nico"},"content":{"rendered":"<p><strong>Reda&ccedil;&atilde;o &#8211; Observat&oacute;rio do Direito &agrave; Comunica&ccedil;&atilde;o<\/strong><\/p>\n<p>O Conselho de Promo&ccedil;&atilde;o e Defesa dos Direitos Humanos do Distrito Federal decidiu requerer ao Minist&eacute;rio P&uacute;blico Federal a instaura&ccedil;&atilde;o de inqu&eacute;rito civil p&uacute;blico para averiguar se houve viola&ccedil;&atilde;o aos direitos humanos nos quadros &ldquo;A Academia das Paniquetes&rdquo; e &ldquo;O Maior Arreg&atilde;o do Mundo&rdquo;, ambos transmitidos no programa P&acirc;nico na Band, da Rede Bandeirantes. A decis&atilde;o do Conselho foi tomada em reuni&atilde;o realizada em 13 de abril deste ano, mas a publica&ccedil;&atilde;o no Di&aacute;rio Oficial s&oacute; saiu nesta quarta-feira (20).<\/p>\n<p>Em caso de confirma&ccedil;&atilde;o das viola&ccedil;&otilde;es aos direitos humanos, o Conselho solicita ao Minist&eacute;rio P&uacute;blico que os quadros em quest&atilde;o sejam retirados do ar e, no hor&aacute;rio de apresenta&ccedil;&atilde;o dos mesmos, sejam exibidos v&iacute;deos educativos com a finalidade de combater todas as formas de trote, divulgando uma cultura de paz, que enfrente a discrimina&ccedil;&atilde;o e combata assim a exposi&ccedil;&atilde;o vexat&oacute;ria das mulheres, funcion&aacute;rios e convidados.<\/p>\n","protected":false},"excerpt":{"rendered":"<p>Reda&ccedil;&atilde;o &#8211; Observat&oacute;rio do Direito &agrave; Comunica&ccedil;&atilde;o O Conselho de Promo&ccedil;&atilde;o e Defesa dos Direitos Humanos do Distrito Federal decidiu requerer ao Minist&eacute;rio P&uacute;blico Federal a instaura&ccedil;&atilde;o de inqu&eacute;rito civil p&uacute;blico para averiguar se houve viola&ccedil;&atilde;o aos direitos humanos nos quadros &ldquo;A Academia das Paniquetes&rdquo; e &ldquo;O Maior Arreg&atilde;o do Mundo&rdquo;, ambos transmitidos no programa &hellip; <a href=\"https:\/\/obscom.intervozes.org.br\/?p=26941\" class=\"more-link\">Continue lendo <span class=\"screen-reader-text\">Conselho de Direitos Humanos do Distrito Federal pede que Minist\u00e9rio P\u00fablico avalie programa P\u00e2nico<\/span> <span class=\"meta-nav\">&rarr;<\/span><\/a><\/p>\n","protected":false},"author":1,"featured_media":0,"comment_status":"open","ping_status":"open","sticky":false,"template":"","format":"standard","meta":{"footnotes":""},"categories":[39],"tags":[],"_links":{"self":[{"href":"https:\/\/obscom.intervozes.org.br\/index.php?rest_route=\/wp\/v2\/posts\/26941"}],"collection":[{"href":"https:\/\/obscom.intervozes.org.br\/index.php?rest_route=\/wp\/v2\/posts"}],"about":[{"href":"https:\/\/obscom.intervozes.org.br\/index.php?rest_route=\/wp\/v2\/types\/post"}],"author":[{"embeddable":true,"href":"https:\/\/obscom.intervozes.org.br\/index.php?rest_route=\/wp\/v2\/users\/1"}],"replies":[{"embeddable":true,"href":"https:\/\/obscom.intervozes.org.br\/index.php?rest_route=%2Fwp%2Fv2%2Fcomments&post=26941"}],"version-history":[{"count":0,"href":"https:\/\/obscom.intervozes.org.br\/index.php?rest_route=\/wp\/v2\/posts\/26941\/revisions"}],"wp:attachment":[{"href":"https:\/\/obscom.intervozes.org.br\/index.php?rest_route=%2Fwp%2Fv2%2Fmedia&parent=26941"}],"wp:term":[{"taxonomy":"category","embeddable":true,"href":"https:\/\/obscom.intervozes.org.br\/index.php?rest_route=%2Fwp%2Fv2%2Fcategories&post=26941"},{"taxonomy":"post_tag","embeddable":true,"href":"https:\/\/obscom.intervozes.org.br\/index.php?rest_route=%2Fwp%2Fv2%2Ftags&post=26941"}],"curies":[{"name":"wp","href":"https:\/\/api.w.org\/{rel}","templated":true}]}}