{"id":26939,"date":"2012-06-20T15:45:23","date_gmt":"2012-06-20T15:45:23","guid":{"rendered":"https:\/\/obscom.intervozes.org.br\/wordpress\/?p=26939"},"modified":"2012-06-20T15:45:23","modified_gmt":"2012-06-20T15:45:23","slug":"nova-regulamentacao-nao-vai-tratar-de-conteudo-diz-ministro","status":"publish","type":"post","link":"https:\/\/obscom.intervozes.org.br\/?p=26939","title":{"rendered":"Nova regulamenta\u00e7\u00e3o n\u00e3o vai tratar de conte\u00fado, diz ministro"},"content":{"rendered":"<p><span class=\"padrao\">Com discurso recheado de refer&ecirc;ncias &agrave; expans&atilde;o da banda larga e da TV por assinatura, o ministro das Comunica&ccedil;&otilde;es, Paulo Bernardo, afirmou que n&atilde;o &eacute; poss&iacute;vel &quot;esperar que a r&aacute;dio e a TV sejam superados pela Internet&quot; e que, por isso, &eacute; necess&aacute;rio atualizar a legisla&ccedil;&atilde;o da radiodifus&atilde;o no Brasil. No entanto, ele garantiu aos associados da Associa&ccedil;&atilde;o Brasileira das Emissoras de R&aacute;dio e TV (Abert) que n&atilde;o vai misturar a regulamenta&ccedil;&atilde;o de infraestrutura com as quest&otilde;es relacionadas ao conte&uacute;do &#8211; ou ao &quot;comportamento dos meios de comunica&ccedil;&atilde;o&quot;, como conceituou.<\/p>\n<p>&quot;Temos que separar assuntos que acabam sendo indevidamente confundidos. N&atilde;o podemos ser guiados por motivos pol&iacute;tico-partid&aacute;rios. Afinal, estamos falando de quest&otilde;es estruturais. J&aacute; houve debates t&eacute;cnicos e j&aacute; existiram minutas propostas pelos dois presidentes [Fernando Henrique Cardoso e Lula] que antecederam a presidenta Dilma&quot;, destacou Paulo Bernardo. O ministro foi o primeiro palestrante desta quarta-feira no 26&ordm; Congresso Brasileiro de Radiodifus&atilde;o que segue at&eacute; esta quinta-feira (21) em Bras&iacute;lia.<\/p>\n<p>Com elogios de lado a lado, associados da Abert e representantes do Governo Federal foram quase consensuais na an&aacute;lise de que &eacute; necess&aacute;rio atualizar as regras que ordenam o setor da radiodifus&atilde;o no Brasil.<\/p>\n<p>&quot;As realidades tecnol&oacute;gicas, econ&ocirc;micas, pol&iacute;ticas e sociais completamente diferentes de meio s&eacute;culo atr&aacute;s [idade da atual legisla&ccedil;&atilde;o] que impulsionam um novo debate regulat&oacute;rio. (&#8230;) Nossa legisla&ccedil;&atilde;o est&aacute; muito aqu&eacute;m desse fen&ocirc;meno relativamente novo&quot;, avaliou o ministro. <\/p>\n<p>Uma Lei Geral proposta pelo Executivo, definiu Bernardo, deve estar voltada para regulamentar os artigos da Constitui&ccedil;&atilde;o que tratam do setor. Ele citou a Uni&atilde;o Europeia, os Estados Unidos e o Canad&aacute; como exemplos de &quot;democracias avan&ccedil;adas&quot; que j&aacute; t&ecirc;m regras para o setor. &quot;Regula&ccedil;&atilde;o n&atilde;o tem nada de incompat&iacute;vel com a liberdade de express&atilde;o. Foi conquistado pela sociedade brasileira. &Eacute; um consenso entre todos n&oacute;s. Vamos estar levando em considera&ccedil;&atilde;o sempre [a liberdade de express&atilde;o]. O que n&oacute;s temos de buscar &eacute; atualizar uma lei que hoje tem 50 anos&quot;, completou o ministro.<\/p>\n<p>&quot;&Eacute; importante que a Abert, assim como fez em sua origem, se mobilize novamente para a constru&ccedil;&atilde;o de um ambiente jur&iacute;dico moderno e est&aacute;vel para a radiodifus&atilde;o brasileira. V&atilde;o ser necess&aacute;rios esfor&ccedil;os t&eacute;cnicos e jur&iacute;dicos e muito di&aacute;logo entre as empresas, os governos e a sociedade em geral. O que est&aacute; em jogo &eacute; o futuro da radiodifus&atilde;o&quot;, acentou o ministro Paulo Bernardo, lembrando a origem da associa&ccedil;&atilde;o empresarial. <\/p>\n<p>A Abert foi criada em 1962 para derrubar os vetos realizados pelo ent&atilde;o presidente Jo&atilde;o Goulart sobre o C&oacute;digo Brasileiro de Telecomunica&ccedil;&otilde;es. Jango seria deposto por um golpe c&iacute;vico-militar dois anos depois, com o apoio dos mesmos empres&aacute;rios que hoje conclamam a liberdade de imprensa.<\/p>\n<p>De acordo com Paulo Bernardo, o Governo Federal tem feito &quot;todos os esfor&ccedil;os&quot; para atualizar as regras do setor, mesmo sem mudar a legisla&ccedil;&atilde;o. &quot;Por meio de portarias, conseguimos firmar crit&eacute;rios mais transparentes, inovamos as regras para licita&ccedil;&atilde;o de r&aacute;dio e televis&atilde;o e dificultamos a opera&ccedil;&atilde;o de laranjas. Coibimos a participa&ccedil;&atilde;o de intermedi&aacute;rios nas licita&ccedil;&otilde;es&quot;, enumerou.<br \/><strong><br \/>Requalifica&ccedil;&atilde;o da gest&atilde;o<br \/><\/strong><br \/>O ministro tamb&eacute;m anunciou que o governo trabalha uma proposta para facilitar os processos de outorga, acompanhamento, fiscaliza&ccedil;&atilde;o e de san&ccedil;&atilde;o. &quot;Poderemos, em breve, implantar processos eletr&ocirc;nicos. Quando tudo estiver pronto, pretendemos finalizar em at&eacute; tr&ecirc;s meses qualquer processo iniciado no minist&eacute;rio&quot;, prometeu.<\/p>\n<p>Isso inclui, segundo Paulo Bernardo, a contrata&ccedil;&atilde;o de consultorias que v&atilde;o ajudar a pasta a otimizar o tr&acirc;mite de processos. O projeto &eacute; apoiado pela Abert e gerido pela C&acirc;mara de Gest&atilde;o, Desempenho e Competitividade da Presid&ecirc;ncia da Rep&uacute;blica (CGDC), presidida pelo empres&aacute;rio Jorge Gerdau.<\/p>\n<p>Hoje, h&aacute; emissoras que t&ecirc;m tr&ecirc;s ou quatro processos tramitando, mas n&atilde;o s&atilde;o unificados. &quot;[&Eacute;] evidente que isso vira um tormento para n&oacute;s e para os nossos clientes, digamos assim, que s&atilde;o as emissoras de R&aacute;dio e TV&quot;. Nesta quarta, o Minicom assinou um conv&ecirc;nio com a Ag&ecirc;ncia Nacional de Telecomunica&ccedil;&otilde;es (Anatel) que delegar &agrave; ag&ecirc;ncia a parte de engenharia.<\/p>\n<p><strong>R&aacute;dio digital: defini&ccedil;&atilde;o at&eacute; o final de 2012<\/strong><\/p>\n<p>O ministro das Comunica&ccedil;&otilde;es informou que est&atilde;o adiantados os testes para a defini&ccedil;&atilde;o do futuro do r&aacute;dio no Brasil e afirmou que, at&eacute; o final deste ano, o Governo deve definir o padr&atilde;o de r&aacute;dio digital que ser&aacute; utilizado no Brasil. Segundo Bernardo, a escolha n&atilde;o ser&aacute; baseada apenas nas caracter&iacute;sticas t&eacute;cnicas, mas levar&aacute; em conta que o padr&atilde;o de r&aacute;dio a ser adotado garanta &quot;a continuidade de neg&oacute;cios para pequenos e grandes radiodifusores&quot;.<\/span><\/p>\n","protected":false},"excerpt":{"rendered":"<p>Paulo Bernardo, ministro das Comunica&ccedil;&otilde;es, declarou durante o Congresso da Associa&ccedil;&atilde;o Brasileira de Emissoras de R&aacute;dio e TV (Abert) que governo n&atilde;o ir&aacute; propor regula&ccedil;&atilde;o envolvendo conte&uacute;do. <\/p>\n","protected":false},"author":1,"featured_media":0,"comment_status":"open","ping_status":"open","sticky":false,"template":"","format":"standard","meta":{"footnotes":""},"categories":[40],"tags":[1699],"_links":{"self":[{"href":"https:\/\/obscom.intervozes.org.br\/index.php?rest_route=\/wp\/v2\/posts\/26939"}],"collection":[{"href":"https:\/\/obscom.intervozes.org.br\/index.php?rest_route=\/wp\/v2\/posts"}],"about":[{"href":"https:\/\/obscom.intervozes.org.br\/index.php?rest_route=\/wp\/v2\/types\/post"}],"author":[{"embeddable":true,"href":"https:\/\/obscom.intervozes.org.br\/index.php?rest_route=\/wp\/v2\/users\/1"}],"replies":[{"embeddable":true,"href":"https:\/\/obscom.intervozes.org.br\/index.php?rest_route=%2Fwp%2Fv2%2Fcomments&post=26939"}],"version-history":[{"count":0,"href":"https:\/\/obscom.intervozes.org.br\/index.php?rest_route=\/wp\/v2\/posts\/26939\/revisions"}],"wp:attachment":[{"href":"https:\/\/obscom.intervozes.org.br\/index.php?rest_route=%2Fwp%2Fv2%2Fmedia&parent=26939"}],"wp:term":[{"taxonomy":"category","embeddable":true,"href":"https:\/\/obscom.intervozes.org.br\/index.php?rest_route=%2Fwp%2Fv2%2Fcategories&post=26939"},{"taxonomy":"post_tag","embeddable":true,"href":"https:\/\/obscom.intervozes.org.br\/index.php?rest_route=%2Fwp%2Fv2%2Ftags&post=26939"}],"curies":[{"name":"wp","href":"https:\/\/api.w.org\/{rel}","templated":true}]}}