{"id":26938,"date":"2012-06-20T15:13:22","date_gmt":"2012-06-20T15:13:22","guid":{"rendered":"https:\/\/obscom.intervozes.org.br\/wordpress\/?p=26938"},"modified":"2014-09-07T03:02:46","modified_gmt":"2014-09-07T03:02:46","slug":"ministro-sinaliza-mudancas-na-regulacao-com-apoio-a-pautas-de-empresarios","status":"publish","type":"post","link":"https:\/\/obscom.intervozes.org.br\/?p=26938","title":{"rendered":"Ministro sinaliza mudan\u00e7as na regula\u00e7\u00e3o com apoio a pautas de empres\u00e1rios"},"content":{"rendered":"<p><span class=\"padrao\">O ministro das Comunica&ccedil;&otilde;es, Paulo Bernardo, comprometeu-se, na manh&atilde; desta quarta-feira (20), com praticamente toda&nbsp; a pauta de reivindica&ccedil;&otilde;es dos empres&aacute;rios presentes ao 26&ordm; Congresso Brasileiro de Radiodifus&atilde;o, em Bras&iacute;lia. Antes, na noite desta ter&ccedil;a, durante a abertura do evento, o presidente da C&acirc;mara, deputado Marco Maia (PT-RS), e o presidente da Rep&uacute;blica em exerc&iacute;cio, Michel Temer (PMDB), j&aacute; haviam rendido elogios e apoio aos radiodifusores.<\/p>\n<p>Enquanto Temer tachou de &quot;retrocesso inadmiss&iacute;vel&quot; qualquer iniciativa que, segundo ele, ataque a liberdade de express&atilde;o, Paulo Bernardo adiantou aos radiodifusores que, na condu&ccedil;&atilde;o da atualiza&ccedil;&atilde;o da regulamenta&ccedil;&atilde;o do setor, o Governo Federal n&atilde;o pretende abordar nenhum aspecto que incida sobre o conte&uacute;do. &quot;N&atilde;o deve tratar de jornalismo. Liberdade de imprensa e direito de resposta devem ser discutidos em separado. Abominamos a censura ou o que chamam de controle sobre a m&iacute;dia&quot;, disse.<\/p>\n<p>O ministro tamb&eacute;m garantiu &agrave; Associa&ccedil;&atilde;o Brasileira de Emissoras de R&aacute;dio e Televis&atilde;o (Abert), organizadora do evento,&nbsp; que est&aacute; descartada qualquer abordagem da subconcess&atilde;o (&quot;arrendamento&quot;) de hor&aacute;rios de programa&ccedil;&atilde;o na proposta de atualiza&ccedil;&atilde;o do decreto que regulamenta o setor, que deve ser colocada em consulta p&uacute;blica em breve. &quot;Esse assunto n&atilde;o consta na nossa pauta. Um jornal obteve uma minuta e disse que &eacute; quente; eu digo que &eacute; fria&quot;, sentenciou, em refer&ecirc;ncia &agrave; mat&eacute;ria do jornal Folha de S. Paulo. <\/p>\n<p>Paulo Bernardo manifestou ainda apoio &agrave; flexibiliza&ccedil;&atilde;o do hor&aacute;rio de transmiss&atilde;o do programa &quot;Voz do Brasil&quot;,&nbsp; que hoje &eacute; veiculado por todas as emissoras &agrave;s 19h de Bras&iacute;lia. &quot;Como ministro do Planejamento, tinha acompanhado as tratativas no Congresso, e o Governo havia dado sinal verde para o projeto. N&oacute;s somos favor&aacute;veis. Isso vindo para a san&ccedil;&atilde;o da presidenta Dilma, ter&aacute; a aprova&ccedil;&atilde;o&quot;, assegurou. Na noite anterior, o deputado Marco Maia (PT-RS) e o presidente em exerc&iacute;cio Michel Temer (PMDB), tamb&eacute;m se disseram favor&aacute;veis ao projeto.<\/p>\n<p><strong>Tema, marca e campanha<\/strong><\/p>\n<p>O tema do Congresso, &quot;O Brasil e o mundo gr&aacute;tis&quot;, parece ser uma refer&ecirc;ncia indireta &agrave; disputa (com certo temor) do setor de radiodifus&atilde;o frente &agrave; expans&atilde;o das telecomunica&ccedil;&otilde;es, cujo conte&uacute;do, no segmento audiovisual, &eacute; confundido com a express&atilde;o &quot;TV paga&quot;. J&aacute; a marca do evento &eacute; a silhueta da <a href=\"http:\/\/localhost\/intervozes_direitoacomunicacao\/wordpress\/?p=26921\" target=\"_blank\">Torre de TV Digital do Distrito Federal<\/a> , que teve um or&ccedil;amento de quase R$ 90 milh&otilde;es e vai ser utilizada pelas emissoras comerciais para transmiss&atilde;o digital, embora n&atilde;o tenha havido qualquer contrapartida das empresas.<\/p>\n<p>Na abertura do Congresso, a Abert tamb&eacute;m lan&ccedil;ou a &quot;Campanha de Valoriza&ccedil;&atilde;o da R&aacute;dio e da Televis&atilde;o no Brasil&quot;, com v&iacute;deos e spots que v&atilde;o ser veiculados pelas emissoras associadas. Segundo a entidade, a campanha procura exaltar a import&acirc;ncia da radiodifus&atilde;o para a &quot;forma&ccedil;&atilde;o da identidade nacional&quot;. As pe&ccedil;as tiveram a participa&ccedil;&atilde;o de mais de 90 m&uacute;sicos de todos os 26 Estados e do Distrito Federal &#8211; de Chico C&eacute;sar a Michel Tel&oacute;.<\/span><\/p>\n","protected":false},"excerpt":{"rendered":"<p>Ministro das Comunica&ccedil;&otilde;es, presidente da C&acirc;mara dos Deputados e vice-presidente da Rep&uacute;blica declaram apoio as propostas de regula&ccedil;&atilde;o que atendam aos interesses dos empres&aacute;rios, durante a abertura do 26&ordm; Congresso Brasileiro de Radiodifus&atilde;o.<\/p>\n","protected":false},"author":1,"featured_media":0,"comment_status":"open","ping_status":"open","sticky":false,"template":"","format":"standard","meta":{"footnotes":""},"categories":[40],"tags":[1699],"_links":{"self":[{"href":"https:\/\/obscom.intervozes.org.br\/index.php?rest_route=\/wp\/v2\/posts\/26938"}],"collection":[{"href":"https:\/\/obscom.intervozes.org.br\/index.php?rest_route=\/wp\/v2\/posts"}],"about":[{"href":"https:\/\/obscom.intervozes.org.br\/index.php?rest_route=\/wp\/v2\/types\/post"}],"author":[{"embeddable":true,"href":"https:\/\/obscom.intervozes.org.br\/index.php?rest_route=\/wp\/v2\/users\/1"}],"replies":[{"embeddable":true,"href":"https:\/\/obscom.intervozes.org.br\/index.php?rest_route=%2Fwp%2Fv2%2Fcomments&post=26938"}],"version-history":[{"count":1,"href":"https:\/\/obscom.intervozes.org.br\/index.php?rest_route=\/wp\/v2\/posts\/26938\/revisions"}],"predecessor-version":[{"id":28296,"href":"https:\/\/obscom.intervozes.org.br\/index.php?rest_route=\/wp\/v2\/posts\/26938\/revisions\/28296"}],"wp:attachment":[{"href":"https:\/\/obscom.intervozes.org.br\/index.php?rest_route=%2Fwp%2Fv2%2Fmedia&parent=26938"}],"wp:term":[{"taxonomy":"category","embeddable":true,"href":"https:\/\/obscom.intervozes.org.br\/index.php?rest_route=%2Fwp%2Fv2%2Fcategories&post=26938"},{"taxonomy":"post_tag","embeddable":true,"href":"https:\/\/obscom.intervozes.org.br\/index.php?rest_route=%2Fwp%2Fv2%2Ftags&post=26938"}],"curies":[{"name":"wp","href":"https:\/\/api.w.org\/{rel}","templated":true}]}}