{"id":26937,"date":"2012-06-18T18:28:57","date_gmt":"2012-06-18T18:28:57","guid":{"rendered":"https:\/\/obscom.intervozes.org.br\/wordpress\/?p=26937"},"modified":"2012-06-18T18:28:57","modified_gmt":"2012-06-18T18:28:57","slug":"radio-cupula-fechada-e-hora-de-novo-marco-regulatorio-das-comunicacoes","status":"publish","type":"post","link":"https:\/\/obscom.intervozes.org.br\/?p=26937","title":{"rendered":"R\u00e1dio C\u00fapula fechada? \u00c9 hora de novo marco regulat\u00f3rio das comunica\u00e7\u00f5es!"},"content":{"rendered":"<p><span class=\"padrao\">No &uacute;ltimo domingo (17), popula&ccedil;&otilde;es de todo o mundo, reunidas na C&uacute;pula dos Povos, assistiram a um vergonhoso exemplo dado pelo Estado brasileiro em termos de direito &agrave; liberdade de express&atilde;o e democratiza&ccedil;&atilde;o da m&iacute;dia.<\/p>\n<p>Depois de sucessivas tentativas numa mesma tarde, frustradas pela resist&ecirc;ncia popular que montou cord&otilde;es humanos em frente &agrave; R&aacute;dio C&uacute;pula dos Povos, a Ag&ecirc;ncia Nacional de Telecomunica&ccedil;&otilde;es (Anatel) sacramentou o seu papel hist&oacute;rico de persegui&ccedil;&atilde;o e criminaliza&ccedil;&atilde;o &agrave; comunica&ccedil;&atilde;o comunit&aacute;ria ao fechar a referida r&aacute;dio.<\/p>\n<p>O ato &eacute; hist&oacute;rico, porque como bem lembrou o representante da Associa&ccedil;&atilde;o Mundial de R&aacute;dios Comunit&aacute;rias, Arthur William, fatos como esse acontecem todos os dias, em todos os cantos do Brasil.<\/p>\n<p>A Anatel alegava que o sinal da r&aacute;dio estava interferindo no tr&aacute;fego a&eacute;reo do aeroporto Santos Dumont, que, receberia chefes de estado de todo o mundo para participarem da Rio+20. A afirma&ccedil;&atilde;o da Anatel cai por terra quando constata-se que a baixa intensidade do sinal de transmiss&atilde;o utilizado pela r&aacute;dio C&uacute;pula dos Povos &ndash; 25 watts &#8211; torna imposs&iacute;vel tal n&iacute;vel de interfer&ecirc;ncia.<\/p>\n<p>Curiosamente, a a&ccedil;&atilde;o da Anatel com apoio da Pol&iacute;cia Federal e Pol&iacute;cia Militar do Estado do Rio de Janeiro teve in&iacute;cio no momento em que se encerrava, tamb&eacute;m ali no Rio de Janeiro, o II F&oacute;rum Mundial de M&iacute;dia Livre, que tem como um de seus objetivos discutir propostas de fortalecimento para os meios de comunica&ccedil;&atilde;o livres e comunit&aacute;rios.<\/p>\n<p>Tamb&eacute;m curiosamente, o fechamento da r&aacute;dio vai de encontro a uma das principais reivindica&ccedil;&otilde;es discutidas at&eacute; aqui na C&uacute;pula dos Povos: a garantia do direito &agrave; comunica&ccedil;&atilde;o e a democratiza&ccedil;&atilde;o da m&iacute;dia.<\/p>\n<p>Por&eacute;m, t&atilde;o importante quanto se indignar, reivindicar, denunciar e protestar, &eacute; fundamental neste momento apontar caminhos para a resolu&ccedil;&atilde;o deste problema marcante da pol&iacute;tica de comunica&ccedil;&otilde;es no Brasil. E um dos caminhos j&aacute; tem sido defendido por um conjunto de entidades e organiza&ccedil;&otilde;es da sociedade civil: a necessidade de um novo marco regulat&oacute;rio das comunica&ccedil;&otilde;es, que garanta a diversidade e a pluralidade de todas as ideias, cores e vozes.<\/p>\n<p>Para isso, vem sendo gestada a Campanha Nacional em defesa da Liberdade de Express&atilde;o, que tem como uma das propostas centrais, justamente, o fortalecimento das r&aacute;dios e TVs comunit&aacute;rias.<\/p>\n<p>Um trecho da Plataforma da sociedade civil pelo Novo Marco Regulat&oacute;rio &ndash; programa que embasa a Campanha &ndash; diz que &ldquo;os meios comunit&aacute;rios devem ser priorizados nas pol&iacute;ticas p&uacute;blicas de comunica&ccedil;&atilde;o, pondo fim &agrave;s restri&ccedil;&otilde;es arbitr&aacute;rias de sua cobertura, pot&ecirc;ncia e n&uacute;mero de esta&ccedil;&otilde;es por localidade, garantido o respeito a planos de outorgas e distribui&ccedil;&atilde;o de frequ&ecirc;ncias que levem em conta as necessidades e possibilidades das emissoras de cada localidade&rdquo;.<\/p>\n<p>Outro trecho defende ainda &ldquo;o fim da criminaliza&ccedil;&atilde;o das r&aacute;dios comunit&aacute;rias, garantindo a anistia aos milhares de comunicadores perseguidos e condenados pelo exerc&iacute;cio da liberdade de express&atilde;o e do direito &agrave; comunica&ccedil;&atilde;o&rdquo;.<\/p>\n<p>A Campanha, protagonizada por diversos segmentos &ndash; m&iacute;dias comunit&aacute;rias, movimento de mulheres, movimento negro, juventude, entidades sindicais, movimentos populares e organiza&ccedil;&otilde;es sociais &ndash;, tem pressionado para que o Governo Federal abra o debate p&uacute;blico sobre a nova legisla&ccedil;&atilde;o para o setor das comunica&ccedil;&otilde;es.<\/p>\n<p>Neste sentido, o fechamento da r&aacute;dio C&uacute;pula dos Povos &eacute; um momento prop&iacute;cio para que o Governo Federal, enfim, se posicione e coloque em debate p&uacute;blico a necessidade de um novo marco regulat&oacute;rio da m&iacute;dia, que garanta o direito &agrave; comunica&ccedil;&atilde;o e a liberdade de express&atilde;o de todos os cidad&atilde;os e cidad&atilde;s.<\/p>\n<p><em>Paulo Victor Melo, jornalista e integrante do Intervozes &ndash; Coletivo Brasil de Comunica&ccedil;&atilde;o<br \/><\/em><br \/><\/span><\/p>\n","protected":false},"excerpt":{"rendered":"<p><span class=\"padrao\">Depois de sucessivas tentativas numa mesma tarde,  frustradas pela resist&ecirc;ncia popular que montou cord&otilde;es humanos em frente  &agrave; R&aacute;dio C&uacute;pula dos Povos, a Ag&ecirc;ncia Nacional de Telecomunica&ccedil;&otilde;es  (Anatel) sacramentou o seu papel hist&oacute;rico de persegui&ccedil;&atilde;o e  criminaliza&ccedil;&atilde;o &agrave; comunica&ccedil;&atilde;o comunit&aacute;ria ao fechar a referida r&aacute;dio.<\/span><\/p>\n","protected":false},"author":1,"featured_media":0,"comment_status":"open","ping_status":"open","sticky":false,"template":"","format":"standard","meta":{"footnotes":""},"categories":[42],"tags":[363],"_links":{"self":[{"href":"https:\/\/obscom.intervozes.org.br\/index.php?rest_route=\/wp\/v2\/posts\/26937"}],"collection":[{"href":"https:\/\/obscom.intervozes.org.br\/index.php?rest_route=\/wp\/v2\/posts"}],"about":[{"href":"https:\/\/obscom.intervozes.org.br\/index.php?rest_route=\/wp\/v2\/types\/post"}],"author":[{"embeddable":true,"href":"https:\/\/obscom.intervozes.org.br\/index.php?rest_route=\/wp\/v2\/users\/1"}],"replies":[{"embeddable":true,"href":"https:\/\/obscom.intervozes.org.br\/index.php?rest_route=%2Fwp%2Fv2%2Fcomments&post=26937"}],"version-history":[{"count":0,"href":"https:\/\/obscom.intervozes.org.br\/index.php?rest_route=\/wp\/v2\/posts\/26937\/revisions"}],"wp:attachment":[{"href":"https:\/\/obscom.intervozes.org.br\/index.php?rest_route=%2Fwp%2Fv2%2Fmedia&parent=26937"}],"wp:term":[{"taxonomy":"category","embeddable":true,"href":"https:\/\/obscom.intervozes.org.br\/index.php?rest_route=%2Fwp%2Fv2%2Fcategories&post=26937"},{"taxonomy":"post_tag","embeddable":true,"href":"https:\/\/obscom.intervozes.org.br\/index.php?rest_route=%2Fwp%2Fv2%2Ftags&post=26937"}],"curies":[{"name":"wp","href":"https:\/\/api.w.org\/{rel}","templated":true}]}}