{"id":26936,"date":"2012-06-18T17:59:56","date_gmt":"2012-06-18T17:59:56","guid":{"rendered":"https:\/\/obscom.intervozes.org.br\/wordpress\/?p=26936"},"modified":"2012-06-18T17:59:56","modified_gmt":"2012-06-18T17:59:56","slug":"ii-fmml-debate-experiencias-sulamericanas-e-curda-de-luta-pelo-direito-a-comunicacao","status":"publish","type":"post","link":"https:\/\/obscom.intervozes.org.br\/?p=26936","title":{"rendered":"II FMML debate experi\u00eancias sulamericanas e curda de luta pelo direito \u00e0 comunica\u00e7\u00e3o"},"content":{"rendered":"<p><span class=\"padrao\">Os processos de luta por novos marcos regulat&oacute;rios para comunica&ccedil;&atilde;o tiveram como primeira conseq&uuml;&ecirc;ncia positiva colocar em debate p&uacute;blico a comunica&ccedil;&atilde;o como direito. Com essa id&eacute;ia, Nelsy Lizarazo, da Associa&ccedil;&atilde;o Latinoamericana de Educa&ccedil;&atilde;o Radiof&ocirc;nica (ALER), abriu o debate da mesa &ldquo;Direito &agrave; Comunica&ccedil;&atilde;o&rdquo; do II F&oacute;rum Mundial de M&iacute;dia Livre (FMML) realizado durante a manh&atilde; do s&aacute;bado (16), na Universidade Federal do Rio de Janeiro (campus Praia Vermelha). A palestrante fez uma fala baseada no acompanhamento que vem fazendo de experi&ecirc;ncias de movimentos sociais em pa&iacute;ses da Am&eacute;rica do Sul pela liberdade de express&atilde;o e o acesso &agrave; informa&ccedil;&atilde;o.<\/p>\n<p>As lutas dos povos argentino, equatoriano, curdo e brasileiro pelo direito &agrave; comunica&ccedil;&atilde;o estiveram em foco durante todo o debate, em que foram apresentados relatos de experi&ecirc;ncias de representantes de diferentes pa&iacute;ses. A organiza&ccedil;&atilde;o da sociedade civil por mudan&ccedil;as nos marcos regulat&oacute;rios, as tens&otilde;es entre governos e a grande m&iacute;dia, a viola&ccedil;&atilde;o de direitos e a agress&atilde;o a jornalistas foram alguns entre os v&aacute;rios temas discutidos.<\/p>\n<p>Segundo a palestrante Magali Ricciardi, que participou da experi&ecirc;ncia argentina, a a&ccedil;&atilde;o da sociedade civil foi fundamental para a obten&ccedil;&atilde;o dos avan&ccedil;os no marco regulat&oacute;rio do pa&iacute;s, no contexto do acirramento das tens&otilde;es entre o governo e os grandes propriet&aacute;rios de meios de comunica&ccedil;&atilde;o, como o grupo Clar&iacute;n. Ap&oacute;s tomar consci&ecirc;ncia de que haviam interesses em jogo, a popula&ccedil;&atilde;o buscou se informar e preparar para exigir uma outra comunica&ccedil;&atilde;o.<\/p>\n<p>No Brasil, a campanha por um novo marco regulat&oacute;rio da comunica&ccedil;&atilde;o que ser&aacute; lan&ccedil;ada pelo F&oacute;rum Nacional pela Democratiza&ccedil;&atilde;o da Comunica&ccedil;&atilde;o (FNDC) se apresenta como um cap&iacute;tulo importante da organiza&ccedil;&atilde;o da sociedade civil em sua batalha pela mudan&ccedil;a do conjunto de leis, marcos legais e dispositivos jur&iacute;dicos que regulamentam o setor. De acordo com Jo&atilde;o Brant, membro do Coletivo Intervozes, a campanha foi precedida pela mobiliza&ccedil;&atilde;o ocorrida pela Confer&ecirc;ncia Nacional de Comunica&ccedil;&atilde;o (Confecom), que, apesar de seu papel, ainda n&atilde;o teve suas resolu&ccedil;&otilde;es implementadas.<\/p>\n<p>&uml;O Estado deve ser o garantidor do direito &agrave; comunica&ccedil;&atilde;o, mas em muitos pa&iacute;ses tamb&eacute;m cumpre o papel de maior violador&quot;, complementa Jo&atilde;o Brant, ap&oacute;s ouvir o relato de Ylmaz Orkan, representante do povo curdo, sobre as atrocidades que o governo turco tem cometido para fazer calar aqueles que tentam romper barreiras &agrave; livre express&atilde;o e cr&iacute;tica. O fechamento da TV curda na Dinamarca pela OTAN (por seus compromissos com o governo turco), exemplifica em alto grau as possibilidades de viola&ccedil;&atilde;o do direito &agrave; comunica&ccedil;&atilde;o, articulada nesse caso internacionalmente por diversos Estados Nacionais.<\/p>\n<p><\/span><\/p>\n","protected":false},"excerpt":{"rendered":"<p>O II F&oacute;rum Mundial de M&iacute;dia Livre (FMML), evento articulado com a C&uacute;pula dos Povos da Rio+20, discute o papel do Estado e as experi&ecirc;ncias para garantir o direito &agrave; comunica&ccedil;&atilde;o pelo mundo<\/p>\n","protected":false},"author":1,"featured_media":0,"comment_status":"open","ping_status":"open","sticky":false,"template":"","format":"standard","meta":{"footnotes":""},"categories":[40],"tags":[344],"_links":{"self":[{"href":"https:\/\/obscom.intervozes.org.br\/index.php?rest_route=\/wp\/v2\/posts\/26936"}],"collection":[{"href":"https:\/\/obscom.intervozes.org.br\/index.php?rest_route=\/wp\/v2\/posts"}],"about":[{"href":"https:\/\/obscom.intervozes.org.br\/index.php?rest_route=\/wp\/v2\/types\/post"}],"author":[{"embeddable":true,"href":"https:\/\/obscom.intervozes.org.br\/index.php?rest_route=\/wp\/v2\/users\/1"}],"replies":[{"embeddable":true,"href":"https:\/\/obscom.intervozes.org.br\/index.php?rest_route=%2Fwp%2Fv2%2Fcomments&post=26936"}],"version-history":[{"count":0,"href":"https:\/\/obscom.intervozes.org.br\/index.php?rest_route=\/wp\/v2\/posts\/26936\/revisions"}],"wp:attachment":[{"href":"https:\/\/obscom.intervozes.org.br\/index.php?rest_route=%2Fwp%2Fv2%2Fmedia&parent=26936"}],"wp:term":[{"taxonomy":"category","embeddable":true,"href":"https:\/\/obscom.intervozes.org.br\/index.php?rest_route=%2Fwp%2Fv2%2Fcategories&post=26936"},{"taxonomy":"post_tag","embeddable":true,"href":"https:\/\/obscom.intervozes.org.br\/index.php?rest_route=%2Fwp%2Fv2%2Ftags&post=26936"}],"curies":[{"name":"wp","href":"https:\/\/api.w.org\/{rel}","templated":true}]}}