{"id":26933,"date":"2012-06-14T08:45:19","date_gmt":"2012-06-14T08:45:19","guid":{"rendered":"https:\/\/obscom.intervozes.org.br\/wordpress\/?p=26933"},"modified":"2012-06-14T08:45:19","modified_gmt":"2012-06-14T08:45:19","slug":"cupula-dos-povos-tambem-debate-midia-livre-e-compartilhada","status":"publish","type":"post","link":"https:\/\/obscom.intervozes.org.br\/?p=26933","title":{"rendered":"C\u00fapula dos Povos tamb\u00e9m debate m\u00eddia livre e compartilhada"},"content":{"rendered":"<p>O direito &agrave; comunica&ccedil;&atilde;o tamb&eacute;m estar&aacute; na pauta dos eventos paralelos &agrave; Confer&ecirc;ncia das Na&ccedil;&otilde;es Unidas sobre Desenvolvimento Sustent&aacute;vel (Rio+20). O II F&oacute;rum Mundial de M&iacute;dia Livre (FMML) acontece nos dias 16 e 17 de junho na Escola de Comunica&ccedil;&atilde;o da Universidade Federal do Rio de Janeiro (UFRJ), no bairro da Urca. O encontro se baseia em quatro eixos centrais: direito &agrave; comunica&ccedil;&atilde;o; pol&iacute;ticas p&uacute;blicas; apropria&ccedil;&atilde;o tecnol&oacute;gica e movimentos sociais. O F&oacute;rum integra a programa&ccedil;&atilde;o da C&uacute;pula dos Povos, que, de 15 a 23 de junho, vai ocupar a capital fluminense com reuni&otilde;es, encontros, debates e manifesta&ccedil;&otilde;es, entre outras atividades.<\/p>\n<p>Segundo Bia Barbosa, integrante do Intervozes, a convoca&ccedil;&atilde;o do FMML durante a C&uacute;pula dos Povos servir&aacute; para que as m&iacute;dias livres contribuam para a agenda dos movimentos sociais. &quot;Enviaremos propostas e faremos debates com o objetivo de construir uma agenda de luta junto aos movimentos sociais. A comunica&ccedil;&atilde;o e a cultura como bens da humanidade e devem estar articuladas na defesa da justi&ccedil;a social e ambiental&quot;, afirma Bia. A militante acrescenta ainda que a plen&aacute;ria final do FMML aprovar&aacute; propostas que ser&atilde;o enviadas &agrave;s assembleias de converg&ecirc;ncia da C&uacute;pula.<\/p>\n<p>Na C&uacute;pula dos Povos, as m&iacute;dias livres contribuir&atilde;o com propostas e debates para fortalecer a agenda dos bens comuns, onde comunica&ccedil;&atilde;o e cultura s&atilde;o considerados grandes bens da humanidade, indissoci&aacute;veis da justi&ccedil;a ambiental e social. O direito e a defesa da comunica&ccedil;&atilde;o devem ser inseridos nos documentos, agendas e propostas dos povos representados por seus movimentos sociais no Rio de Janeiro.<\/p>\n<p>Na programa&ccedil;&atilde;o, al&eacute;m de pain&eacute;is espec&iacute;ficos sobre os eixos tem&aacute;ticos, acontece um debate sobre &ldquo;Mulher, M&iacute;dia e Bens de Consumo&rdquo;. A tarde do dia 17\/06 ser&aacute; ocupada pelas atividades autogestionadas, que foram apresentadas por ativistas e entidades da sociedade civil. A programa&ccedil;&atilde;o completa do II FMML est&aacute; dispon&iacute;vel no <a href=\"http:\/\/www.forumdemidialivre.org\/?page_id=706\">site do evento<\/a>.<\/p>\n<p><strong>A Rede dos Povos<br \/><\/strong><br \/>Invisibilizada pela m&iacute;dia tradicional, a C&uacute;pula dos Povos inaugurou uma rede de produ&ccedil;&atilde;o de m&iacute;dia compartilhada, a Rede dos Povos. Reunindo meios de comunica&ccedil;&atilde;o ligados aos movimentos sociais, a iniciativa busca mobilizar o p&uacute;blico para o evento e tamb&eacute;m criar novos mecanismos para distribuir a comunica&ccedil;&atilde;o com conte&uacute;do cr&iacute;tico, poucas vezes exibido pela corpora&ccedil;&otilde;es midi&aacute;ticas.<\/p>\n<p>Segundo Monike Mar, jornalista da TV C&uacute;pula, a Rede dos Povos est&aacute; aberta &agrave; participa&ccedil;&atilde;o de coletivos e indiv&iacute;duos que queiram divulgar suas produ&ccedil;&otilde;es. &quot;Antes da C&uacute;pula, as produ&ccedil;&otilde;es puderam ser enviadas para nossa plataforma na web e assim formar um acervo para ser exibida durante o evento e no nosso site. Nos dias da C&uacute;pula, quem tiver seu material pronto poder&aacute; deixar conosco para serem exibidos&quot;. <\/p>\n<p>Outra apropria&ccedil;&atilde;o da comunica&ccedil;&atilde;o pelos movimentos sociais &eacute; a R&aacute;dio C&uacute;pula, constru&iacute;da por diversos coletivos de r&aacute;dio. Por&eacute;m nem s&oacute; de materiais prontos vive essa rede. Durante a C&uacute;pula, o Laborat&oacute;rio de Comunica&ccedil;&atilde;o Compartilhada tamb&eacute;m auxiliar&aacute; produtores que queiram finalizar seus projetos no evento. O portal da C&uacute;pula tem um esapa&ccedil;o espec&iacute;fico para o envio de conte&uacute;do e integra&ccedil;&atilde;o entre produtores da Rede dos Povos, para conhecer visite o site <a href=\"http:\/\/rede.cupuladospovos.org.br\" target=\"_blank\">http:\/\/rede.cupuladospovos.org.br<\/a>  .<br \/><strong><br \/>C&uacute;pula, um contraponto &agrave; Rio+20<\/strong><\/p>\n<p>A cidade do Rio de Janeiro receber&aacute; neste per&iacute;odo a Confer&ecirc;ncia das Na&ccedil;&otilde;es Unidas para o Desenvolvimento Sustent&aacute;vel, a Rio+20. O evento tem esse nome por ocorrer 20 anos ap&oacute;s a Confer&ecirc;ncia das Na&ccedil;&otilde;es Unidas sobre Meio Ambiente e Desenvolvimento, a Rio 92. O evento oficial acontecer&aacute; bem distante da C&uacute;pula dos Povos, na Barra da Tijuca &ndash; regi&atilde;o nobre da cidade &#8211;&nbsp; entre os dias 13 e 22 de junho no Riocentro. <\/p>\n<p>Marcelo Dur&atilde;o, integrante da Via Campesina e do Grupo de Articula&ccedil;&atilde;o da C&uacute;pula, afirma que a Rio+20 prioriza o di&aacute;logo entre presidentes e grandes empresas. &quot;Avaliamos que a rela&ccedil;&atilde;o hoje na Rio+20 &eacute; entre chefes de Estado e grandes corpora&ccedil;&otilde;es. A sociedade ficou de fora desse debate. O di&aacute;logo aberto no &uacute;ltimo momento na verdade &eacute; participante e n&atilde;o participativo&quot;, denuncia o militante.<\/p>\n<p>Mas n&atilde;o s&oacute; de debates oficiais vive uma cidade com conflitos sociais. Do outro lado do Rio de Janeiro, ocorrer&aacute; paralelamente a C&uacute;pula dos Povos, que reunir&aacute; cerca de 15 mil ativistas de todo o mundo no Aterro do Flamengo e em outras regi&otilde;es da cidade. Ignorada pelos meios de comunica&ccedil;&atilde;o tradicionais e amplamente divulgado pela m&iacute;dia contra-hegem&ocirc;nica, a C&uacute;pula tem entre seus eixos a &quot;den&uacute;ncia das causas estruturais das crises, das falsas solu&ccedil;&otilde;es e das novas formas de reprodu&ccedil;&atilde;o do capital&quot;.<\/p>\n<p>A programa&ccedil;&atilde;o &eacute; constitu&iacute;da por diversos espa&ccedil;os autogestionados e traz ainda um momento pr&aacute;tico da intera&ccedil;&atilde;o entre os participantes do evento. A iniciativa conhecida como &quot;Territ&oacute;rios do Futuro&quot; &eacute; um espa&ccedil;o onde comunidades apresentaram suas solu&ccedil;&otilde;es para as crises globais. <\/p>\n<p>A C&uacute;pula conta ainda com as plen&aacute;rias de converg&ecirc;ncia de propostas, divididas nos em grandes grupos tem&aacute;ticos: Direito, por Justi&ccedil;a Social e Ambiental; Defesa dos Bens Comuns Contra a Mercantiliza&ccedil;&atilde;o; Soberania Alimentar; Energia e Ind&uacute;strias Extrativas; Trabalho: Por uma Outra Economia e Novos Paradigmas de Sociedade. Veja aqui a programa&ccedil;&atilde;o completa no <a href=\"http:\/\/cupuladospovos.org.br\/cupula-dos-povos\/programacao\" target=\"_blank\">site oficial<\/a> .<\/p>\n","protected":false},"excerpt":{"rendered":"<p>Durante o per&iacute;odo da Rio+20, o Rio de Janeiro tamb&eacute;m recebe atividades organizadas pela sociedade civil na C&uacute;pula dos Povos. Evento tamb&eacute;m discutir&aacute; o direito &agrave; comunica&ccedil;&atilde;o no II F&oacute;rum Mundial de M&iacute;dia Livre. <\/p>\n","protected":false},"author":1,"featured_media":0,"comment_status":"open","ping_status":"open","sticky":false,"template":"","format":"standard","meta":{"footnotes":""},"categories":[40],"tags":[1698],"_links":{"self":[{"href":"https:\/\/obscom.intervozes.org.br\/index.php?rest_route=\/wp\/v2\/posts\/26933"}],"collection":[{"href":"https:\/\/obscom.intervozes.org.br\/index.php?rest_route=\/wp\/v2\/posts"}],"about":[{"href":"https:\/\/obscom.intervozes.org.br\/index.php?rest_route=\/wp\/v2\/types\/post"}],"author":[{"embeddable":true,"href":"https:\/\/obscom.intervozes.org.br\/index.php?rest_route=\/wp\/v2\/users\/1"}],"replies":[{"embeddable":true,"href":"https:\/\/obscom.intervozes.org.br\/index.php?rest_route=%2Fwp%2Fv2%2Fcomments&post=26933"}],"version-history":[{"count":0,"href":"https:\/\/obscom.intervozes.org.br\/index.php?rest_route=\/wp\/v2\/posts\/26933\/revisions"}],"wp:attachment":[{"href":"https:\/\/obscom.intervozes.org.br\/index.php?rest_route=%2Fwp%2Fv2%2Fmedia&parent=26933"}],"wp:term":[{"taxonomy":"category","embeddable":true,"href":"https:\/\/obscom.intervozes.org.br\/index.php?rest_route=%2Fwp%2Fv2%2Fcategories&post=26933"},{"taxonomy":"post_tag","embeddable":true,"href":"https:\/\/obscom.intervozes.org.br\/index.php?rest_route=%2Fwp%2Fv2%2Ftags&post=26933"}],"curies":[{"name":"wp","href":"https:\/\/api.w.org\/{rel}","templated":true}]}}