{"id":26926,"date":"2012-06-12T16:10:04","date_gmt":"2012-06-12T16:10:04","guid":{"rendered":"https:\/\/obscom.intervozes.org.br\/wordpress\/?p=26926"},"modified":"2012-06-12T16:10:04","modified_gmt":"2012-06-12T16:10:04","slug":"ministro-do-tcu-defende-reducao-de-multas-e-taxas-recolhidas-pelas-agencias-reguladoras","status":"publish","type":"post","link":"https:\/\/obscom.intervozes.org.br\/?p=26926","title":{"rendered":"Ministro do TCU defende redu\u00e7\u00e3o de multas e taxas recolhidas pelas ag\u00eancias reguladoras"},"content":{"rendered":"<p><span class=\"padrao\">Enquanto a Anatel trabalha para aumentar a aplica&ccedil;&atilde;o de penas alternativas &agrave;s multas como forma de reduzir o n&uacute;mero de puni&ccedil;&otilde;es que acabam na Justi&ccedil;a, o ministro do Tribunal de Contas da Uni&atilde;o (TCU) Jos&eacute; Jorge acredita que o caminho para esse mesmo fim seria a redu&ccedil;&atilde;o do valor das multas. &quot;Muitas vezes a multa &eacute; exagerada e a&iacute; a empresa recorre, e quando chega no ju&iacute;z ele acaba liberando (a empresa do pagamento) porque a multa foi muito alta&quot;, disse ele nesta ter&ccedil;a, 5, em audi&ecirc;ncia na Comiss&atilde;o de Assuntos Econ&ocirc;micos do Senado.<\/p>\n<p>O TCU elaborou, no final do ano passado, um ac&oacute;rd&atilde;o no qual recomenda &agrave; Casa Civil que, no caso das ag&ecirc;ncias superavit&aacute;rias como a Anatel e a Aneel, seja realizada uma an&aacute;lise acerca das multas e das taxas de fiscaliza&ccedil;&atilde;o aplicadas. Para o TCU &eacute; preciso que as multas sejam compat&iacute;veis com as infra&ccedil;&otilde;es aplicadas e os fundos setoriais sejam reduzidos de modo a n&atilde;o onerar demais os setores regulados. &quot;Muitas vezes a gente acha que quanto mais multar melhor. Mas n&atilde;o &eacute; assim, as multas t&ecirc;m que ser educativas&quot;, disse o ministro. O ac&oacute;rd&atilde;o do TCU &eacute; o resultado final de uma auditoria realizada pela &oacute;rg&atilde;o que constatou, entre outras coisas, que as ag&ecirc;ncias deixam de recolher a maior parte das multas aplicadas. A Anatel, entre as sete ag&ecirc;ncias fiscalizadas, &eacute; aquela que arrecada menos: apenas 4% das multas aplicadas. Por outro lado, s&oacute; em Fistel a Anatel arrecadou R$ 3,6 bilh&otilde;es (sendo R$ 2,1 bilh&otilde;es de TFI e R$ 2,5 bilh&atilde;o em TFF, que s&atilde;o as taxas referentes a instala&ccedil;&atilde;o de novos terminais e a terminais de telecomunica&ccedil;&otilde;es em funcionamento, respectivamente). Este ano, at&eacute; abril, as empresas informam j&aacute; ter pago R$ 2,9 bilh&otilde;es em Fistel.<\/p>\n<p><strong>Autonomia<\/strong><\/p>\n<p>Um probema comum entre todas as ag&ecirc;ncias reguladoras &eacute; a autonomia financeira, mesmo aquelas que, como a Anatel, t&ecirc;m seu or&ccedil;amento vinculado ao Fistel. O or&ccedil;amento das ag&ecirc;ncias reguladoras depende da libera&ccedil;&atilde;o dos minist&eacute;rios a que est&atilde;o vinculadas. Mesmo as ag&ecirc;ncias que arrecadam receitas pr&oacute;prias suficientes para o seu financiamento, como &eacute; o caso da Anatel e da Aneel, esses recursos frequentemente s&atilde;o contingenciados pelo governo. Para Jos&eacute; Jorge, &eacute; simples impedir que haja contigenciamento dos recursos das ag&ecirc;ncias. Embora sejam arrecadados pelas ag&ecirc;ncias, os fundos setoriais somam-se a outras receitas na composi&ccedil;&atilde;o do or&ccedil;amento federal, cuja aplica&ccedil;&atilde;o &eacute; regulada pela Lei de Diretrizes Or&ccedil;ament&aacute;rias (LDO). Na vis&atilde;o do ministro, bastaria que na LDO houvesse a proibi&ccedil;&atilde;o de que esses recursos fossem contingenciados. &quot;Os fundos t&ecirc;m que ser trabalhados na LDO para que n&atilde;o haja contingenciamento e, al&eacute;m disso, &eacute; preciso garantir que eles arrecadem somento aquilo que for necess&aacute;rio&quot;, disse ele.<\/span><\/p>\n","protected":false},"excerpt":{"rendered":"<p>Enquanto a Anatel trabalha para aumentar a aplica&ccedil;&atilde;o de penas alternativas &agrave;s multas como forma de reduzir o n&uacute;mero de puni&ccedil;&otilde;es que acabam na Justi&ccedil;a, o ministro do Tribunal de Contas da Uni&atilde;o (TCU) Jos&eacute; Jorge acredita que o caminho para esse mesmo fim seria a redu&ccedil;&atilde;o do valor das multas. &quot;Muitas vezes a multa &hellip; <a href=\"https:\/\/obscom.intervozes.org.br\/?p=26926\" class=\"more-link\">Continue lendo <span class=\"screen-reader-text\">Ministro do TCU defende redu\u00e7\u00e3o de multas e taxas recolhidas pelas ag\u00eancias reguladoras<\/span> <span class=\"meta-nav\">&rarr;<\/span><\/a><\/p>\n","protected":false},"author":1,"featured_media":0,"comment_status":"open","ping_status":"open","sticky":false,"template":"","format":"standard","meta":{"footnotes":""},"categories":[40],"tags":[912],"_links":{"self":[{"href":"https:\/\/obscom.intervozes.org.br\/index.php?rest_route=\/wp\/v2\/posts\/26926"}],"collection":[{"href":"https:\/\/obscom.intervozes.org.br\/index.php?rest_route=\/wp\/v2\/posts"}],"about":[{"href":"https:\/\/obscom.intervozes.org.br\/index.php?rest_route=\/wp\/v2\/types\/post"}],"author":[{"embeddable":true,"href":"https:\/\/obscom.intervozes.org.br\/index.php?rest_route=\/wp\/v2\/users\/1"}],"replies":[{"embeddable":true,"href":"https:\/\/obscom.intervozes.org.br\/index.php?rest_route=%2Fwp%2Fv2%2Fcomments&post=26926"}],"version-history":[{"count":0,"href":"https:\/\/obscom.intervozes.org.br\/index.php?rest_route=\/wp\/v2\/posts\/26926\/revisions"}],"wp:attachment":[{"href":"https:\/\/obscom.intervozes.org.br\/index.php?rest_route=%2Fwp%2Fv2%2Fmedia&parent=26926"}],"wp:term":[{"taxonomy":"category","embeddable":true,"href":"https:\/\/obscom.intervozes.org.br\/index.php?rest_route=%2Fwp%2Fv2%2Fcategories&post=26926"},{"taxonomy":"post_tag","embeddable":true,"href":"https:\/\/obscom.intervozes.org.br\/index.php?rest_route=%2Fwp%2Fv2%2Ftags&post=26926"}],"curies":[{"name":"wp","href":"https:\/\/api.w.org\/{rel}","templated":true}]}}