{"id":26910,"date":"2012-05-28T20:23:16","date_gmt":"2012-05-28T20:23:16","guid":{"rendered":"https:\/\/obscom.intervozes.org.br\/wordpress\/?p=26910"},"modified":"2012-05-28T20:23:16","modified_gmt":"2012-05-28T20:23:16","slug":"direitos-da-infancia-e-regulacao-da-midia-e-tema-de-oficinas","status":"publish","type":"post","link":"https:\/\/obscom.intervozes.org.br\/?p=26910","title":{"rendered":"Direitos da inf\u00e2ncia e regula\u00e7\u00e3o da m\u00eddia \u00e9 tema de oficinas"},"content":{"rendered":"<p><span class=\"padrao\"><strong>Reda&ccedil;&atilde;o &#8211; Observat&oacute;rio do Direito &agrave; Comunica&ccedil;&atilde;o<\/strong><\/p>\n<p>Aconteceu nessa segunda (28), em Curitiba,&nbsp; a primeira oficina &ldquo;Inf&acirc;ncia e Comunica&ccedil;&atilde;o&rdquo;. A atividade teve como objetivo colocar em debate a promo&ccedil;&atilde;o e a prote&ccedil;&atilde;o dos direitos de crian&ccedil;as e adolescentes em sua interface com a regula&ccedil;&atilde;o da m&iacute;dia. Durante o evento tamb&eacute;m foi lan&ccedil;ada a publica&ccedil;&atilde;o &ldquo;Inf&acirc;ncia e Comunica&ccedil;&atilde;o &#8211; Refer&ecirc;ncias para o marco legal e as pol&iacute;ticas p&uacute;blicas brasileiras&rdquo;.<\/p>\n<p>Outras nove capitais tamb&eacute;m receber&atilde;o a oficina. Os debates ser&atilde;o pautados pelas dez tem&aacute;ticas elencadas no livro, dentre elas educa&ccedil;&atilde;o para a m&iacute;dia,&nbsp; regula&ccedil;&atilde;o de exibi&ccedil;&atilde;o de imagens e identifica&ccedil;&atilde;o de crian&ccedil;as e adolescentes em conte&uacute;dos midi&aacute;ticos, classifica&ccedil;&atilde;o indicativa e produ&ccedil;&atilde;o de conte&uacute;do audiovisual de qualidade para inf&acirc;ncia.<\/p>\n<p>As pr&oacute;ximas oficinas ser&atilde;o no dia 13 de junho, no Rio de Janeiro, e 19 de junho, em Recife. As atividades ir&atilde;o culminar no Semin&aacute;rio Nacional sobre Direitos da Inf&acirc;ncia e Regula&ccedil;&atilde;o dos Meios, que ocorrer&aacute; em Bras&iacute;lia no segundo semestre. Os eventos fazem parte de uma estrat&eacute;gia voltada a oferecer subs&iacute;dios t&eacute;cnicos aprofundados para a consolida&ccedil;&atilde;o de pol&iacute;ticas de comunica&ccedil;&atilde;o e de um novo marco regulat&oacute;rio do setor com aten&ccedil;&atilde;o aos direitos de crian&ccedil;as e adolescentes. <\/p>\n<p><em>Com informa&ccedil;&otilde;es da Ciranda &#8211; Central de Not&iacute;cias dos Direitos da Inf&acirc;ncia e Adolesc&ecirc;ncia.<\/em><br \/><\/span><\/p>\n","protected":false},"excerpt":{"rendered":"<p>Reda&ccedil;&atilde;o &#8211; Observat&oacute;rio do Direito &agrave; Comunica&ccedil;&atilde;o Aconteceu nessa segunda (28), em Curitiba,&nbsp; a primeira oficina &ldquo;Inf&acirc;ncia e Comunica&ccedil;&atilde;o&rdquo;. A atividade teve como objetivo colocar em debate a promo&ccedil;&atilde;o e a prote&ccedil;&atilde;o dos direitos de crian&ccedil;as e adolescentes em sua interface com a regula&ccedil;&atilde;o da m&iacute;dia. Durante o evento tamb&eacute;m foi lan&ccedil;ada a publica&ccedil;&atilde;o &ldquo;Inf&acirc;ncia &hellip; <a href=\"https:\/\/obscom.intervozes.org.br\/?p=26910\" class=\"more-link\">Continue lendo <span class=\"screen-reader-text\">Direitos da inf\u00e2ncia e regula\u00e7\u00e3o da m\u00eddia \u00e9 tema de oficinas<\/span> <span class=\"meta-nav\">&rarr;<\/span><\/a><\/p>\n","protected":false},"author":1,"featured_media":0,"comment_status":"open","ping_status":"open","sticky":false,"template":"","format":"standard","meta":{"footnotes":""},"categories":[39],"tags":[],"_links":{"self":[{"href":"https:\/\/obscom.intervozes.org.br\/index.php?rest_route=\/wp\/v2\/posts\/26910"}],"collection":[{"href":"https:\/\/obscom.intervozes.org.br\/index.php?rest_route=\/wp\/v2\/posts"}],"about":[{"href":"https:\/\/obscom.intervozes.org.br\/index.php?rest_route=\/wp\/v2\/types\/post"}],"author":[{"embeddable":true,"href":"https:\/\/obscom.intervozes.org.br\/index.php?rest_route=\/wp\/v2\/users\/1"}],"replies":[{"embeddable":true,"href":"https:\/\/obscom.intervozes.org.br\/index.php?rest_route=%2Fwp%2Fv2%2Fcomments&post=26910"}],"version-history":[{"count":0,"href":"https:\/\/obscom.intervozes.org.br\/index.php?rest_route=\/wp\/v2\/posts\/26910\/revisions"}],"wp:attachment":[{"href":"https:\/\/obscom.intervozes.org.br\/index.php?rest_route=%2Fwp%2Fv2%2Fmedia&parent=26910"}],"wp:term":[{"taxonomy":"category","embeddable":true,"href":"https:\/\/obscom.intervozes.org.br\/index.php?rest_route=%2Fwp%2Fv2%2Fcategories&post=26910"},{"taxonomy":"post_tag","embeddable":true,"href":"https:\/\/obscom.intervozes.org.br\/index.php?rest_route=%2Fwp%2Fv2%2Ftags&post=26910"}],"curies":[{"name":"wp","href":"https:\/\/api.w.org\/{rel}","templated":true}]}}