{"id":26901,"date":"2012-05-24T19:08:51","date_gmt":"2012-05-24T19:08:51","guid":{"rendered":"https:\/\/obscom.intervozes.org.br\/wordpress\/?p=26901"},"modified":"2012-05-24T19:08:51","modified_gmt":"2012-05-24T19:08:51","slug":"proteste-pede-na-justica-que-anatel-explique-como-impedira-venda-de-bens-reversiveis","status":"publish","type":"post","link":"https:\/\/obscom.intervozes.org.br\/?p=26901","title":{"rendered":"ProTeste pede na Justi\u00e7a que Anatel explique como impedir\u00e1 venda de bens revers\u00edveis"},"content":{"rendered":"<p><span class=\"padrao\">Peti&ccedil;&atilde;o da ProTeste junto &agrave; 15o Vara Federal da 1o Regi&atilde;o, protocolada nesta quinta, 24, reivindica que a Justi&ccedil;a cobre da Anatel explica&ccedil;&otilde;es sobre as provid&ecirc;ncias que ser&atilde;o adotadas para impedir a aliena&ccedil;&atilde;o dos bens revers&iacute;veis. A peti&ccedil;&atilde;o, que integra a&ccedil;&atilde;o civil p&uacute;blica que a associa&ccedil;&atilde;o move contra a ag&ecirc;ncia e a Uni&atilde;o, foi motivada por not&iacute;cia publicada na coluna da jornalista Mariana Mazza, na Band.com, informando que a Oi estava colocando &agrave; venda 89 im&oacute;veis cujos pre&ccedil;os m&iacute;nimos somados atingiam R$ 58 milh&otilde;es. Entre esses im&oacute;veis estava um antigo centro de treinamento da Telebr&aacute;s localizado em Pernambuco.<\/p>\n<p>A advogada da associa&ccedil;&atilde;o, Fl&aacute;via Lef&egrave;vre, argumenta na peti&ccedil;&atilde;o que &quot;caso n&atilde;o se adotem medidas para garantir o acervo de bens vinculados &agrave; concess&atilde;o, viabilizando-se por omiss&atilde;o a perda vultosa de bens p&uacute;blicos sem qualquer controle (como ocorreria no caso do leil&atilde;o ora noticiado) estar-se-&aacute; comprometendo a garantia do equil&iacute;brio econ&ocirc;mico financeiro em favor dos consumidores e, consequentemente, a modicidade tarif&aacute;ria&quot;. Diante da repercuss&atilde;o que o assunto teve na imprensa, a Oi desistiu do leil&atilde;o p&uacute;blico. A ProTeste, contudo, afirma que &eacute; grande a possibilidade de outros bens estarem sendo alienados sem o devido controle da ag&ecirc;ncia.<\/p>\n<p>Consta tamb&eacute;m da peti&ccedil;&atilde;o reportagem publicada por Teletime News com o t&iacute;tulo &quot;Oi suspende leil&atilde;o dos im&oacute;veis e a Anatel desiste de cautelar&quot;, em que fontes da Oi alegaram que o im&oacute;vel n&atilde;o consta da rela&ccedil;&atilde;o de bens revers&iacute;veis e, por isso, poderiam ser alienados sem o aval da Anatel.&nbsp; Para Fl&aacute;via Lefr&egrave;ve, o entendimento da Oi corrobora o pedido da a&ccedil;&atilde;o civil p&uacute;blica para que a Anatel e a Uni&atilde;o exijam das concession&aacute;rias uma rela&ccedil;&atilde;o detalhada dos bens revers&iacute;veis e as fa&ccedil;am incluir como aditivos dos contratos de concess&atilde;o. A lista de bens revers&iacute;veis que existe hoje &eacute; uma lista gen&eacute;rica que traz apenas os tipos de equipamentos considerados revers&iacute;veis e n&atilde;o a identifica&ccedil;&atilde;o individual deles, como quer a ProTeste.<br \/><\/span><\/p>\n","protected":false},"excerpt":{"rendered":"<p>Peti&ccedil;&atilde;o da ProTeste junto &agrave; 15o Vara Federal da 1o Regi&atilde;o, protocolada nesta quinta, 24, reivindica que a Justi&ccedil;a cobre da Anatel explica&ccedil;&otilde;es sobre as provid&ecirc;ncias que ser&atilde;o adotadas para impedir a aliena&ccedil;&atilde;o dos bens revers&iacute;veis. A peti&ccedil;&atilde;o, que integra a&ccedil;&atilde;o civil p&uacute;blica que a associa&ccedil;&atilde;o move contra a ag&ecirc;ncia e a Uni&atilde;o, foi motivada &hellip; <a href=\"https:\/\/obscom.intervozes.org.br\/?p=26901\" class=\"more-link\">Continue lendo <span class=\"screen-reader-text\">ProTeste pede na Justi\u00e7a que Anatel explique como impedir\u00e1 venda de bens revers\u00edveis<\/span> <span class=\"meta-nav\">&rarr;<\/span><\/a><\/p>\n","protected":false},"author":1,"featured_media":0,"comment_status":"open","ping_status":"open","sticky":false,"template":"","format":"standard","meta":{"footnotes":""},"categories":[40],"tags":[81],"_links":{"self":[{"href":"https:\/\/obscom.intervozes.org.br\/index.php?rest_route=\/wp\/v2\/posts\/26901"}],"collection":[{"href":"https:\/\/obscom.intervozes.org.br\/index.php?rest_route=\/wp\/v2\/posts"}],"about":[{"href":"https:\/\/obscom.intervozes.org.br\/index.php?rest_route=\/wp\/v2\/types\/post"}],"author":[{"embeddable":true,"href":"https:\/\/obscom.intervozes.org.br\/index.php?rest_route=\/wp\/v2\/users\/1"}],"replies":[{"embeddable":true,"href":"https:\/\/obscom.intervozes.org.br\/index.php?rest_route=%2Fwp%2Fv2%2Fcomments&post=26901"}],"version-history":[{"count":0,"href":"https:\/\/obscom.intervozes.org.br\/index.php?rest_route=\/wp\/v2\/posts\/26901\/revisions"}],"wp:attachment":[{"href":"https:\/\/obscom.intervozes.org.br\/index.php?rest_route=%2Fwp%2Fv2%2Fmedia&parent=26901"}],"wp:term":[{"taxonomy":"category","embeddable":true,"href":"https:\/\/obscom.intervozes.org.br\/index.php?rest_route=%2Fwp%2Fv2%2Fcategories&post=26901"},{"taxonomy":"post_tag","embeddable":true,"href":"https:\/\/obscom.intervozes.org.br\/index.php?rest_route=%2Fwp%2Fv2%2Ftags&post=26901"}],"curies":[{"name":"wp","href":"https:\/\/api.w.org\/{rel}","templated":true}]}}