{"id":26895,"date":"2012-05-22T14:29:46","date_gmt":"2012-05-22T14:29:46","guid":{"rendered":"https:\/\/obscom.intervozes.org.br\/wordpress\/?p=26895"},"modified":"2012-05-22T14:29:46","modified_gmt":"2012-05-22T14:29:46","slug":"quando-a-violencia-na-midia-vira-problema-da-justica","status":"publish","type":"post","link":"https:\/\/obscom.intervozes.org.br\/?p=26895","title":{"rendered":"Quando a viol\u00eancia na m\u00eddia vira problema da Justi\u00e7a"},"content":{"rendered":"<p><span class=\"padrao\">Dia ap&oacute;s dia ganha for&ccedil;a as cr&iacute;ticas a um v&iacute;deo estarrecedor do programa policialesco Brasil Urgente, edi&ccedil;&atilde;o da Band Bahia. Na mat&eacute;ria uma rep&oacute;rter, loira, faz chacota com um suspeito, negro, dentro de uma delegacia. Cenas como essa s&atilde;o recorrentes no conte&uacute;do emitido por emissoras de tv aberta no Pa&iacute;s, especialmente na Bahia.<\/p>\n<p>&Eacute; natural que se procure pesar a responsabilidade aos concession&aacute;rios, ou mesmo uma a&ccedil;&atilde;o em defesa dos princ&iacute;pios &eacute;ticos do jornalismo. Um Decreto ( n&ordm; 52.795) presidencial de 1963 institui no no Art 28 (inclu&iacute;do em outro decreto de 1983) que as concession&aacute;rias na programa&ccedil;&atilde;o ficam sob a responsabilidade de: &ldquo;n&atilde;o transmitir programas que atentem contra o sentimento p&uacute;blico, expondo pessoas a situa&ccedil;&otilde;es que, de alguma forma, redundem em constrangimento, ainda que seu objetivo seja jornal&iacute;stico&rdquo;.<\/p>\n<p>Por&eacute;m travar esse embate no campo da regula&ccedil;&atilde;o de conte&uacute;do propriamente &eacute; um h&aacute;bito pouco afeito &agrave; sociedade brasileira. Ca&iacute;mos, infelizmente, no senso comum de que o &uacute;nico controle sob o conte&uacute;do &eacute; o contole remoto, e o contr&aacute;rio &eacute; tentativa de esquerda retr&oacute;gada de censurar a imprensa.<\/p>\n<p>Ainda assim, as possibilidade de barrar essas aberra&ccedil;&otilde;es n&atilde;o se esgostam. Resta outro caminho na Justi&ccedil;a que pode ser mais at&eacute; mais frut&iacute;fero do que imaginamos. Isso mesmo, Justi&ccedil;a, est&aacute; a&iacute; a chave do problema. Imagens como esta t&ecirc;m fatia grande de responsabilidade das institui&ccedil;&otilde;es policiais do estado da Bahia, ou mais precisamente, a Secretaria de Seguran&ccedil;a P&uacute;blica. Sim, o cidad&atilde;o est&aacute; sob tutela do Estado, e n&atilde;o precisa ser advogado para se resignar com o fato de estar algemado, dentro de uma delegacia, e ser acusado sumariamente, sem direito a julgamento.<\/p>\n<p>H&aacute; mais de dois anos situa&ccedil;&otilde;es como essas t&ecirc;m sido acompanhadas por uma equipe do Centro de Comunica&ccedil;&atilde;o, Democracia e Cidadania da Facom\/UFBA, com apoio do Intervozes e Cip&oacute; Comunica&ccedil;&atilde;o. Pesquisadores, coordenados pelo diretor da faculdade, Giovandro Ferreira, t&ecirc;m sistematizado os elementos discursivos e &eacute;ticos que comp&otilde;e esses programas. J&aacute; as entidades t&ecirc;m buscado via Minist&eacute;rio P&uacute;blico, Defensoria, Conselhos de Direitos e sob parceria de outras organiza&ccedil;&otilde;es sociais desatar o n&oacute; para impedir a continuidade.<\/p>\n<p>J&aacute; se passaram audi&ecirc;ncias, reuni&otilde;es, semin&aacute;rios, den&uacute;ncias, Termo de Ajustamento de Conduta (TAC) para adequar quest&otilde;es da inf&acirc;ncia e adolesc&ecirc;ncia&hellip; H&aacute; anos o delegado chefe da Pol&iacute;cia Civil na Bahia j&aacute; determinou que n&atilde;o se permitisse filmagens internas em delegacia. Mais uma &ldquo;letra morta&rdquo;.<\/p>\n<p>Durante um semin&aacute;rio no audit&oacute;ria da Facom UFBA, em setembro de 2010, a ent&atilde;o promotora da 1&ordf; Vara C&iacute;vel do Juri, Isabel Adelaide, citou algo ainda mais assustador: a maioria dos casos que se transformam em mat&eacute;rias dos programas n&atilde;o s&atilde;o coletadas provas suficientes para condena&ccedil;&atilde;o dos acusados, tornando os casos como infundados e falaciosos. Isabel Adela&iacute;de tamb&eacute;m confessou na ocasi&atilde;o que a ficha do corrida dos policiais-fontes &eacute; mais extensa do que se possa imaginar.<\/p>\n<p>Mas os policiais e comunicadores que d&atilde;o prosseguimento &agrave; esses atos continuam impunes. N&atilde;o falta poder pol&iacute;tico, econ&ocirc;mico ou mesmo religioso para barrar as investidas. Na arena do governo do estado, basta ligar a r&aacute;dio ou tv e ouvir quantas vezes secret&aacute;rios de estado s&atilde;o citados como &ldquo;amigos&rdquo; por apresentadores &iacute;cones desses programas, fora os investimentos publicit&aacute;rios. Na Assembl&eacute;ia Legislativa o delegado-deputado Deraldo Damasceno (PSL) integra a extensa da base do governo, e era grande fonte de reportagens quando comandava a 5&ordm; Delegacia de Periperi.<\/p>\n<p>Durante a greve dos policiais em fevereiro de 2012 o governo parece ter experimentado do veneno da alian&ccedil;a entre policiais e programas de tv para promover o p&acirc;nico. Mas parece que o executivo estado n&atilde;o aprendeu, e assina seu pr&oacute;prio atestado de incompet&ecirc;ncia no Pacto pela Vida, no quesito relacionamento com a sociedade.<\/p>\n<p>A partir de janeiro de 2012, as entidades e universidade t&ecirc;m no Conselho de Comunica&ccedil;&atilde;o da Bahia um espa&ccedil;o institucional para dar prosseguimento &agrave; indigna&ccedil;&atilde;o. O papel do Conselho &eacute; encaminhar as den&uacute;ncias de viola&ccedil;&otilde;es aos &oacute;rg&atilde;os competentes. N&atilde;o pode punir, por n&atilde;o ser um &oacute;rg&atilde;o regulador federal, nem aparato da Justi&ccedil;a.Contudo,&nbsp; a Secretaria de Justi&ccedil;a e Direitos Humanos est&aacute; presente no &oacute;rg&atilde;o de car&aacute;ter deliberativo e consultivo, e o titular da pasta, Almiro Sena, &eacute; um promotor licenciado, conhecido por ter enfrentado esses programas na sua casa origin&aacute;ria e envolvimento t&ecirc;nue com o debate racial.<\/p>\n<p>O Conselho pode virar mais uma tentativa em v&atilde;o. Utilizar apenas o car&aacute;ter consultivo para n&atilde;o resolver nada. H&aacute; muitos que acreditam nisso. Poucos botam f&eacute; no contr&aacute;rio. Eis o meu caso. N&atilde;o, apenas, por ser membro do Conselho. Mas por compreender que determinados contextos hist&oacute;ricos est&atilde;o chegando na Bahia&hellip;<br \/><\/span><span class=\"padrao\"><br \/>Ah, tem um livro sobre um assunto, no qual sou um dos autores: A constru&ccedil;&atilde;o da viol&ecirc;ncia na televis&atilde;o da Bahia: um estudo dos programas Se Liga Boc&atilde;o e Na Mira, Ed. Edufba, 2011.<\/p>\n<p><em>Pedro Carib&eacute; &eacute; jornalistas e integrante do Intervozes. Em 2011 foi eleito como um dos representantes da sociedade civil no Conselho Estadual de Comunica&ccedil;&atilde;o da Bahia. &Eacute; autor do blog Vozes Baianas: www.vozesbaianas.wordpress.com&nbsp; <\/em><\/span><\/p>\n","protected":false},"excerpt":{"rendered":"<p><span class=\"padrao\">Ca&iacute;mos, infelizmente, no senso comum de que o &uacute;nico  controle sob o conte&uacute;do &eacute; o controle remoto, e o contr&aacute;rio &eacute; tentativa  de esquerda retr&oacute;gada de censurar a imprensa.<\/span><\/p>\n","protected":false},"author":1,"featured_media":0,"comment_status":"open","ping_status":"open","sticky":false,"template":"","format":"standard","meta":{"footnotes":""},"categories":[42],"tags":[1692],"_links":{"self":[{"href":"https:\/\/obscom.intervozes.org.br\/index.php?rest_route=\/wp\/v2\/posts\/26895"}],"collection":[{"href":"https:\/\/obscom.intervozes.org.br\/index.php?rest_route=\/wp\/v2\/posts"}],"about":[{"href":"https:\/\/obscom.intervozes.org.br\/index.php?rest_route=\/wp\/v2\/types\/post"}],"author":[{"embeddable":true,"href":"https:\/\/obscom.intervozes.org.br\/index.php?rest_route=\/wp\/v2\/users\/1"}],"replies":[{"embeddable":true,"href":"https:\/\/obscom.intervozes.org.br\/index.php?rest_route=%2Fwp%2Fv2%2Fcomments&post=26895"}],"version-history":[{"count":0,"href":"https:\/\/obscom.intervozes.org.br\/index.php?rest_route=\/wp\/v2\/posts\/26895\/revisions"}],"wp:attachment":[{"href":"https:\/\/obscom.intervozes.org.br\/index.php?rest_route=%2Fwp%2Fv2%2Fmedia&parent=26895"}],"wp:term":[{"taxonomy":"category","embeddable":true,"href":"https:\/\/obscom.intervozes.org.br\/index.php?rest_route=%2Fwp%2Fv2%2Fcategories&post=26895"},{"taxonomy":"post_tag","embeddable":true,"href":"https:\/\/obscom.intervozes.org.br\/index.php?rest_route=%2Fwp%2Fv2%2Ftags&post=26895"}],"curies":[{"name":"wp","href":"https:\/\/api.w.org\/{rel}","templated":true}]}}