{"id":26894,"date":"2012-05-22T14:17:21","date_gmt":"2012-05-22T14:17:21","guid":{"rendered":"https:\/\/obscom.intervozes.org.br\/wordpress\/?p=26894"},"modified":"2012-05-22T14:17:21","modified_gmt":"2012-05-22T14:17:21","slug":"comissao-aprova-capitulo-sobre-crime-cibernetico-no-codigo-penal","status":"publish","type":"post","link":"https:\/\/obscom.intervozes.org.br\/?p=26894","title":{"rendered":"Comiss\u00e3o aprova cap\u00edtulo sobre crime cibern\u00e9tico no C\u00f3digo Penal"},"content":{"rendered":"<p><span class=\"padrao\">A comiss&atilde;o de juristas que discute a reforma do C&oacute;digo Penal no Senado aprovou ontem a cria&ccedil;&atilde;o de um cap&iacute;tulo sobre crimes cibern&eacute;ticos. A proposta final de atualiza&ccedil;&atilde;o ser&aacute; entregue no fim de junho para discuss&atilde;o no Senado.<\/p>\n<p>A comiss&atilde;o prop&otilde;e a cria&ccedil;&atilde;o do crime de &quot;intrus&atilde;o inform&aacute;tica&quot;: quem invadir um site, por exemplo, mesmo que n&atilde;o divulgue os dados ali presentes, seria condenado a uma pena de pris&atilde;o de seis meses a um ano ou multa.<\/p>\n<p>O risco de divulga&ccedil;&atilde;o ou utiliza&ccedil;&atilde;o indevida seria suficiente para a condena&ccedil;&atilde;o.<\/p>\n<p>Se o invasor obtiver conte&uacute;do de comunica&ccedil;&otilde;es privadas, segredos comerciais e informa&ccedil;&otilde;es sigilosas, a pena sobe para um a dois anos.<\/p>\n<p>Outro crime criado pela comiss&atilde;o &eacute; o de &quot;sabotagem inform&aacute;tica&quot;, definido como a a&ccedil;&atilde;o de interferir, sem autoriza&ccedil;&atilde;o, no funcionamento de um sistema de inform&aacute;tica.<\/p>\n<p>A pena &eacute; de pris&atilde;o de um a dois anos ou multa. Caso o crime seja cometido contra a administra&ccedil;&atilde;o p&uacute;blica, a pena sobe para dois a quatro anos.<\/p>\n<p>Atualmente, n&atilde;o h&aacute; previs&atilde;o espec&iacute;fica de crimes cibern&eacute;ticos e a Justi&ccedil;a acaba aplicando as defini&ccedil;&otilde;es dos crimes &quot;comuns&quot;.<\/p>\n<p>A comiss&atilde;o sugere ainda que algumas condutas como a viola&ccedil;&atilde;o de correspond&ecirc;ncia eletr&ocirc;nica aumente a pena de crimes previstos na lei.<\/p>\n<p>Em caso de furto de documentos eletr&ocirc;nicos e do sinal de televis&atilde;o a cabo ou de internet, o criminoso estaria sujeito &agrave;s mesmas penas de um furto comum: tr&ecirc;s a seis anos de pris&atilde;o.<\/p>\n<p>O assunto foi muito debatido pelos juristas, especialmente por causa da aprova&ccedil;&atilde;o pela C&acirc;mara, na semana passada, de projeto de lei que tamb&eacute;m cria crimes cibern&eacute;ticos.<\/p>\n<p>&quot;O projeto nos serviu de guia, mas fizemos um texto mais amplo&quot;, afirmou o procurador Luiz Carlos Gon&ccedil;alves, relator da comiss&atilde;o.<\/p>\n<p><\/span><\/p>\n","protected":false},"excerpt":{"rendered":"<p>A comiss&atilde;o de juristas que discute a reforma do C&oacute;digo Penal no Senado aprovou ontem a cria&ccedil;&atilde;o de um cap&iacute;tulo sobre crimes cibern&eacute;ticos. A proposta final de atualiza&ccedil;&atilde;o ser&aacute; entregue no fim de junho para discuss&atilde;o no Senado. A comiss&atilde;o prop&otilde;e a cria&ccedil;&atilde;o do crime de &quot;intrus&atilde;o inform&aacute;tica&quot;: quem invadir um site, por exemplo, mesmo &hellip; <a href=\"https:\/\/obscom.intervozes.org.br\/?p=26894\" class=\"more-link\">Continue lendo <span class=\"screen-reader-text\">Comiss\u00e3o aprova cap\u00edtulo sobre crime cibern\u00e9tico no C\u00f3digo Penal<\/span> <span class=\"meta-nav\">&rarr;<\/span><\/a><\/p>\n","protected":false},"author":1,"featured_media":0,"comment_status":"open","ping_status":"open","sticky":false,"template":"","format":"standard","meta":{"footnotes":""},"categories":[40],"tags":[268],"_links":{"self":[{"href":"https:\/\/obscom.intervozes.org.br\/index.php?rest_route=\/wp\/v2\/posts\/26894"}],"collection":[{"href":"https:\/\/obscom.intervozes.org.br\/index.php?rest_route=\/wp\/v2\/posts"}],"about":[{"href":"https:\/\/obscom.intervozes.org.br\/index.php?rest_route=\/wp\/v2\/types\/post"}],"author":[{"embeddable":true,"href":"https:\/\/obscom.intervozes.org.br\/index.php?rest_route=\/wp\/v2\/users\/1"}],"replies":[{"embeddable":true,"href":"https:\/\/obscom.intervozes.org.br\/index.php?rest_route=%2Fwp%2Fv2%2Fcomments&post=26894"}],"version-history":[{"count":0,"href":"https:\/\/obscom.intervozes.org.br\/index.php?rest_route=\/wp\/v2\/posts\/26894\/revisions"}],"wp:attachment":[{"href":"https:\/\/obscom.intervozes.org.br\/index.php?rest_route=%2Fwp%2Fv2%2Fmedia&parent=26894"}],"wp:term":[{"taxonomy":"category","embeddable":true,"href":"https:\/\/obscom.intervozes.org.br\/index.php?rest_route=%2Fwp%2Fv2%2Fcategories&post=26894"},{"taxonomy":"post_tag","embeddable":true,"href":"https:\/\/obscom.intervozes.org.br\/index.php?rest_route=%2Fwp%2Fv2%2Ftags&post=26894"}],"curies":[{"name":"wp","href":"https:\/\/api.w.org\/{rel}","templated":true}]}}