{"id":26890,"date":"2012-05-18T18:23:26","date_gmt":"2012-05-18T18:23:26","guid":{"rendered":"https:\/\/obscom.intervozes.org.br\/wordpress\/?p=26890"},"modified":"2012-05-18T18:23:26","modified_gmt":"2012-05-18T18:23:26","slug":"regulamentacao-da-lei-de-acesso-mostra-contradicoes-entre-poderes","status":"publish","type":"post","link":"https:\/\/obscom.intervozes.org.br\/?p=26890","title":{"rendered":"Regulamenta\u00e7\u00e3o da Lei de Acesso mostra contradi\u00e7\u00f5es entre poderes"},"content":{"rendered":"<p><span class=\"padrao\">Foi publicado no &quot;Di&aacute;rio Oficial da Uni&atilde;o&quot; desta quinta-feira (17) o Decreto 7.724, que regulamenta a nova Lei de Acesso &agrave; Informa&ccedil;&atilde;o, em vigor desde ontem. O decreto vale para o Poder Executivo na esfera federal. Os demais poderes, nas demais esferas (municipal, estadual), v&atilde;o fazer sua pr&oacute;pria regulamenta&ccedil;&atilde;o. Em alguns casos &#8212; como no estado de Goi&aacute;s &#8212; essa regulamenta&ccedil;&atilde;o ser&aacute; feita por meio de Projeto de Lei.<br \/>&nbsp;<br \/>J&aacute; h&aacute; regulamenta&ccedil;&otilde;es conflitantes: enquanto o decreto publicado hoje, em seu artigo 7o., determina que seja publicada a &quot;remunera&ccedil;&atilde;o e subs&iacute;dio recebidos por ocupante de cargo, posto, gradua&ccedil;&atilde;o, fun&ccedil;&atilde;o e emprego p&uacute;blico, incluindo aux&iacute;lios, ajudas de custo, jetons e quaisquer outras vantagens pecuni&aacute;rias, bem como proventos de aposentadoria e pens&otilde;es daqueles que estiverem na ativa, de maneira individualizada, conforme ato do Minist&eacute;rio do Planejamento, Or&ccedil;amento e Gest&atilde;o;&quot;, o Senado decidiu que n&atilde;o vai divulgar os sal&aacute;rios de seus funcion&aacute;rios.<br \/>&nbsp;<br \/>O texto do decreto do Poder Executivo estabelece que &quot;os &oacute;rg&atilde;os e as entidades do Poder Executivo federal assegurar&atilde;o, &agrave;s pessoas naturais e jur&iacute;dicas, o direito de acesso &agrave; informa&ccedil;&atilde;o, que ser&aacute; proporcionado mediante procedimentos objetivos e &aacute;geis, de forma transparente, clara e em linguagem de f&aacute;cil compreens&atilde;o, observados os princ&iacute;pios da administra&ccedil;&atilde;o p&uacute;blica e as diretrizes previstas na Lei no 12.527, de 2011&quot;.<br \/>&nbsp;<br \/>Os &oacute;rg&atilde;os e entidades &quot;dever&atilde;o implementar em seus s&iacute;tios na internet se&ccedil;&atilde;o espec&iacute;fica para a divulga&ccedil;&atilde;o das informa&ccedil;&otilde;es&quot;, como banners. &quot;Qualquer pessoa, natural ou jur&iacute;dica, poder&aacute; formular pedido de acesso &agrave; informa&ccedil;&atilde;o. O pedido ser&aacute; apresentado em formul&aacute;rio padr&atilde;o, disponibilizado em meio eletr&ocirc;nico e f&iacute;sico, no s&iacute;tio na Internet e no Servi&ccedil;o de Informa&ccedil;&otilde;es ao Cidad&atilde;o dos &oacute;rg&atilde;os e entidades.&quot; Para apresentar seu pedido, no entanto, o cidad&atilde;o ter&aacute; que se identificar, com RG &#8212; algo que n&atilde;o estava previsto na lei.<\/p>\n<p><strong>SICs<br \/><\/strong><br \/>As determina&ccedil;&otilde;es do decreto concentram nos Servi&ccedil;os de Informa&ccedil;&otilde;es ao Cidad&atilde;o (SIC), criados em todos os &oacute;rg&atilde;os p&uacute;blicos federais, a responsabilidade de receber, tramitar e responder aos pedidos. Para Pedro Abramovay, ex-secret&aacute;rio Nacional de Justi&ccedil;a, isso faz sentido, do ponto de vista da efetividade da lei.<br \/>&nbsp;<br \/>&quot;H&aacute; um grande trabalho, a partir de agora, para essa lei &#39;pegar&#39;&quot;, diz ele. &quot;Se os pedidos forem feitos indiscriminadamente para qualquer funcion&aacute;rio, a chance de haver uma pane organizacional nessas respostas &eacute; alta e o monitoramento, imposs&iacute;vel.<br \/>&nbsp;<br \/>Para Abramovay, o fortalecimento do SICs facilita o controle social sobre o processo de divulga&ccedil;&atilde;o de informa&ccedil;&atilde;o. E isso &eacute; fundamental para que a&nbsp; sociedade consiga obter dados e possa acompanhar o processo de abertura desses dados.<\/span><\/p>\n","protected":false},"excerpt":{"rendered":"<p>Foi publicado no &quot;Di&aacute;rio Oficial da Uni&atilde;o&quot; desta quinta-feira (17) o Decreto 7.724, que regulamenta a nova Lei de Acesso &agrave; Informa&ccedil;&atilde;o, em vigor desde ontem. O decreto vale para o Poder Executivo na esfera federal. Os demais poderes, nas demais esferas (municipal, estadual), v&atilde;o fazer sua pr&oacute;pria regulamenta&ccedil;&atilde;o. Em alguns casos &#8212; como no &hellip; <a href=\"https:\/\/obscom.intervozes.org.br\/?p=26890\" class=\"more-link\">Continue lendo <span class=\"screen-reader-text\">Regulamenta\u00e7\u00e3o da Lei de Acesso mostra contradi\u00e7\u00f5es entre poderes<\/span> <span class=\"meta-nav\">&rarr;<\/span><\/a><\/p>\n","protected":false},"author":1,"featured_media":0,"comment_status":"open","ping_status":"open","sticky":false,"template":"","format":"standard","meta":{"footnotes":""},"categories":[40],"tags":[924],"_links":{"self":[{"href":"https:\/\/obscom.intervozes.org.br\/index.php?rest_route=\/wp\/v2\/posts\/26890"}],"collection":[{"href":"https:\/\/obscom.intervozes.org.br\/index.php?rest_route=\/wp\/v2\/posts"}],"about":[{"href":"https:\/\/obscom.intervozes.org.br\/index.php?rest_route=\/wp\/v2\/types\/post"}],"author":[{"embeddable":true,"href":"https:\/\/obscom.intervozes.org.br\/index.php?rest_route=\/wp\/v2\/users\/1"}],"replies":[{"embeddable":true,"href":"https:\/\/obscom.intervozes.org.br\/index.php?rest_route=%2Fwp%2Fv2%2Fcomments&post=26890"}],"version-history":[{"count":0,"href":"https:\/\/obscom.intervozes.org.br\/index.php?rest_route=\/wp\/v2\/posts\/26890\/revisions"}],"wp:attachment":[{"href":"https:\/\/obscom.intervozes.org.br\/index.php?rest_route=%2Fwp%2Fv2%2Fmedia&parent=26890"}],"wp:term":[{"taxonomy":"category","embeddable":true,"href":"https:\/\/obscom.intervozes.org.br\/index.php?rest_route=%2Fwp%2Fv2%2Fcategories&post=26890"},{"taxonomy":"post_tag","embeddable":true,"href":"https:\/\/obscom.intervozes.org.br\/index.php?rest_route=%2Fwp%2Fv2%2Ftags&post=26890"}],"curies":[{"name":"wp","href":"https:\/\/api.w.org\/{rel}","templated":true}]}}