{"id":26886,"date":"2012-05-18T16:28:09","date_gmt":"2012-05-18T16:28:09","guid":{"rendered":"https:\/\/obscom.intervozes.org.br\/wordpress\/?p=26886"},"modified":"2012-05-18T16:28:09","modified_gmt":"2012-05-18T16:28:09","slug":"organizacoes-pedem-implantacao-da-empresa-pernambuco-de-comunicacao","status":"publish","type":"post","link":"https:\/\/obscom.intervozes.org.br\/?p=26886","title":{"rendered":"Organiza\u00e7\u00f5es pedem implanta\u00e7\u00e3o da Empresa Pernambuco de Comunica\u00e7\u00e3o"},"content":{"rendered":"<p><span class=\"padrao\">O F&oacute;rum Pernambucano de Comunica&ccedil;&atilde;o (Fopecom) e outras entidades regionais e nacionais realizaram na &uacute;ltima quarta (17) uma mobiliza&ccedil;&atilde;o na rede social Twitter pela implementa&ccedil;&atilde;o da Lei estadual 14.404\/11, que cria a Empresa Pernambuco de Comunica&ccedil;&atilde;o (EPC) como gestora da comunica&ccedil;&atilde;o p&uacute;blica no estado.<\/p>\n<p>A EPC ir&aacute; administrar a TV Pernambuco (TVPE) e ser&aacute; respons&aacute;vel pela reformula&ccedil;&atilde;o da emissora. A expectativa &eacute; que com a cria&ccedil;&atilde;o da empresa, a TVPE tenha mais autonomia pol&iacute;tica e financeira para promover uma produ&ccedil;&atilde;o independente, popular e comunit&aacute;ria. A emissora tamb&eacute;m ter&aacute; a participa&ccedil;&atilde;o da sociedade civil em sua gest&atilde;o, com a participa&ccedil;&atilde;o de seis representantes no conselho de administra&ccedil;&atilde;o da estatal. <\/p>\n<p>Mas apesar de ter sido aprovada no ano passado, a lei ainda n&atilde;o foi colocada em pr&aacute;tica. As entidades questionam o governador Eduardo Campos no manifesto: &ldquo;J&aacute; existe estatuto. At&eacute; uma detalhada proposta de or&ccedil;amento para o primeiro ano de funcionamento j&aacute; foi devidamente encaminhada pela atual dire&ccedil;&atilde;o &agrave;s inst&acirc;ncias superiores do poder executivo estadual. Perguntamos: o que falta, governador? O que falta para que a nova empresa saia do papel?.&rdquo;<\/p>\n<p>Na &uacute;ltima quinta (18), em Recife, o Fopecom e outros representantes da sociedade civil entregaram o manifesto em favor da implementa&ccedil;&atilde;o imediata da EPC ao secret&aacute;rio estadual da Casa Civil, Tadeu Alencar, e tamb&eacute;m protocolaram o documento ao governador. <\/p>\n<p>Novas ades&otilde;es ao manifesto devem ser enviadas para os e-mails&nbsp; rlasalvia@cclf.org.br e ivan@cclf.org.br.<\/p>\n<p>Leia a &iacute;ntegra do manifesto:<\/p>\n<p><em><strong>Cria, Eduardo!<br \/>Manifesto pela implementa&ccedil;&atilde;o da Empresa Pernambuco de Comunica&ccedil;&atilde;o (EPC)<\/strong><\/p>\n<p>&ldquo;Em mar&ccedil;o de 2010, um Grupo de Trabalho (GT) composto por integrantes da sociedade civil pernambucana assumiu a tarefa de propor as bases para a reformula&ccedil;&atilde;o da TV Pernambuco, para que ela pudesse tornar-se uma emissora realmente p&uacute;blica, com recursos e com sustentabilidade pol&iacute;tica e econ&ocirc;mica. Num exemplo a ser seguido por emissoras p&uacute;blicas, v&aacute;rias delas vivendo momentos semelhantes de reflex&atilde;o e transforma&ccedil;&atilde;o.<\/p>\n<p>O F&oacute;rum Pernambucano de Comunica&ccedil;&atilde;o (Fopecom) participou de todo esse processo, juntamente com centenas de outras representa&ccedil;&otilde;es, individuais ou coletivas. Artistas, produtores independentes, estudantes, acad&ecirc;micos, cidad&atilde;os e cidad&atilde;s interessados em fazer valer seus direitos estiveram nessa caminhada. Participamos de semin&aacute;rios, contribu&iacute;mos com propostas que constam do documento final do GT. Uma constru&ccedil;&atilde;o coletiva que repercutiu inclusive em outros estados do Pa&iacute;s. Criou-se a expectativa da cria&ccedil;&atilde;o da primeira emissora estadual realmente p&uacute;blica do Brasil. Uma emissora com participa&ccedil;&atilde;o popular garantida em conselho, com autonomia pol&iacute;tica e sustentabilidade econ&ocirc;mica, com espa&ccedil;o para a produ&ccedil;&atilde;o independente, popular e comunit&aacute;ria.<\/p>\n<p>Acompanhamos o processo de proposi&ccedil;&atilde;o do Projeto de Lei que finalmente tornou-se a Lei n&ordm; 14.404, de 22 de setembro de 2011, que autoriza a cria&ccedil;&atilde;o da Empresa Pernambuco de Comunica&ccedil;&atilde;o. Uma inst&acirc;ncia que seria gerida com plena participa&ccedil;&atilde;o da sociedade civil, representada por seis integrantes de um conselho.<\/p>\n<p>Quase oito meses depois da aprova&ccedil;&atilde;o da lei, a EPC, infelizmente, ainda n&atilde;o saiu do papel. J&aacute; existe estatuto. At&eacute; uma detalhada proposta de or&ccedil;amento para o primeiro ano de funcionamento j&aacute; foi devidamente encaminhada pela atual dire&ccedil;&atilde;o &agrave;s inst&acirc;ncias superiores do poder executivo estadual.<\/p>\n<p>Perguntamos: o que falta, governador? O que falta para que a nova empresa saia do papel?<\/p>\n<p>Projeto n&atilde;o &eacute;. Ideias n&atilde;o s&atilde;o. Lei, estatuto, or&ccedil;amento, tamb&eacute;m n&atilde;o s&atilde;o. Falta de compromisso dos que hoje tocam o processo de transi&ccedil;&atilde;o certamente n&atilde;o &eacute;.<\/p>\n<p>Quem acompanha a gest&atilde;o da diretoria que assumiu o compromisso e o sacrif&iacute;cio de comandar o processo, pode ver o que est&aacute; acontecendo. A TVPE j&aacute; transmite novos programas, por exemplo, em parceria com produtores independentes que muitas vezes trabalham na base da &ldquo;guerrilha&rdquo;. Ainda sem autonomia financeira e com or&ccedil;amento bastante limitado, a emissora hoje sofre com a impossibilidade de realizar um planejamento adequado, abrindo espa&ccedil;os e fomentando a produ&ccedil;&atilde;o local, por exemplo.<\/p>\n<p>A transmiss&atilde;o, embora ainda fique devendo na Regi&atilde;o Metropolitana do Recife, melhorou no interior, especialmente em locais como Petrolina, Caruaru, Garanhuns e Fernando de Noronha. Mas ainda falta muito. Afinal de contas, n&atilde;o se faz televis&atilde;o sem os devidos recursos. &Eacute; preciso equipamentos, pessoal e material para produzir e transmitir com qualidade. A cria&ccedil;&atilde;o imediata da EPC, seguida de um fundamental aporte inicial, &eacute; o que se precisa para seguir com esta transforma&ccedil;&atilde;o.<\/p>\n<p>Tendo em vista a pujan&ccedil;a da economia local e o volume de gastos alocados em forma de compra de m&iacute;dia em empresas privadas, nos custa acreditar que o problema seja dinheiro. Em se observando a velocidade com que outros investimentos s&atilde;o feitos por este governo, tamb&eacute;m n&atilde;o pode ser aceita a hip&oacute;tese de problemas com a burocracia estatal, visto que este processo j&aacute; se arrasta por mais de dois anos.<\/p>\n<p>Mas ainda d&aacute; tempo, governador. Tornar a Empresa Pernambuco de Comunica&ccedil;&atilde;o uma realidade &eacute; compromisso antigo de sua gest&atilde;o. Convidada, a sociedade civil contribuiu e vem agora cobrar: Cria, Eduardo!&rdquo;<\/p>\n<p>Assinam este manifesto:<\/p>\n<p>F&oacute;rum Pernambucano de Comunica&ccedil;&atilde;o (Fopecom) <br \/>Centro de Cultura Luiz Freire (CCLF) <br \/>Centro Acad&ecirc;mico de Jornalismo da UFPE <br \/>Au&ccedil;uba &ndash; Comunica&ccedil;&atilde;o e Educa&ccedil;&atilde;o <br \/>Ong Alto Falante <br \/>Grupo Cactos <br \/>Intervozes &ndash; Coletivo Brasil de Comunica&ccedil;&atilde;o Social <br \/>Federa&ccedil;&atilde;o Pernambucana de Cineclubes (FEPEC) <br \/>F&oacute;rum Permanente da M&uacute;sica de Pernambuco <br \/>Parabelo Filmes <br \/>Coletivo Contravento <br \/>Coque Vive <br \/>Grupo Curumim <br \/>Sindicato Interestadual dos Trabalhadores na Ind&uacute;stria Cinematogr&aacute;fica e do Audiovisual (STIC\/PE) <br \/>Movimento Mudan&ccedil;a <br \/>N&uacute;cleo de Comunica&ccedil;&atilde;o Bombando Cidadania <br \/>Associa&ccedil;&atilde;o Brasileira de Documentaristas &ndash; sess&atilde;o Pernambuco \/ Associa&ccedil;&atilde;o Pernambucana de Cinestas ABD &ndash; PE \/ APECI <br \/>Encontro Livre &ndash; Disseminando Cultura e Conhecimento <br \/>Jeporu &ndash; Ag&ecirc;ncia Digital <br \/>IAP&Ocirc;I Cineclube <br \/>Terreiro Il&ecirc; As&eacute; Sango Ayr&aacute; Ibon&atilde; <br \/>Coletivo Muda Direito <br \/>Diret&oacute;rio Acad&ecirc;mico Fernando Santa Cruz de Direito da UNICAP <br \/>Cine + Alto do Moura &ndash; Caruaru \/ PE <br \/>Borba Neto Produ&ccedil;&otilde;es Art&iacute;sticas &ndash; ME <br \/>Grupo Jo&atilde;o Teimoso <br \/>Escola Sindical da CUT no Nordeste Marise Paiva de Morais <br \/>Cine Ex&iacute;lio <br \/>Instituto InterCidadania <br \/>Pont&atilde;o de Cultura iTeia <br \/>Produtora Colabor@tiva.PE <br \/>Cineclube Cidadania <br \/>Cinemangue <br \/>Centro das Mulheres do Cabo <br \/>Centro Escola Mangue de Bras&iacute;lia Teimosa <br \/>Cineclube da Laia &ndash; Camaragibe\/PE <br \/>Plataforma de Comunica&ccedil;&atilde;o Amaro Branco <br \/>Conselho Municipal de Pol&iacute;tica Cultural do Recife <br \/>Ecos Comunica&ccedil;&atilde;o <br \/>Giral &ndash; Grupo de Inform&aacute;tica, Comunica&ccedil;&atilde;o e A&ccedil;&atilde;o Local <br \/>N&uacute;cleo Comunica&ccedil;&atilde;o e Direitos Humanos\/UFPE <\/p>\n<p>Ticianne Maria Perdig&atilde;o Cabral <br \/>Karolina Calado <br \/>Georgia Alves <br \/>Joaquim Mac&ecirc;do Jr. <br \/>Daniela Sales de Carvalho Carmo <br \/>Ednize Oliveira <br \/>Andrea Trigueiro <br \/>Jo&atilde;o Paulo Seixas <br \/>Rafael Mazza <br \/>Ivanice Lima <br \/>Ana Veloso <br \/><\/em><br \/><\/span><\/p>\n","protected":false},"excerpt":{"rendered":"<p><span class=\"padrao\">F&oacute;rum Pernambucano de Comunica&ccedil;&atilde;o e outras entidades entregaram ao governo estadual manifesto cobrando a instala&ccedil;&atilde;o da Empresa Pernambuco de Comunica&ccedil;&atilde;o (EPC). Mobiliza&ccedil;&atilde;o na internet tamb&eacute;m divulgou o texto.<\/span><\/p>\n","protected":false},"author":1,"featured_media":0,"comment_status":"open","ping_status":"open","sticky":false,"template":"","format":"standard","meta":{"footnotes":""},"categories":[40],"tags":[703],"_links":{"self":[{"href":"https:\/\/obscom.intervozes.org.br\/index.php?rest_route=\/wp\/v2\/posts\/26886"}],"collection":[{"href":"https:\/\/obscom.intervozes.org.br\/index.php?rest_route=\/wp\/v2\/posts"}],"about":[{"href":"https:\/\/obscom.intervozes.org.br\/index.php?rest_route=\/wp\/v2\/types\/post"}],"author":[{"embeddable":true,"href":"https:\/\/obscom.intervozes.org.br\/index.php?rest_route=\/wp\/v2\/users\/1"}],"replies":[{"embeddable":true,"href":"https:\/\/obscom.intervozes.org.br\/index.php?rest_route=%2Fwp%2Fv2%2Fcomments&post=26886"}],"version-history":[{"count":0,"href":"https:\/\/obscom.intervozes.org.br\/index.php?rest_route=\/wp\/v2\/posts\/26886\/revisions"}],"wp:attachment":[{"href":"https:\/\/obscom.intervozes.org.br\/index.php?rest_route=%2Fwp%2Fv2%2Fmedia&parent=26886"}],"wp:term":[{"taxonomy":"category","embeddable":true,"href":"https:\/\/obscom.intervozes.org.br\/index.php?rest_route=%2Fwp%2Fv2%2Fcategories&post=26886"},{"taxonomy":"post_tag","embeddable":true,"href":"https:\/\/obscom.intervozes.org.br\/index.php?rest_route=%2Fwp%2Fv2%2Ftags&post=26886"}],"curies":[{"name":"wp","href":"https:\/\/api.w.org\/{rel}","templated":true}]}}