{"id":26872,"date":"2012-05-14T19:01:47","date_gmt":"2012-05-14T19:01:47","guid":{"rendered":"https:\/\/obscom.intervozes.org.br\/wordpress\/?p=26872"},"modified":"2012-05-14T19:01:47","modified_gmt":"2012-05-14T19:01:47","slug":"e-uma-responsabilidade-politica-de-todos-romper-com-o-cerco-midiatico","status":"publish","type":"post","link":"https:\/\/obscom.intervozes.org.br\/?p=26872","title":{"rendered":"&#8220;\u00c9 uma responsabilidade pol\u00edtica de todos romper com o cerco midi\u00e1tico&#8221;"},"content":{"rendered":"<p><em>(T&iacute;tulo original: C&uacute;pula dos Povos: A Comunica&ccedil;&atilde;o Compartilhada)<\/em><\/p>\n<p>Ocorreu na &uacute;ltima quinta-feira (10), no Rio de Janeiro, a reuni&atilde;o do grupo que est&aacute; organizando a comunica&ccedil;&atilde;o da C&uacute;pula dos Povos. Pablo Kunich, venezuelano da Articula&ccedil;&atilde;o de Movimentos Sociais hacia el ALBA e da Alba TV, e Rita Freire, articuladora da Ciranda e uma das organizadoras do F&oacute;rum Mundial de M&iacute;dia Livre, disseram que o principal papel da m&iacute;dia livre ser&aacute; expressar a voz popular durante o evento. Segundo eles, &eacute; uma responsabilidade pol&iacute;tica de todos romper com o cerco midi&aacute;tico. A afirma&ccedil;&atilde;o vem no mesmo dia (11) em que o jornal O Globo culpa os moradores de rua, que est&atilde;o em parques p&uacute;blicos cariocas, por deixar a cidade mais feia para a Rio+20.<\/p>\n<p><strong>O que &eacute; fundamental na comunica&ccedil;&atilde;o da C&uacute;pula dos Povos?<\/p>\n<p>Rita Freire (RF) &ndash; <\/strong>Est&aacute; muito claro que todo o processo de comunica&ccedil;&atilde;o da C&uacute;pula dos Povos est&aacute; orientado por um conceito constru&iacute;do pelo movimento ativista da comunica&ccedil;&atilde;o. N&atilde;o ser&aacute; uma comunica&ccedil;&atilde;o convencional, voltada para as grandes m&iacute;dias, esquece! Ser&aacute; uma comunica&ccedil;&atilde;o com uma alma tanto do movimento social quanto do pr&oacute;prio movimento da comunica&ccedil;&atilde;o. &Eacute; o conceito da comunica&ccedil;&atilde;o compartilhada, em que comunicadores e comunicadoras est&atilde;o atentos &agrave;s quest&otilde;es trazidas pela sociedade civil. Eles fazem sua produ&ccedil;&atilde;o, mas compartilham entre si para produzir conte&uacute;dos coletivos. Acho que a reuni&atilde;o avan&ccedil;ou na constru&ccedil;&atilde;o da TV C&uacute;pula, que se basear&aacute; nesse conceito e ter&aacute; produ&ccedil;&otilde;es pr&eacute;vias e muita produ&ccedil;&atilde;o viva nas pr&oacute;prias atividades. A r&aacute;dio C&uacute;pula tamb&eacute;m, e muita produ&ccedil;&atilde;o dos movimentos sociais, com conviv&ecirc;ncia na constru&ccedil;&atilde;o da cobertura durante o evento. O principal papel da m&iacute;dia livre vai ser o de expressar a voz popular, da sociedade que se mobiliza e n&atilde;o &eacute; a mesma em discuss&atilde;o na Rio+20. Nesta &eacute; o ponto de vista de governo e do poder econ&ocirc;mico, que est&atilde;o procurando ajuste para a grande crise.&nbsp; Mas as emerg&ecirc;ncias da sociedade n&atilde;o est&atilde;o sendo discutidas l&aacute;, muito menos os sonhos dos povos.<\/p>\n<p>O movimento de comunica&ccedil;&atilde;o vai para a C&uacute;pula n&atilde;o s&oacute; fazer cobertura, vai discutir a sua realidade, o que &eacute; a comunica&ccedil;&atilde;o no mundo e o que ela tem a ver com os bens comuns, mudan&ccedil;a de modelo, democratiza&ccedil;&atilde;o. Nos dias 16 e 17 haver&aacute; o debate do F&oacute;rum Mundial das M&iacute;dias Livres, que contribuir&aacute; na assembleia na discuss&atilde;o da mercantiliza&ccedil;&atilde;o da vida e bens comuns. Traremos o debate da comunica&ccedil;&atilde;o como um bem comum cultural da humanidade.<br \/><strong><br \/>Pablo Kunich (PK) &ndash;<\/strong> &Eacute; importante tamb&eacute;m entender que essa cobertura ser&aacute; realizada pelos meios alternativos, comunit&aacute;rios e populares, mas tamb&eacute;m que a comunica&ccedil;&atilde;o n&atilde;o &eacute; apenas um problema de jornalistas e comunicadores: &eacute; um problema pol&iacute;tico central para o movimento social. Na C&uacute;pula dos Povos vamos enfrentar o capitalismo em crise, mas que resiste a cair. E nessa resist&ecirc;ncia a comunica&ccedil;&atilde;o &eacute; fundamental na luta dos movimentos. N&atilde;o vai ser s&oacute; uma cobertura, e sim uma mobiliza&ccedil;&atilde;o, espa&ccedil;o de encontro, e com essa mesma metodologia entendemos a comunica&ccedil;&atilde;o: uma possibilidade de compartilhamento, de articular experi&ecirc;ncias brasileiras, da Am&eacute;rica Latina, Europa e &Aacute;frica. A C&uacute;pula pode ser uma experi&ecirc;ncia para avan&ccedil;ar nesse movimento de melhorias, porque tamb&eacute;m assumiu a responsabilidade que os movimentos t&ecirc;m em assumir sua pr&oacute;pria comunica&ccedil;&atilde;o como parte de da luta pol&iacute;tica. Fazemos comunica&ccedil;&atilde;o porque falta terra, direitos humanos de milh&otilde;es. Do ponto de vista estrat&eacute;gico, est&aacute; prevista uma transmiss&atilde;o por internet via site da C&uacute;pula, na r&aacute;dio, os meios livres tamb&eacute;m com seus pr&oacute;prios produtos, al&eacute;m das tradu&ccedil;&otilde;es.<\/p>\n<p><strong>Com ser&aacute; a estrutura de comunica&ccedil;&atilde;o?<\/strong><\/p>\n<p>RF &ndash; Teremos na C&uacute;pula alguns espa&ccedil;os para edi&ccedil;&atilde;o de conte&uacute;dos audiovisuais, onde as pessoas v&atilde;o poder contribuir com seus registros da C&uacute;pula. Serve de documento, o que estiver registrado e n&atilde;o entrar na TV C&uacute;pula faz parte de um acervo interessante. Todo o conte&uacute;do da Rede dos Povos (http:\/\/cupuladospovos.org.br\/2012\/05\/conheca-a-rede-dos-povos-a-plataforma-colaborativa-da-cupula\/), um laborat&oacute;rio com plataforma compartilhada, deve ser bem divulgado. Alguns programas sobre resist&ecirc;ncia j&aacute; est&atilde;o em processo: um do quilombo da Pedra do Sal, outro da ocupa&ccedil;&atilde;o ind&iacute;gena do Museu do &Iacute;ndio ao lado do Maracan&atilde; e a constru&ccedil;&atilde;o da sider&uacute;rgica TKCSA.&nbsp; Vai ter tamb&eacute;m a visita dos inu&iacute;tes, que quer dizer nosso povo, ao inv&eacute;s de esquim&oacute;s, que moram no Alaska, aos povos ind&iacute;genas. Vai ter um programa sobre eles.<\/p>\n<p>PK &ndash; Vai ter tamb&eacute;m uma cobertura especial sobre o acampamento da Via Campesina, porque &eacute; uma das articula&ccedil;&otilde;es mais importantes, dentro outras coberturas desse tipo de espa&ccedil;os, como a Marcha Mundial de Mulheres. &Eacute; importante dizer que o processo de comunica&ccedil;&atilde;o n&atilde;o vai come&ccedil;ar na C&uacute;pula, j&aacute; estamos trabalhando na cobertura, preparando os movimentos sociais, destacando quais s&atilde;o os posicionamentos, cr&iacute;ticas ao capitalismo e alternativas que estamos pleiteando. Isso &eacute; fundamental. E a responsabilidade pol&iacute;tica de todos os setores da comunica&ccedil;&atilde;o de posicionar as alternativas que temos ao capitalismo, ao inv&eacute;s de ficar s&oacute; criticando. Est&aacute; funcionando um boletim peri&oacute;dico da C&uacute;pula, e os setores de comunica&ccedil;&atilde;o dos movimentos sociais tamb&eacute;m est&atilde;o fazendo boletins pr&oacute;prios. Uma rede ampla que j&aacute; est&aacute; trabalhando. E vale destacar dois momentos importantes: dia 05 de junho, dia do meio ambiente, e 20 durante a C&uacute;pula, que ser&atilde;o dois momentos de mobiliza&ccedil;&atilde;o mundial que j&aacute; estamos promovendo.<\/p>\n<p><strong>A programa&ccedil;&atilde;o j&aacute; est&aacute; fechada?<\/strong><\/p>\n<p>RF &ndash; Todas as informa&ccedil;&otilde;es est&atilde;o no site (http:\/\/cupuladospovos.org.br\/). Nos dias 17 e 18 estaremos cobrindo as assembleias de converg&ecirc;ncias, que ser&atilde;o momentos de constru&ccedil;&atilde;o de toda essa leitura que a sociedade civil e os movimentos trazem para C&uacute;pula. Vamos sistematizar as propostas da sociedade, e depois isso tudo vai compor o documento da C&uacute;pula. Ent&atilde;o &eacute; um momento &iacute;mpar, porque voc&ecirc; vai ter 5 eixos: justi&ccedil;a social e ambiental e a luta por direitos; mercantiliza&ccedil;&atilde;o da vida em defesa pelos bens comuns; soberania alimentar; ind&uacute;stria extrativista e minera&ccedil;&atilde;o; trabalho com os paradigmas.<\/p>\n<p>PK &ndash; Estamos vendo a possibilidade de se transmitir a assembleia ao vivo, &eacute; uma forma de democratizar um pouco mais a participa&ccedil;&atilde;o e ampliar o debate. Tamb&eacute;m foi citada a transmiss&atilde;o como um mecanismo de defesa, por causa da militariza&ccedil;&atilde;o da cidade e a possibilidade de repress&atilde;o aos movimentos durante as mobiliza&ccedil;&otilde;es, como na Vila Aut&oacute;dromo, no in&iacute;cio da C&uacute;pula.<\/p>\n<p><strong>Tem mais alguma coisa a destacar na cobertura?<\/strong><\/p>\n<p>RF &ndash; Tamb&eacute;m deve ser coberta como a popula&ccedil;&atilde;o est&aacute; vendo a C&uacute;pula, de que forma a pr&oacute;pria confer&ecirc;ncia Rio+20, o primeiro dos grandes eventos que o Rio vai abrigar, est&aacute; impactando a cidade. Esses eventos est&atilde;o exigindo da cidade uma reorganiza&ccedil;&atilde;o, e como a popula&ccedil;&atilde;o mais indefesa frente o poder de eventos como esses foram afetadas. Acho que isso tem que aparecer tamb&eacute;m,&nbsp; porque &eacute; um encontro sobre meio ambiente e direitos das pessoas. Muitas not&iacute;cias mostram como as pessoas est&atilde;o sendo afetadas, expulsas, as pol&iacute;ticas de limpeza da cidade, que significa muitas vezes limpar a cidade da vida humana. Ent&atilde;o essa &eacute; outra orienta&ccedil;&atilde;o da cobertura.<\/p>\n<p>PK &ndash; A proposta &eacute; que todos tragam uma c&acirc;mera, gravador, twitter, para uma possibilidade pol&iacute;tica de romper a barreira midi&aacute;tica. &Eacute; uma responsabilidade pol&iacute;tica de quem estar&aacute; colaborando nesta cobertura, que est&aacute; articulada e tem diferentes plataformas trabalhando em conjunto. Est&aacute; C&uacute;pula que entra em contraste com a outra, que &eacute; a da minoria, a nossa ser&aacute; a dos mais, os mais pobres tamb&eacute;m, etc. Mas os comunicadores ter&atilde;o essa tarefa militante de romper esse latif&uacute;ndio da m&iacute;dia, que existe no Brasil e no mundo.<\/p>\n<p>RF &ndash; A localiza&ccedil;&atilde;o e forma de participar das atividades, temas, agendas das reuni&otilde;es de pauta que teremos em conjunto, v&atilde;o estar no site da C&uacute;pula dos Povos. Toda a informa&ccedil;&atilde;o da comunica&ccedil;&atilde;o e de como a m&iacute;dia alternativa e os movimentos v&atilde;o trabalhar est&aacute; no site.<\/p>\n","protected":false},"excerpt":{"rendered":"<p>Em entrevista para o Fazendo Media, Pablo Kunich e Rita Freire,  articuladores da comunica&ccedil;&atilde;o na C&uacute;pula dos Povos, falam sobre a cobertura colaborativa do encontro e o papel dos meios populares.  <\/p>\n","protected":false},"author":1,"featured_media":0,"comment_status":"open","ping_status":"open","sticky":false,"template":"","format":"standard","meta":{"footnotes":""},"categories":[43],"tags":[1688],"_links":{"self":[{"href":"https:\/\/obscom.intervozes.org.br\/index.php?rest_route=\/wp\/v2\/posts\/26872"}],"collection":[{"href":"https:\/\/obscom.intervozes.org.br\/index.php?rest_route=\/wp\/v2\/posts"}],"about":[{"href":"https:\/\/obscom.intervozes.org.br\/index.php?rest_route=\/wp\/v2\/types\/post"}],"author":[{"embeddable":true,"href":"https:\/\/obscom.intervozes.org.br\/index.php?rest_route=\/wp\/v2\/users\/1"}],"replies":[{"embeddable":true,"href":"https:\/\/obscom.intervozes.org.br\/index.php?rest_route=%2Fwp%2Fv2%2Fcomments&post=26872"}],"version-history":[{"count":0,"href":"https:\/\/obscom.intervozes.org.br\/index.php?rest_route=\/wp\/v2\/posts\/26872\/revisions"}],"wp:attachment":[{"href":"https:\/\/obscom.intervozes.org.br\/index.php?rest_route=%2Fwp%2Fv2%2Fmedia&parent=26872"}],"wp:term":[{"taxonomy":"category","embeddable":true,"href":"https:\/\/obscom.intervozes.org.br\/index.php?rest_route=%2Fwp%2Fv2%2Fcategories&post=26872"},{"taxonomy":"post_tag","embeddable":true,"href":"https:\/\/obscom.intervozes.org.br\/index.php?rest_route=%2Fwp%2Fv2%2Ftags&post=26872"}],"curies":[{"name":"wp","href":"https:\/\/api.w.org\/{rel}","templated":true}]}}