{"id":26868,"date":"2012-05-10T18:27:53","date_gmt":"2012-05-10T18:27:53","guid":{"rendered":"https:\/\/obscom.intervozes.org.br\/wordpress\/?p=26868"},"modified":"2012-05-10T18:27:53","modified_gmt":"2012-05-10T18:27:53","slug":"anatel-abre-consulta-publica-para-debater-reestruturacao","status":"publish","type":"post","link":"https:\/\/obscom.intervozes.org.br\/?p=26868","title":{"rendered":"Anatel abre consulta p\u00fablica para debater reestrutura\u00e7\u00e3o"},"content":{"rendered":"<p><span class=\"padrao\"><strong>Reda&ccedil;&atilde;o &#8211; Converg&ecirc;ncia Digital<\/strong><\/p>\n<p>A Anatel abriu, at&eacute; 6\/7, consulta p&uacute;blica para colher sugest&otilde;es sobre a proposta de novo regimento interno da ag&ecirc;ncia &ndash; que, na pr&aacute;tica, inaugura a reestrutura&ccedil;&atilde;o do &oacute;rg&atilde;o regulador ao substituir o sistema atual por uma nova subdivis&atilde;o de tarefas. Em ess&ecirc;ncia, a Anatel prop&otilde;e a substitui&ccedil;&atilde;o da regula&ccedil;&atilde;o com base em servi&ccedil;os por uma sustentada em processos.<\/p>\n<p>Com isso, uma das mudan&ccedil;as &eacute; a troca da atual estrutura por oito novas superintend&ecirc;ncias, o que tamb&eacute;m atinge os escrit&oacute;rios regionais da ag&ecirc;ncia. Assim, a nova organiza&ccedil;&atilde;o prev&ecirc; as superintend&ecirc;ncias de Planejamento Regulat&oacute;rio; Outorga e Recursos &agrave; Presta&ccedil;&atilde;o; Fiscaliza&ccedil;&atilde;o; Controle de Obriga&ccedil;&otilde;es; Competi&ccedil;&atilde;o; Rela&ccedil;&atilde;o com Consumidores; Gest&atilde;o Interna; e Administra&ccedil;&atilde;o e Finan&ccedil;as. O texto completo da proposta pode ser acessado na p&aacute;gina da Anatel na Internet (www.anatel.gov.br), onde &eacute; poss&iacute;vel fazer sugest&otilde;es. Outro caminho &eacute; por e-mail (biblioteca@anatel.gov.br) ou carta, para a sede da ag&ecirc;ncia em Bras&iacute;lia &ndash; nesse caso, at&eacute; 4\/7. Tamb&eacute;m ser&aacute; realizada uma audi&ecirc;ncia p&uacute;blica, em Bras&iacute;lia.<\/span><\/p>\n","protected":false},"excerpt":{"rendered":"<p>Reda&ccedil;&atilde;o &#8211; Converg&ecirc;ncia Digital A Anatel abriu, at&eacute; 6\/7, consulta p&uacute;blica para colher sugest&otilde;es sobre a proposta de novo regimento interno da ag&ecirc;ncia &ndash; que, na pr&aacute;tica, inaugura a reestrutura&ccedil;&atilde;o do &oacute;rg&atilde;o regulador ao substituir o sistema atual por uma nova subdivis&atilde;o de tarefas. Em ess&ecirc;ncia, a Anatel prop&otilde;e a substitui&ccedil;&atilde;o da regula&ccedil;&atilde;o com base &hellip; <a href=\"https:\/\/obscom.intervozes.org.br\/?p=26868\" class=\"more-link\">Continue lendo <span class=\"screen-reader-text\">Anatel abre consulta p\u00fablica para debater reestrutura\u00e7\u00e3o<\/span> <span class=\"meta-nav\">&rarr;<\/span><\/a><\/p>\n","protected":false},"author":1,"featured_media":0,"comment_status":"open","ping_status":"open","sticky":false,"template":"","format":"standard","meta":{"footnotes":""},"categories":[39],"tags":[],"_links":{"self":[{"href":"https:\/\/obscom.intervozes.org.br\/index.php?rest_route=\/wp\/v2\/posts\/26868"}],"collection":[{"href":"https:\/\/obscom.intervozes.org.br\/index.php?rest_route=\/wp\/v2\/posts"}],"about":[{"href":"https:\/\/obscom.intervozes.org.br\/index.php?rest_route=\/wp\/v2\/types\/post"}],"author":[{"embeddable":true,"href":"https:\/\/obscom.intervozes.org.br\/index.php?rest_route=\/wp\/v2\/users\/1"}],"replies":[{"embeddable":true,"href":"https:\/\/obscom.intervozes.org.br\/index.php?rest_route=%2Fwp%2Fv2%2Fcomments&post=26868"}],"version-history":[{"count":0,"href":"https:\/\/obscom.intervozes.org.br\/index.php?rest_route=\/wp\/v2\/posts\/26868\/revisions"}],"wp:attachment":[{"href":"https:\/\/obscom.intervozes.org.br\/index.php?rest_route=%2Fwp%2Fv2%2Fmedia&parent=26868"}],"wp:term":[{"taxonomy":"category","embeddable":true,"href":"https:\/\/obscom.intervozes.org.br\/index.php?rest_route=%2Fwp%2Fv2%2Fcategories&post=26868"},{"taxonomy":"post_tag","embeddable":true,"href":"https:\/\/obscom.intervozes.org.br\/index.php?rest_route=%2Fwp%2Fv2%2Ftags&post=26868"}],"curies":[{"name":"wp","href":"https:\/\/api.w.org\/{rel}","templated":true}]}}