{"id":26863,"date":"2012-05-10T17:35:29","date_gmt":"2012-05-10T17:35:29","guid":{"rendered":"https:\/\/obscom.intervozes.org.br\/wordpress\/?p=26863"},"modified":"2012-05-10T17:35:29","modified_gmt":"2012-05-10T17:35:29","slug":"frentecom-articula-regulacao-da-comunicacao-publica","status":"publish","type":"post","link":"https:\/\/obscom.intervozes.org.br\/?p=26863","title":{"rendered":"Frentecom articula regula\u00e7\u00e3o da comunica\u00e7\u00e3o p\u00fablica"},"content":{"rendered":"<p><span class=\"padrao\">A Frente Parlamentar pela Liberdade de Express&atilde;o e o Direito &agrave; Comunica&ccedil;&atilde;o com Participa&ccedil;&atilde;o Popular (Frentecom) realizou na &uacute;ltima ter&ccedil;a (8), na C&acirc;mara dos Deputados, audi&ecirc;ncia p&uacute;blica com representantes do governo federal, emissoras p&uacute;blicas e a sociedade civil. A audi&ecirc;ncia buscou dar prosseguimento &agrave;s propostas resultantes do Semin&aacute;rio Internacional Regula&ccedil;&atilde;o da Comunica&ccedil;&atilde;o P&uacute;blica, ocorrido em mar&ccedil;o em Bras&iacute;lia.<\/p>\n<p>O presidente da Empresa Brasil de Comunica&ccedil;&atilde;o (EBC), Nelson Breve,apontou a necessidade de se avan&ccedil;ar nas propostas de regula&ccedil;&atilde;o da m&iacute;dia p&uacute;blica. Para Breve, as propostas devem garantir a reserva de canais para as emissoras do campo p&uacute;blico. &quot;Primeira quest&atilde;o &eacute; ter espa&ccedil;o no espectro. Sem isso, de nada adianta financiamento e estrutura&quot;, afirma Breve.<\/p>\n<p>O assessor do Minist&eacute;rio das Comunica&ccedil;&otilde;es James G&ouml;rgen afirmou que apenas nas capitais existe um problema do espectro, sendo que no restante do pa&iacute;s existe um &quot;latif&uacute;ndio&quot; de canais. &quot;A gente tem que pensar o que &eacute; melhor: ter uma reserva de espectro ou ter um plano nacional de outorgas que preveja os canais para a comunica&ccedil;&atilde;o p&uacute;blica, ou seja, vale a pena fazer uma gest&atilde;o melhor do espectro&quot;, apontou G&ouml;rgen.<\/p>\n<p>Outra quest&atilde;o apontada no debate &eacute; a necessidade de ampliar fontes de financiamento para o campo p&uacute;blico. A presidente do Conselho Curador da EBC, Ana Fleck, avaliou que o modelo atual entra em confronto com a necessidade de autonomia das m&iacute;dias p&uacute;blicas. &quot;Temos que caminhar para um modelo de menos depend&ecirc;ncia dos recursos estatais&quot;, sugeriu Fleck.<\/p>\n<p>Nelson Breve afirmou a necessidade de libera&ccedil;&atilde;o da Contribui&ccedil;&atilde;o da Radiodifus&atilde;o P&uacute;blica que j&aacute; soma R$ 1,25 bilh&atilde;o e que continua bloqueada pela justi&ccedil;a a partir de uma a&ccedil;&atilde;o contestat&oacute;ria das empresas de telecomunica&ccedil;&otilde;es. Gilberto Rios, secret&aacute;rio-executivo da Associa&ccedil;&atilde;o Brasileira das Emissoras P&uacute;blicas, Educativas e Culturais (Abepec), apontou a necessidade de se discutir os recursos previstos pela nova lei de TV por assinatura, cerca de R$ 600 milh&otilde;es, para o est&iacute;mulo da produ&ccedil;&atilde;o das emissoras deste campo.<\/p>\n<p>Independ&ecirc;ncia<\/p>\n<p>O presidente da EBC entende que a participa&ccedil;&atilde;o social na gest&atilde;o da comunica&ccedil;&atilde;o p&uacute;blica &eacute; uma forma de garantir a autonomia das emissoras. &ldquo;Se a comunica&ccedil;&atilde;o p&uacute;blica n&atilde;o for independente, ela n&atilde;o vai prestar o servi&ccedil;o para o qual foi criado&quot;, afirmou. Para o presidente da Associa&ccedil;&atilde;o de R&aacute;dios P&uacute;blicas do Brasil (Arpub), Mario Sartorelo, &quot;a regula&ccedil;&atilde;o deve levar em considera&ccedil;&atilde;o os mecanismos de controle social, que possam garantir a independ&ecirc;ncia das emissoras p&uacute;blicas&quot;.<\/p>\n<p>A deputada e coordenadora da Frentecom, Luiza Erundina (PSB-SP), refor&ccedil;ou a necessidade da mobiliza&ccedil;&atilde;o da sociedade para mudan&ccedil;as na legisla&ccedil;&atilde;o da comunica&ccedil;&atilde;o p&uacute;blica. Ela, mais uma vez, criticou o desinteresse da C&acirc;mara pela tem&aacute;tica &quot;O marco regulat&oacute;rio s&oacute; ir&aacute; passar nesta Casa se a sociedade organizada pressionar os parlamentares e constru&iacute;rem um cen&aacute;rio favor&aacute;vel&quot;.<\/p>\n<p>Canais da Cultura e Educa&ccedil;&atilde;o<\/p>\n<p>As entidades presentes solicitaram que o Minist&eacute;rio da Cultura e o Minist&eacute;rio da Educa&ccedil;&atilde;o iniciem uma discuss&atilde;o com a sociedade sobre a regulamenta&ccedil;&atilde;o dos respectivos canais da Educa&ccedil;&atilde;o e Cultura previstos no Decreto 5.820\/06, que estabeleceu o Sistema Brasileiro de TV Digital.<\/p>\n<p>A representante da Frente Nacional pela Valoriza&ccedil;&atilde;o das TVs do Campo P&uacute;blico (Frenavatec) Alice Campos cobrou a participa&ccedil;&atilde;o mais efetiva do Minist&eacute;rio da Cultura nas discuss&otilde;es sobre a comunica&ccedil;&atilde;o p&uacute;blica, principalmente nas discuss&otilde;es sobre o canal ligado &agrave; pasta. O representante do Minist&eacute;rio da Cultura Thiago Cremaso disse que j&aacute; est&aacute; sendo preparado um piloto de webtv de proje&ccedil;&atilde;o do canal.<\/p>\n<p>O assessor parlamentar do Minist&eacute;rio da Educa&ccedil;&atilde;o (MEC), Rog&eacute;rio dos Anjos, reconheceu que &eacute; preciso ampliar o debate dentro da pasta. Ele citou a rede de TVs universit&aacute;rias federais, al&eacute;m de experi&ecirc;ncias de informatiza&ccedil;&atilde;o das escolas, como um passo inicial para o debate. M&aacute;rio Sartorello cobrou do MEC a formula&ccedil;&atilde;o de sua pol&iacute;tica de comunica&ccedil;&atilde;o. O presidente da Arpub relatou que hoje v&aacute;rias universidades e institutos federais de ensino est&atilde;o com novos pedidos de concess&atilde;o para r&aacute;dios e TVs educativas e o minist&eacute;rio n&atilde;o tem nenhuma formula&ccedil;&atilde;o sobre o tema.<\/p>\n<p>F&oacute;rum de Comunica&ccedil;&atilde;o P&uacute;blica<\/p>\n<p>Uma das propostas do Semin&aacute;rio Internacional foi a realiza&ccedil;&atilde;o do 1&ordm; F&oacute;rum Nacional do Campo P&uacute;blico de Comunica&ccedil;&atilde;o, inspirado nos F&oacute;runs de TV e r&aacute;dio p&uacute;blica. A proposta busca consolidar os entendimentos entre governo, sociedade e academia para uma nova regula&ccedil;&atilde;o para o setor que articule com as propostas de um novo marco regulat&oacute;rio das comunica&ccedil;&otilde;es. Os participantes da audi&ecirc;ncia refor&ccedil;aram a necessidade de iniciar a organiza&ccedil;&atilde;o do F&oacute;rum de forma articulada com a mobiliza&ccedil;&atilde;o por uma nova regula&ccedil;&atilde;o da comunica&ccedil;&atilde;o.<\/p>\n<p>Para a coordenadora do F&oacute;rum Nacional pela Democratiza&ccedil;&atilde;o da Comunica&ccedil;&atilde;o (FNDC), Rosane Bertotti, a EBC tem um papel central da EBC na formata&ccedil;&atilde;o do F&oacute;rum Nacional do Campo P&uacute;blico de Comunica&ccedil;&atilde;o, j&aacute; que &eacute; a experi&ecirc;ncia mais consolidada de comunica&ccedil;&atilde;o p&uacute;blica no pa&iacute;s. Rosane refor&ccedil;ou que tanto este novo f&oacute;rum, como a campanha que os movimentos sociais est&atilde;o lan&ccedil;ando em defesa da liberdade de express&atilde;o, deve ter o papel de aproximar o debate da comunica&ccedil;&atilde;o com a sociedade.<\/span><\/p>\n","protected":false},"excerpt":{"rendered":"<p>A Frente Parlamentar pela Liberdade de Express&atilde;o e o Direito &agrave;  Comunica&ccedil;&atilde;o com Participa&ccedil;&atilde;o Popular (Frentecom) realizou audi&ecirc;ncia para debater as propostas do semin&aacute;rio internacional. <\/p>\n","protected":false},"author":1,"featured_media":0,"comment_status":"open","ping_status":"open","sticky":false,"template":"","format":"standard","meta":{"footnotes":""},"categories":[40],"tags":[1595],"_links":{"self":[{"href":"https:\/\/obscom.intervozes.org.br\/index.php?rest_route=\/wp\/v2\/posts\/26863"}],"collection":[{"href":"https:\/\/obscom.intervozes.org.br\/index.php?rest_route=\/wp\/v2\/posts"}],"about":[{"href":"https:\/\/obscom.intervozes.org.br\/index.php?rest_route=\/wp\/v2\/types\/post"}],"author":[{"embeddable":true,"href":"https:\/\/obscom.intervozes.org.br\/index.php?rest_route=\/wp\/v2\/users\/1"}],"replies":[{"embeddable":true,"href":"https:\/\/obscom.intervozes.org.br\/index.php?rest_route=%2Fwp%2Fv2%2Fcomments&post=26863"}],"version-history":[{"count":0,"href":"https:\/\/obscom.intervozes.org.br\/index.php?rest_route=\/wp\/v2\/posts\/26863\/revisions"}],"wp:attachment":[{"href":"https:\/\/obscom.intervozes.org.br\/index.php?rest_route=%2Fwp%2Fv2%2Fmedia&parent=26863"}],"wp:term":[{"taxonomy":"category","embeddable":true,"href":"https:\/\/obscom.intervozes.org.br\/index.php?rest_route=%2Fwp%2Fv2%2Fcategories&post=26863"},{"taxonomy":"post_tag","embeddable":true,"href":"https:\/\/obscom.intervozes.org.br\/index.php?rest_route=%2Fwp%2Fv2%2Ftags&post=26863"}],"curies":[{"name":"wp","href":"https:\/\/api.w.org\/{rel}","templated":true}]}}