{"id":26855,"date":"2012-05-03T15:11:28","date_gmt":"2012-05-03T15:11:28","guid":{"rendered":"https:\/\/obscom.intervozes.org.br\/wordpress\/?p=26855"},"modified":"2014-09-07T03:02:37","modified_gmt":"2014-09-07T03:02:37","slug":"seminario-desafios-da-liberdade-de-expressao-sera-transmitido-pela-internet-nesta-sexta-45","status":"publish","type":"post","link":"https:\/\/obscom.intervozes.org.br\/?p=26855","title":{"rendered":"Semin\u00e1rio &#8220;Desafios da Liberdade de Express\u00e3o&#8221; ser\u00e1 transmitido pela internet nesta sexta (4\/5)"},"content":{"rendered":"<p><strong>Reda&ccedil;&atilde;o &#8211; Observat&oacute;rio do Direito &agrave; Comunica&ccedil;&atilde;o<\/strong><span class=\"padrao\"><\/p>\n<p>Nesta sexta, 4\/5, ser&aacute; realizado em S&atilde;o Paulo o <a href=\"http:\/\/localhost\/intervozes_direitoacomunicacao\/wordpress\/?p=26853\" target=\"_blank\">semin&aacute;rio &quot;Desafios da Liberdade de Express&atilde;o<\/a> &quot;. O evento ser&aacute; transmitido pela internet no endere&ccedil;o http:\/\/www.ustream.tv\/channel\/fndc e contar&aacute; com intera&ccedil;&atilde;o com o p&uacute;blico no chat dispon&iacute;vel na p&aacute;gina.<br \/>&nbsp;<br \/>O semin&aacute;rio ter&aacute; como objetivo construir uma campanha da sociedade civil em defesa da liberdade de express&atilde;o e por um novo marco regulat&oacute;rio para as comunica&ccedil;&otilde;es. O evento ocorrer&aacute; de 9h &agrave;s 17h30 no Sindicato dos Engenheiro (na rua Genebra, 25 &#8211; Centro).<\/p>\n<p><em>Com informa&ccedil;&otilde;es do FNDC<\/em><br \/><\/span><\/p>\n","protected":false},"excerpt":{"rendered":"<p>Reda&ccedil;&atilde;o &#8211; Observat&oacute;rio do Direito &agrave; Comunica&ccedil;&atilde;o Nesta sexta, 4\/5, ser&aacute; realizado em S&atilde;o Paulo o semin&aacute;rio &quot;Desafios da Liberdade de Express&atilde;o &quot;. O evento ser&aacute; transmitido pela internet no endere&ccedil;o http:\/\/www.ustream.tv\/channel\/fndc e contar&aacute; com intera&ccedil;&atilde;o com o p&uacute;blico no chat dispon&iacute;vel na p&aacute;gina.&nbsp;O semin&aacute;rio ter&aacute; como objetivo construir uma campanha da sociedade civil em &hellip; <a href=\"https:\/\/obscom.intervozes.org.br\/?p=26855\" class=\"more-link\">Continue lendo <span class=\"screen-reader-text\">Semin\u00e1rio &#8220;Desafios da Liberdade de Express\u00e3o&#8221; ser\u00e1 transmitido pela internet nesta sexta (4\/5)<\/span> <span class=\"meta-nav\">&rarr;<\/span><\/a><\/p>\n","protected":false},"author":1,"featured_media":0,"comment_status":"open","ping_status":"open","sticky":false,"template":"","format":"standard","meta":{"footnotes":""},"categories":[39],"tags":[],"_links":{"self":[{"href":"https:\/\/obscom.intervozes.org.br\/index.php?rest_route=\/wp\/v2\/posts\/26855"}],"collection":[{"href":"https:\/\/obscom.intervozes.org.br\/index.php?rest_route=\/wp\/v2\/posts"}],"about":[{"href":"https:\/\/obscom.intervozes.org.br\/index.php?rest_route=\/wp\/v2\/types\/post"}],"author":[{"embeddable":true,"href":"https:\/\/obscom.intervozes.org.br\/index.php?rest_route=\/wp\/v2\/users\/1"}],"replies":[{"embeddable":true,"href":"https:\/\/obscom.intervozes.org.br\/index.php?rest_route=%2Fwp%2Fv2%2Fcomments&post=26855"}],"version-history":[{"count":1,"href":"https:\/\/obscom.intervozes.org.br\/index.php?rest_route=\/wp\/v2\/posts\/26855\/revisions"}],"predecessor-version":[{"id":28290,"href":"https:\/\/obscom.intervozes.org.br\/index.php?rest_route=\/wp\/v2\/posts\/26855\/revisions\/28290"}],"wp:attachment":[{"href":"https:\/\/obscom.intervozes.org.br\/index.php?rest_route=%2Fwp%2Fv2%2Fmedia&parent=26855"}],"wp:term":[{"taxonomy":"category","embeddable":true,"href":"https:\/\/obscom.intervozes.org.br\/index.php?rest_route=%2Fwp%2Fv2%2Fcategories&post=26855"},{"taxonomy":"post_tag","embeddable":true,"href":"https:\/\/obscom.intervozes.org.br\/index.php?rest_route=%2Fwp%2Fv2%2Ftags&post=26855"}],"curies":[{"name":"wp","href":"https:\/\/api.w.org\/{rel}","templated":true}]}}