{"id":26852,"date":"2012-04-27T16:11:48","date_gmt":"2012-04-27T16:11:48","guid":{"rendered":"https:\/\/obscom.intervozes.org.br\/wordpress\/?p=26852"},"modified":"2012-04-27T16:11:48","modified_gmt":"2012-04-27T16:11:48","slug":"amarc-incia-ciclo-de-seminarios-sobre-a-regulacao-da-comunicacao-comunitaria","status":"publish","type":"post","link":"https:\/\/obscom.intervozes.org.br\/?p=26852","title":{"rendered":"Amarc incia ciclo de semin\u00e1rios sobre a regula\u00e7\u00e3o da comunica\u00e7\u00e3o comunit\u00e1ria"},"content":{"rendered":"<p><span class=\"padrao\"><strong>Reda&ccedil;&atilde;o &#8211; Observat&oacute;rio do Direito &agrave; Comunica&ccedil;&atilde;o<\/strong><\/p>\n<p>A Associa&ccedil;&atilde;o Mundial de R&aacute;dios Comunit&aacute;rias (Amarc Brasil) inicia neste s&aacute;bado (28), em Fortaleza (CE), o ciclo de semin&aacute;rios &ldquo;Uma nova lei para as r&aacute;dios comunit&aacute;rias: marco regulat&oacute;rio e direito &agrave; comunica&ccedil;&atilde;o&rdquo;. O evento busca capacitar a sociedade civil para o debate sobre a comunica&ccedil;&atilde;o comunit&aacute;ria na nova proposta de regula&ccedil;&atilde;o da m&iacute;dia. <\/p>\n<p>O ciclo de semin&aacute;rios ir&aacute; percorrer as cinco regi&otilde;es do pa&iacute;s at&eacute; novembro, quando ser&aacute; entregue ao goveno federal um documento com porpostas elaborado pelos participantes. A etapa Nordeste ser&aacute; realizada no audit&oacute;rio Rachel Queiroz do Centro de Humanidades da Universidade Federal do Cear&aacute; (UFC). Mais informa&ccedil;&otilde;es no e-mail seminarioamarc@gmail.com .<\/p>\n<p><em>Com informa&ccedil;&otilde;es da Ag&ecirc;ncia Pulsar<\/em><\/span><\/p>\n","protected":false},"excerpt":{"rendered":"<p>Reda&ccedil;&atilde;o &#8211; Observat&oacute;rio do Direito &agrave; Comunica&ccedil;&atilde;o A Associa&ccedil;&atilde;o Mundial de R&aacute;dios Comunit&aacute;rias (Amarc Brasil) inicia neste s&aacute;bado (28), em Fortaleza (CE), o ciclo de semin&aacute;rios &ldquo;Uma nova lei para as r&aacute;dios comunit&aacute;rias: marco regulat&oacute;rio e direito &agrave; comunica&ccedil;&atilde;o&rdquo;. O evento busca capacitar a sociedade civil para o debate sobre a comunica&ccedil;&atilde;o comunit&aacute;ria na nova &hellip; <a href=\"https:\/\/obscom.intervozes.org.br\/?p=26852\" class=\"more-link\">Continue lendo <span class=\"screen-reader-text\">Amarc incia ciclo de semin\u00e1rios sobre a regula\u00e7\u00e3o da comunica\u00e7\u00e3o comunit\u00e1ria<\/span> <span class=\"meta-nav\">&rarr;<\/span><\/a><\/p>\n","protected":false},"author":1,"featured_media":0,"comment_status":"open","ping_status":"open","sticky":false,"template":"","format":"standard","meta":{"footnotes":""},"categories":[39],"tags":[],"_links":{"self":[{"href":"https:\/\/obscom.intervozes.org.br\/index.php?rest_route=\/wp\/v2\/posts\/26852"}],"collection":[{"href":"https:\/\/obscom.intervozes.org.br\/index.php?rest_route=\/wp\/v2\/posts"}],"about":[{"href":"https:\/\/obscom.intervozes.org.br\/index.php?rest_route=\/wp\/v2\/types\/post"}],"author":[{"embeddable":true,"href":"https:\/\/obscom.intervozes.org.br\/index.php?rest_route=\/wp\/v2\/users\/1"}],"replies":[{"embeddable":true,"href":"https:\/\/obscom.intervozes.org.br\/index.php?rest_route=%2Fwp%2Fv2%2Fcomments&post=26852"}],"version-history":[{"count":0,"href":"https:\/\/obscom.intervozes.org.br\/index.php?rest_route=\/wp\/v2\/posts\/26852\/revisions"}],"wp:attachment":[{"href":"https:\/\/obscom.intervozes.org.br\/index.php?rest_route=%2Fwp%2Fv2%2Fmedia&parent=26852"}],"wp:term":[{"taxonomy":"category","embeddable":true,"href":"https:\/\/obscom.intervozes.org.br\/index.php?rest_route=%2Fwp%2Fv2%2Fcategories&post=26852"},{"taxonomy":"post_tag","embeddable":true,"href":"https:\/\/obscom.intervozes.org.br\/index.php?rest_route=%2Fwp%2Fv2%2Ftags&post=26852"}],"curies":[{"name":"wp","href":"https:\/\/api.w.org\/{rel}","templated":true}]}}