{"id":26849,"date":"2012-04-27T15:24:46","date_gmt":"2012-04-27T15:24:46","guid":{"rendered":"https:\/\/obscom.intervozes.org.br\/wordpress\/?p=26849"},"modified":"2012-04-27T15:24:46","modified_gmt":"2012-04-27T15:24:46","slug":"o-ministro-das-comunicacoes-paulo-bernardo-afirmou-que-a-regiao-norte-e-prioridade-no-pnbl","status":"publish","type":"post","link":"https:\/\/obscom.intervozes.org.br\/?p=26849","title":{"rendered":"O ministro das Comunica\u00e7\u00f5es, Paulo Bernardo, afirmou que a Regi\u00e3o Norte \u00e9 prioridade no PNBL"},"content":{"rendered":"<p><span class=\"padrao\">Em entrevista, ele afirmou que a internet na regi&atilde;o n&atilde;o &eacute; boa. &quot;As cr&iacute;ticas e reclama&ccedil;&otilde;es em rela&ccedil;&atilde;o a internet aqui s&atilde;o justas, temos uma defasagem muito grande na Regi&atilde;o Norte. At&eacute; no Nordeste, que n&atilde;o &eacute; t&atilde;o bem servido em termos de estrutura quanto o Sudeste ou o Sul, a internet &eacute; melhor. A regi&atilde;o &eacute; prioridade no Plano de Banda Larga e &eacute; preciso correr para tirar o atraso da regi&atilde;o&quot;, declarou.<\/p>\n<p>Ele ressaltou as dificuldades de infraestrutura da regi&atilde;o e disse apostar no projeto do Linh&atilde;o de Tucuru&iacute; para trazer internet de qualidade para o Amazonas at&eacute; 2013. &quot;Tamb&eacute;m fizemos acordos entre a Telebras e empresas privadas para usar a fibra &oacute;tica j&aacute; instalada no trecho entre Manaus e Coari. As cidades nesse trecho ser&atilde;o beneficiadas. Quem sabe at&eacute; 2013 as pessoas param de reclamar que aqui n&atilde;o tem internet&quot;, disse Paulo Bernardo.<\/p>\n<p>O Governo Federal investiu R$ 66,5 milh&otilde;es para a conclus&atilde;o do projeto. O ministro anunciou tamb&eacute;m que o projeto da constru&ccedil;&atilde;o de um sat&eacute;lite para levar banda larga &agrave; regi&otilde;es mais afastadas dos grandes centros j&aacute; foi aprovado pela presidenta Dilma e est&aacute; em andamento.<\/span><\/p>\n","protected":false},"excerpt":{"rendered":"<p>Em entrevista, ele afirmou que a internet na regi&atilde;o n&atilde;o &eacute; boa. &quot;As cr&iacute;ticas e reclama&ccedil;&otilde;es em rela&ccedil;&atilde;o a internet aqui s&atilde;o justas, temos uma defasagem muito grande na Regi&atilde;o Norte. At&eacute; no Nordeste, que n&atilde;o &eacute; t&atilde;o bem servido em termos de estrutura quanto o Sudeste ou o Sul, a internet &eacute; melhor. A &hellip; <a href=\"https:\/\/obscom.intervozes.org.br\/?p=26849\" class=\"more-link\">Continue lendo <span class=\"screen-reader-text\">O ministro das Comunica\u00e7\u00f5es, Paulo Bernardo, afirmou que a Regi\u00e3o Norte \u00e9 prioridade no PNBL<\/span> <span class=\"meta-nav\">&rarr;<\/span><\/a><\/p>\n","protected":false},"author":1,"featured_media":0,"comment_status":"open","ping_status":"open","sticky":false,"template":"","format":"standard","meta":{"footnotes":""},"categories":[40],"tags":[545],"_links":{"self":[{"href":"https:\/\/obscom.intervozes.org.br\/index.php?rest_route=\/wp\/v2\/posts\/26849"}],"collection":[{"href":"https:\/\/obscom.intervozes.org.br\/index.php?rest_route=\/wp\/v2\/posts"}],"about":[{"href":"https:\/\/obscom.intervozes.org.br\/index.php?rest_route=\/wp\/v2\/types\/post"}],"author":[{"embeddable":true,"href":"https:\/\/obscom.intervozes.org.br\/index.php?rest_route=\/wp\/v2\/users\/1"}],"replies":[{"embeddable":true,"href":"https:\/\/obscom.intervozes.org.br\/index.php?rest_route=%2Fwp%2Fv2%2Fcomments&post=26849"}],"version-history":[{"count":0,"href":"https:\/\/obscom.intervozes.org.br\/index.php?rest_route=\/wp\/v2\/posts\/26849\/revisions"}],"wp:attachment":[{"href":"https:\/\/obscom.intervozes.org.br\/index.php?rest_route=%2Fwp%2Fv2%2Fmedia&parent=26849"}],"wp:term":[{"taxonomy":"category","embeddable":true,"href":"https:\/\/obscom.intervozes.org.br\/index.php?rest_route=%2Fwp%2Fv2%2Fcategories&post=26849"},{"taxonomy":"post_tag","embeddable":true,"href":"https:\/\/obscom.intervozes.org.br\/index.php?rest_route=%2Fwp%2Fv2%2Ftags&post=26849"}],"curies":[{"name":"wp","href":"https:\/\/api.w.org\/{rel}","templated":true}]}}