{"id":26836,"date":"2012-04-23T18:40:53","date_gmt":"2012-04-23T18:40:53","guid":{"rendered":"https:\/\/obscom.intervozes.org.br\/wordpress\/?p=26836"},"modified":"2012-04-23T18:40:53","modified_gmt":"2012-04-23T18:40:53","slug":"governo-do-df-planeja-seminario-sobre-politicas-de-comunicacao","status":"publish","type":"post","link":"https:\/\/obscom.intervozes.org.br\/?p=26836","title":{"rendered":"Governo do DF planeja semin\u00e1rio sobre pol\u00edticas de comunica\u00e7\u00e3o"},"content":{"rendered":"<p><span class=\"padrao\"><strong>Reda&ccedil;&atilde;o &#8211; Observat&oacute;rio do Direito &agrave; Comunica&ccedil;&atilde;o<\/strong><\/p>\n<p>A Secretaria de Comunica&ccedil;&atilde;o Social do Governo do Distrito Federal publicou hoje uma nova portaria designando os membros do Grupo de Trabalho para o 1&ordm; Semin&aacute;rio de Comunica&ccedil;&atilde;o do Distrito Federal. O evento ter&aacute; como objetivo discutir pol&iacute;tcas p&uacute;blicas de comunica&ccedil;&atilde;o em uma articula&ccedil;&atilde;o do governo com a sociedade civil. <\/p>\n<p>O Grupo de Trabalho contar&aacute; com representantes de diversas secretarias, representantes da C&acirc;mara Legislativa e de entidades da sociedade civil. As entidades foram indicadas pelo pr&oacute;prio movimento pela democratiza&ccedil;&atilde;o da comunica&ccedil;&atilde;o do DF e conta com a participa&ccedil;&atilde;o do Sindicato dos Jornalistas, Intervozes, Frente Nacional pela Valoriza&ccedil;&atilde;o das TVs do Campo P&uacute;blico, Associa&ccedil;&atilde;o Brasileira de Radiodifus&atilde;o Comunit&aacute;ria, Sindicato dos Trabalhadores em Telecomunica&ccedil;&otilde;es, Comiss&atilde;o de Jornalistas pela Igualdade Racial, Movimento Negro Unificado, Sindicato dos Radialistas, Laborat&oacute;rio de Pol&iacute;ticas de Comunica&ccedil;&atilde;o da UnB e a Executiva Nacional dos Estudantes de Comunica&ccedil;&atilde;o Social &ndash; Enecos.<\/p>\n<p>O governo j&aacute; tinha publicado um decreto em mar&ccedil;o estabelecendo a data do Semin&aacute;rio para 22 e 23 de junho de 2012.<br \/><\/span><\/p>\n","protected":false},"excerpt":{"rendered":"<p>Reda&ccedil;&atilde;o &#8211; Observat&oacute;rio do Direito &agrave; Comunica&ccedil;&atilde;o A Secretaria de Comunica&ccedil;&atilde;o Social do Governo do Distrito Federal publicou hoje uma nova portaria designando os membros do Grupo de Trabalho para o 1&ordm; Semin&aacute;rio de Comunica&ccedil;&atilde;o do Distrito Federal. O evento ter&aacute; como objetivo discutir pol&iacute;tcas p&uacute;blicas de comunica&ccedil;&atilde;o em uma articula&ccedil;&atilde;o do governo com a &hellip; <a href=\"https:\/\/obscom.intervozes.org.br\/?p=26836\" class=\"more-link\">Continue lendo <span class=\"screen-reader-text\">Governo do DF planeja semin\u00e1rio sobre pol\u00edticas de comunica\u00e7\u00e3o<\/span> <span class=\"meta-nav\">&rarr;<\/span><\/a><\/p>\n","protected":false},"author":1,"featured_media":0,"comment_status":"open","ping_status":"open","sticky":false,"template":"","format":"standard","meta":{"footnotes":""},"categories":[39],"tags":[],"_links":{"self":[{"href":"https:\/\/obscom.intervozes.org.br\/index.php?rest_route=\/wp\/v2\/posts\/26836"}],"collection":[{"href":"https:\/\/obscom.intervozes.org.br\/index.php?rest_route=\/wp\/v2\/posts"}],"about":[{"href":"https:\/\/obscom.intervozes.org.br\/index.php?rest_route=\/wp\/v2\/types\/post"}],"author":[{"embeddable":true,"href":"https:\/\/obscom.intervozes.org.br\/index.php?rest_route=\/wp\/v2\/users\/1"}],"replies":[{"embeddable":true,"href":"https:\/\/obscom.intervozes.org.br\/index.php?rest_route=%2Fwp%2Fv2%2Fcomments&post=26836"}],"version-history":[{"count":0,"href":"https:\/\/obscom.intervozes.org.br\/index.php?rest_route=\/wp\/v2\/posts\/26836\/revisions"}],"wp:attachment":[{"href":"https:\/\/obscom.intervozes.org.br\/index.php?rest_route=%2Fwp%2Fv2%2Fmedia&parent=26836"}],"wp:term":[{"taxonomy":"category","embeddable":true,"href":"https:\/\/obscom.intervozes.org.br\/index.php?rest_route=%2Fwp%2Fv2%2Fcategories&post=26836"},{"taxonomy":"post_tag","embeddable":true,"href":"https:\/\/obscom.intervozes.org.br\/index.php?rest_route=%2Fwp%2Fv2%2Ftags&post=26836"}],"curies":[{"name":"wp","href":"https:\/\/api.w.org\/{rel}","templated":true}]}}